{"id":10298,"date":"2014-12-14T12:59:42","date_gmt":"2014-12-14T11:59:42","guid":{"rendered":"http:\/\/www.andalan.es\/?p=10298"},"modified":"2022-03-02T17:05:51","modified_gmt":"2022-03-02T16:05:51","slug":"num-77-92-diciembre-de-2014","status":"publish","type":"post","link":"https:\/\/www.andalan.es\/?p=10298","title":{"rendered":"N\u00fam. 77-92 (diciembre de 2014)"},"content":{"rendered":"<p align=\"center\"><b style=\"line-height: 1.5em;\"><a href=\"http:\/\/www.andalan.es\/wp-content\/uploads\/democracia6.jpg\"><img decoding=\"async\" class=\"alignleft size-thumbnail wp-image-10210\" alt=\"democracia\" src=\"http:\/\/www.andalan.es\/wp-content\/uploads\/democracia6-150x150.jpg\" width=\"150\" height=\"150\" srcset=\"https:\/\/www.andalan.es\/wp-content\/uploads\/democracia6-25x25.jpg 25w, https:\/\/www.andalan.es\/wp-content\/uploads\/democracia6-66x66.jpg 66w, https:\/\/www.andalan.es\/wp-content\/uploads\/democracia6-150x150.jpg 150w, https:\/\/www.andalan.es\/wp-content\/uploads\/democracia6.jpg 300w\" sizes=\"(max-width: 150px) 100vw, 150px\" \/><\/a><\/b><\/p>\n<p align=\"center\"><b style=\"line-height: 1.5em;\">77<\/b><\/p>\n<p align=\"center\"><b>Una reforma de calado, Jaime Armengol*<\/b><\/p>\n<p align=\"center\">Las constituciones se defienden actualiz\u00e1ndolas, para lo que se necesitan consensos ciudadanos y pol\u00edticos decididos, capaces de ponderar la necesidad de los cambios sin precipitarse con los ritmos.<\/p>\n<p align=\"center\">El informe <i>Pautas para\u00a0una reforma constitucional. Informe para el debate<\/i>, publicado por Aranzadi-Civitas-Thomson Reuters. ha sido elaborado por el Instituto de Derecho Parlamentario de la Universidad Complutense de Madrid, en el que han participado una veintena de catedr\u00e1ticos de diversas facultades espa\u00f1olas y letrados de la administraci\u00f3n dirigidos por\u00a0Javier Garc\u00eda Roca, entre ellos los aragoneses\u00a0Julio L\u00f3pez Laborda\u00a0y\u00a0Jos\u00e9 Tudela. El edificio del Estado, construido en un \u00e1rbol de leyes y pr\u00e1cticas que presentan una ra\u00edz com\u00fan constitucional, necesita renovar sus consensos para seguir siendo garante de la convivencia. Y para conseguirlo, el an\u00e1lisis de los expertos es imprescindible.<\/p>\n<p align=\"center\">El trabajo realizado durante el \u00faltimo a\u00f1o y medio no solo es uno de los pocos que aborda la reforma de la ley de leyes, sino que por metodolog\u00eda y por clarividencia en la exposici\u00f3n es uno de los m\u00e1s serios y rigurosos realizados en los \u00faltimos a\u00f1os. En apenas 140 p\u00e1ginas sintetiza un prolijo trabajo de a\u00f1o y medio y sienta las bases sobre las que nuestros representantes p\u00fablicos, que ostentan la legitimidad de abordar el debate de la necesaria revisi\u00f3n constitucional, deber\u00edan adentrarse en tan espinosa materia.<\/p>\n<p align=\"center\"><a href=\"http:\/\/www.elperiodicodearagon.com\/noticias\/opinion\/reforma-calado_991597.html\">http:\/\/www.elperiodicodearagon.com\/noticias\/opinion\/reforma-calado_991597.html<\/a><\/p>\n<p align=\"center\"><b>78<\/b><\/p>\n<p align=\"center\"><b>Transparencia limitada, Juan Manuel Vidal Marcos<\/b><\/p>\n<p align=\"center\">Rajoy ha cumplido, con un a\u00f1o de retraso, la transparencia prometida por medio de un portal inform\u00e1tico que ir\u00e1 informando y retroaliment\u00e1ndose con las preguntas de los ciudadanos sobre materias que afectan a la administraci\u00f3n central. Se exigir\u00e1 identificaci\u00f3n v\u00eda DNI o clave de acceso. Los datos ser\u00e1n filtrados y respondidos en un plazo m\u00e1ximo de 30 d\u00edas.<\/p>\n<p align=\"center\">Los filtros antepuestos para los accesos suponen que no habr\u00e1 una v\u00eda r\u00e1pida a datos como subvenciones, convenios, costes de operaciones de las diferentes carteras, sueldos de representantes p\u00fablicos, actuaciones de la administraci\u00f3n y la agenda de sus responsables, etc., sino por medio de consultas telem\u00e1ticas a cada instituci\u00f3n que ser\u00e1n respondidas en un plazo m\u00e1ximo de 30 d\u00edas. Si la respuesta no llegase o fuera insatisfactoria, habr\u00e1 recurso ante el Consejo de la Transparencia, que aclarar\u00e1 las razones del retraso o la negativa a conceder el dato pedido, como los relativos a la seguridad del Estado y a sus servicios de informaci\u00f3n.<\/p>\n<p align=\"center\">\u00a1Qu\u00e9 demonios les importa a los ciudadanos lo que cobra tal o cual ministro, o aquel delegado del gobierno o ese embajador, si con ello no son m\u00e1s libres! Enteramente da la sensaci\u00f3n de que es m\u00e1s lo que se oculta que lo que se muestra, por tanto oscurantismo inicial, que esperemos se vaya diluyendo en vez de opacar a\u00fan m\u00e1s por temor a que \u201csepamos demasiado\u201d. \u00c9ste debe ser un portal informativo, no una revista de curiosidades o cotilleos sobre los emolumentos ajenos o los trapitos que se compran \u00e9ste, \u00e9sa o aquellos.<\/p>\n<p align=\"center\">Los ciudadanos tienen derecho a saber, a no vivir en la inopia ni en la ignorancia de las sombras p\u00fablicas. Somos m\u00e1s libres cuanta m\u00e1s informaci\u00f3n tenemos. Otra cosa es que destapemos las claves de nuestra seguridad, pero eso no lo hace nadie. No oculten las subvenciones p\u00fablicas, ni los gastos de los pol\u00edticos en viajes o comidas, ni las visitas a los ministerios, salvo que teman ayudas a amigos, viajes de placer o visitas de peque\u00f1os diablos \u00a1No la hagan y no la teman!<\/p>\n<p align=\"center\"><a href=\"http:\/\/www.eldiariofenix.com\/?q=content\/transparencia-limitada\">http:\/\/www.eldiariofenix.com\/?q=content\/transparencia-limitada<\/a><\/p>\n<p align=\"center\"><b>79<\/b><\/p>\n<p align=\"center\"><b>La pasta por delante (y por detr\u00e1s), Jes\u00fas Mara\u00f1a<\/b><\/p>\n<p align=\"center\">Ser\u00eda un absoluto fracaso del sistema llenar de ladrones las prisiones sin recuperar el dinero robado. Y esta sensaci\u00f3n est\u00e1 instalada porque los datos indican que\u00a0s\u00f3lo se consigue rescatar una parte de lo sustra\u00eddo por los corruptos.<\/p>\n<p align=\"center\">Una cosa es pasar una temporada en el talego, y otra devolver los millones de euros sustra\u00eddos al erario p\u00fablico con una constancia digna de mejor causa. Uno de los motivos por los que la corrupci\u00f3n pol\u00edtica aparece entre las\u00a0<a href=\"http:\/\/www.infolibre.es\/noticias\/politica\/2014\/12\/04\/la_preocupacion_por_corrupcion_dispara_segun_los_resultados_del_cis_24878_1012.html\" target=\"_blank\" rel=\"noopener\">m\u00e1ximas preocupaciones de los ciudadanos<\/a>\u00a0y multiplica el riesgo de que prenda la mecha social de la antipol\u00edtica es la convicci\u00f3n generalizada de que\u00a0los delitos de cuello blanco no se castigan lo suficiente, o reciben una penalizaci\u00f3n que compensa los riesgos asumidos al incumplir la ley. En otras palabras, los corruptos\u00a0\u201cse van casi de rositas\u201d y mantienen lo robado a buen recaudo.<\/p>\n<p>No es un problema genuinamente espa\u00f1ol. Matteo Renzi, primer ministro italiano,\u00a0<a href=\"http:\/\/www.infolibre.es\/noticias\/mundo\/2014\/12\/13\/renzi_propone_que_los_condenados_por_corrupcion_devuelvan_quot_hasta_ultimo_centimo_quot_25280_1022.html\" target=\"_blank\" rel=\"noopener\">acaba de proclamar<\/a>\u00a0que \u201cse han acabado los tiempos de las salidas gratis de prisi\u00f3n\u201d y ha anunciado una nueva ley que endurecer\u00e1 las penas contra la corrupci\u00f3n y obligar\u00e1 a los condenados a\u00a0\u201cdevolver hasta el \u00faltimo c\u00e9ntimo\u201d.<\/p>\n<p align=\"center\">Si se quiere de verdad luchar contra la corrupci\u00f3n,\u00a0es inexcusable abordar tres fases: la preventiva o de control, la de investigaci\u00f3n o persecuci\u00f3n de delitos y la de castigo y reparaci\u00f3n de los da\u00f1os causados.<\/p>\n<p align=\"center\"><a href=\"http:\/\/www.infolibre.es\/noticias\/opinion\/2014\/12\/14\/la_pasta_por_delante_por_detras_25313_1023.html\">http:\/\/www.infolibre.es\/noticias\/opinion\/2014\/12\/14\/la_pasta_por_delante_por_detras_25313_1023.html<\/a><\/p>\n<p align=\"center\"><b>80<\/b><\/p>\n<p align=\"center\"><b>\u00bfAznar de rositas? Historia de una revuelta c\u00edvica, Ciudadano p\u00e1salo<\/b><\/p>\n<p align=\"center\">La indignaci\u00f3n del Ciudadano P\u00e1salo se desbord\u00f3, sac\u00f3 su tel\u00e9fono m\u00f3vil del bolsillo, fue a la carpeta de mensajes guardados, rescat\u00f3 el de Aznar de Rositas y uno por uno de fue envi\u00e1ndolo a 17 personas, pero sin saber ni poder imaginar que aquel gesto iba a desencadenar un enorme gesto de dignidad.<\/p>\n<p align=\"center\">Aquellos cuatro d\u00edas de marzo de 2004 fueron vertiginosos, por el dolor, por la impotencia, por el miedo y la desprotecci\u00f3n, por la tristeza que fue una metralla emocional que arras\u00f3 cualquier quietud, por la mezquina gesti\u00f3n de un Gobierno que decidi\u00f3 tratar de conseguir \u00abun esca\u00f1o por cada muerto\u00bb, como se afirma que dijo en la sede de la calle G\u00e9nova un dirigente del PP, seg\u00fan el libro<i>,\u00a0Si yo fuera Presidente. Mariano Rajoy: una oposici\u00f3n a la Moncloa,<\/i>\u00a0de los periodistas Mar\u00eda Jes\u00fas G\u00fcemes y Pablo A.Iglesias, que habitualmente cubren la informaci\u00f3n del Partido Popular para la agencia Servimedia, que con ese y contenido fue presentado en 2008 por el hoy presidente del Senado, P\u00edo Garc\u00eda Escudero, con la presencia de otros notables populares, como Soraya S\u00e1enz de Santamar\u00eda y Alberto N\u00fa\u00f1ez Feijoo.<\/p>\n<p align=\"center\">El Gobierno minti\u00f3 desde el primer momento, desde el primer minuto, desde su primera declaraci\u00f3n, consciente de que no quer\u00eda volver a necesitar del apoyo parlamentario de vascos y catalanes para sus objetivos pol\u00edticos. Y tambi\u00e9n para sus objetivos personales; si vemos las fechas de sus tramas corruptas entonces trabajaban a toda m\u00e1quina, con opulencia, dejando que este pa\u00eds caminara hacia la crisis sin poner un m\u00ednimo freno, mientras sus cuentas en para\u00edsos fiscales devoraban los frutos de su falta de escr\u00fapulos.<\/p>\n<p align=\"center\"><a href=\"http:\/\/www.eldiario.es\/zonacritica\/Aznar-rositas-Historia-revuelta-civica_6_334276595.html\">http:\/\/www.eldiario.es\/zonacritica\/Aznar-rositas-Historia-revuelta-civica_6_334276595.html<\/a><\/p>\n<p align=\"center\"><b>81<\/b><\/p>\n<p align=\"center\"><b>Un precio destructivo, Jos\u00e9 Antonio Zarzalejos<\/b><\/p>\n<p align=\"center\">El empobrecimiento de los segmentos centrales de la sociedad espa\u00f1ola se ha producido en aplicaci\u00f3n de una pol\u00edtica fiscal que ha detra\u00eddo m\u00e1s de 30.000 millones a los contribuyentes sin reducir de manera significativa ni la elusi\u00f3n de impuestos ni la econom\u00eda sumergida ni la delictiva.<\/p>\n<p align=\"center\">La recesi\u00f3n demogr\u00e1fica en Espa\u00f1a y las expectativas de las nuevas generaciones situadas m\u00e1s all\u00e1 de nuestras fronteras son fen\u00f3menos adicionales que conforman una grave crisis social e institucional que explica fen\u00f3menos pol\u00edticos transversales y alimenta la desafecci\u00f3n a la pol\u00edtica.<\/p>\n<p align=\"center\">El precio que Espa\u00f1a est\u00e1 pagando es destructivo de su sistema pol\u00edtico y de convivencia. Porque esas pol\u00edticas burocr\u00e1ticas, anacr\u00f3nicas e insolidarias han creado m\u00e1s riqueza en quienes ya la ten\u00edan, han mantenido, con recortes, a los m\u00e1s desfavorecidos con las prestaciones sociales y la intervenci\u00f3n solidaria del tercer sector, pero\u00a0han esquilmado\u00a0a los espacios sociales centrales, medios, que abjuran de su compromiso estabilizador y cohesivo. Esa es la raz\u00f3n por la que\u00a0el sistema tiende a la implosi\u00f3n. Y esa ser\u00eda una buena raz\u00f3n para que el Gobierno y el PP no se atrevieran a perpetrar el descaro de lanzar las campanas al vuelo. Porque esas campanas est\u00e1n anunciando un fin de r\u00e9gimen, un fin de \u00e9poca. En la que nadie puede sustraerse\u00a0al v\u00e9rtigo\u00a0que provoca.<\/p>\n<p align=\"center\"><a href=\"http:\/\/blogs.elconfidencial.com\/espana\/notebook\/2014-12-13\/un-precio-destructivo_589689\/\">http:\/\/blogs.elconfidencial.com\/espana\/notebook\/2014-12-13\/un-precio-destructivo_589689\/<\/a><\/p>\n<p align=\"center\"><b>82<\/b><\/p>\n<p align=\"center\"><b>Reformistas miopes, Ant\u00f3n Costas<\/b><\/p>\n<p align=\"center\">Si una pol\u00edtica hace aumentar la desigualdad, no es buena. No hay vuelta de hoja.<\/p>\n<p align=\"center\">Detr\u00e1s de estos datos hay una realidad social muy dura. P\u00e9rdida de empleo, de ingresos, de ayudas, de oportunidades, de expectativas de futuro para muchas personas y familias. Y hay que recordar que cuanto m\u00e1s larga sea la recesi\u00f3n, m\u00e1s dif\u00edcil ser\u00e1 que los que hoy est\u00e1n en la cuneta del desempleo puedan incorporarse a la carretera. El crecimiento por si solo no los sacar\u00e1 de esa situaci\u00f3n. Ya lo vimos en la anterior crisis, cuando el paro estructural permaneci\u00f3 elevado a\u00fan en los momentos en que la econom\u00eda crec\u00eda y creaba empleo.<\/p>\n<p align=\"center\"><a href=\"http:\/\/economia.elpais.com\/economia\/2014\/12\/12\/actualidad\/1418382738_066690.html\">http:\/\/economia.elpais.com\/economia\/2014\/12\/12\/actualidad\/1418382738_066690.html<\/a><\/p>\n<p align=\"center\"><b>83<\/b><\/p>\n<p align=\"center\"><b>Grecia y la pol\u00edtica europea<\/b><\/p>\n<p align=\"center\"><b>83.1. Hartos como en Grecia, Paul Krugman<\/b><\/p>\n<p align=\"center\">Recortar dr\u00e1sticamente el gasto cuando la econom\u00eda est\u00e1 deprimida es muy mala idea<\/p>\n<p align=\"center\">resulta impresionante contemplar la devastaci\u00f3n de Grecia. Algunos informes de prensa que he visto indican que el pa\u00eds ha estado fingiendo sus males, para evitar las medidas dr\u00e1sticas que la situaci\u00f3n exige. En realidad, ha hecho ajustes enormes: reducir dr\u00e1sticamente el empleo y los salarios p\u00fablicos, recortar los programas sociales, subir los impuestos. Si quieren hacerse una idea de la escala de las medidas de austeridad, ser\u00eda como si Estados Unidos hubiese aplicado unos recortes del gasto y unas subidas de impuestos equivalentes a m\u00e1s de un bill\u00f3n de d\u00f3lares al a\u00f1o. Al mismo tiempo, los sueldos del sector privado se han desplomado. Pero la cuarta parte de los trabajadores griegos, y la mitad de los j\u00f3venes, sigue en paro.<\/p>\n<p align=\"center\">Mientras tanto, la situaci\u00f3n de la deuda no ha hecho m\u00e1s que empeorar, porque la relaci\u00f3n entre deuda p\u00fablica y el PIB ha alcanzado una cifra de r\u00e9cord \u2014sobre todo por la bajada del PIB, no por el aumento de la deuda\u2014 y porque ha surgido un gran problema de deuda privada, a causa de la deflaci\u00f3n y la depresi\u00f3n. Hay algunos aspectos positivos; la econom\u00eda est\u00e1 creciendo un poco, por fin, gracias en gran medida a la recuperaci\u00f3n del turismo. Pero, en general, han sido muchos a\u00f1os de sufrimiento para obtener una recompensa muy peque\u00f1a.<\/p>\n<p align=\"center\">Lo importante aqu\u00ed es que los griegos no son los \u00fanicos que est\u00e1n hartos de lo que pasa en\u00a0Hellas\u00a0(el nombre de su pa\u00eds en griego) y no van a seguir soport\u00e1ndolo. F\u00edjense en Francia, donde Marine Le Pen, la dirigente del partido anti-inmigraci\u00f3n Frente Nacional, supera en los sondeos a los principales candidatos de la izquierda y la derecha. F\u00edjense en Italia, donde alrededor de la mitad de los votantes apoya a partidos radicales como la Liga Norte y el Movimiento Cinco Estrellas. F\u00edjense en Gran Breta\u00f1a, donde los pol\u00edticos anti-inmigraci\u00f3n y los separatistas escoceses ponen en peligro el orden pol\u00edtico.<\/p>\n<p align=\"center\">Ser\u00eda terrible que cualquiera de estos grupos \u2014a excepci\u00f3n, sorprendentemente, de Syriza, que parece relativamente benigno\u2014 llegase al poder. Pero hay una raz\u00f3n por la que est\u00e1n en auge. Esto es lo que pasa cuando una \u00e9lite se arroga el derecho de gobernar bas\u00e1ndose en sus supuestos conocimientos, su comprensi\u00f3n de lo que se debe hacer, y luego demuestra que, en realidad, no sabe lo que hace y es demasiado inflexible ideol\u00f3gicamente para aprender de sus errores.<\/p>\n<p align=\"center\"><a href=\"http:\/\/economia.elpais.com\/economia\/2014\/12\/12\/actualidad\/1418396895_148532.html\">http:\/\/economia.elpais.com\/economia\/2014\/12\/12\/actualidad\/1418396895_148532.html<\/a><\/p>\n<p align=\"center\"><b>83.2. Financieros vs dem\u00f3cratas, Michael Hudson<\/b><\/p>\n<p align=\"center\">El problema radica en que Grecia no dispone de l\u00edquido para cancelar sus deudas y pagar los cargos por inter\u00e9s. El BCE exige que se vendan los activos p\u00fablicos (la tierra, el agua y los sistemas de alcantarillado, los puertos y otros activos de dominio p\u00fablico), y tambi\u00e9n que se realicen recortes en las pensiones y en otros pagos a la poblaci\u00f3n. Es comprensible que el \u201c99% m\u00e1s pobre\u201d est\u00e9 furioso al ser informado de que el estrato m\u00e1s rico de la poblaci\u00f3n es el gran responsable de los recortes de presupuesto por su ambici\u00f3n acumulativa (s\u00f3lo en fondos atesorados en bancos suizos se han registrado 45.000 millones de euros). La sola idea de que un asalariado com\u00fan tenga que financiar las pensiones para compensar las evasiones de impuestos de los ricos (y la ausencia general de impuestos a la riqueza desde el r\u00e9gimen de la junta de coroneles) enfurece comprensiblemente a la poblaci\u00f3n. Que la \u201ctroika\u201d del BCE, UE y FMI dicte que no importa cu\u00e1nto acumulen roben o evadan los ricos, el pago ha de cubrirlo la poblaci\u00f3n en conjunto, no es un posicionamiento pol\u00edtico neutro.<\/p>\n<p align=\"center\">Llevar a cabo una pol\u00edtica de impuestos democr\u00e1tica restablecer\u00eda un sistema progresista de impuestos sobre ingresos y propiedades y fomentar\u00eda su recaudaci\u00f3n, estableciendo penas para los evasores. Desde el siglo XIX, los reformistas dem\u00f3cratas han buscado liberar las econom\u00edas del derroche, la corrupci\u00f3n y los \u201cingresos por rentas\u201d. Pero la \u201ctroika\u201d del BCE est\u00e1 imponiendo un impuesto regresivo (que s\u00f3lo puede imponerse cediendo las decisiones pol\u00edticas del gobierno a un grupo de \u201ctecn\u00f3cratas\u201d no electos).<\/p>\n<p align=\"center\">Llamar a los gestores de una pol\u00edtica tan anti-democr\u00e1tica \u201ctecn\u00f3cratas\u201d parece un eufemismo c\u00ednico con aires cient\u00edficos con el que designar a los grupos de presi\u00f3n financieros o a los bur\u00f3cratas, a quienes se considera que poseen una visi\u00f3n lo suficientemente estrecha para actuar como necios \u00fatiles en nombre de sus esp\u00f3nsores. Su ideolog\u00eda es la misma filosof\u00eda de austeridad que impuso el FMI a los deudores del Tercer Mundo desde los a\u00f1os sesenta hasta los ochenta. Reivindicaban la estabilizaci\u00f3n del balance de pagos mientras introduc\u00edan mercados libres; estos directivos vendieron sectores de exportaci\u00f3n e infraestructuras b\u00e1sicas a los acreedores de cr\u00e9dito nacional. El efecto fue conducir econom\u00edas regidas por la austeridad a cotas mayores de deuda (de la que se beneficiar\u00edan los banqueros y sus oligarqu\u00edas nacionales).<\/p>\n<p align=\"center\"><a href=\"http:\/\/javierginerf.blogspot.com.es\/2014\/12\/financieros-vs-democratas.html?utm_source=feedburner&amp;utm_medium=email&amp;utm_campaign=Feed:+blogspot\/xevhfI+(fontane)\">http:\/\/javierginerf.blogspot.com.es\/2014\/12\/financieros-vs-democratas.html?utm_source=feedburner&amp;utm_medium=email&amp;utm_campaign=Feed:+blogspot\/xevhfI+(fontane)<\/a><\/p>\n<p align=\"center\"><b>84<\/b><\/p>\n<p align=\"center\"><b>La Ley de seguridad ciudadana<\/b><\/p>\n<p align=\"center\"><b>84.1. Los indescifrables \u201cavances democr\u00e1ticos\u201d del PP, Soledad Gallego-D\u00edaz<\/b><\/p>\n<p align=\"center\">Solo la creencia de que ha desaparecido el centro pol\u00edtico explica la nueva Ley de Seguridad con su indudable tufo ideol\u00f3gico<\/p>\n<p align=\"center\"><a href=\"http:\/\/elpais.com\/elpais\/2014\/12\/12\/opinion\/1418400380_696613.html\">http:\/\/elpais.com\/elpais\/2014\/12\/12\/opinion\/1418400380_696613.html<\/a><\/p>\n<p align=\"center\"><b>84.2. Impunidad policial, Manuel Castells en <i>La Vanguardia<\/i><\/b><\/p>\n<p align=\"center\">Del miedo a los criminales se est\u00e1 pasando al miedo a las fuerzas policiales. Y de ah\u00ed a la indignaci\u00f3n y la protesta s\u00f3lo hay un paso<\/p>\n<p align=\"center\"><a href=\"http:\/\/www.caffereggio.net\/2014\/12\/13\/impunidad-policial-de-manuel-castells-en-la-vanguardia\/\">http:\/\/www.caffereggio.net\/2014\/12\/13\/impunidad-policial-de-manuel-castells-en-la-vanguardia\/<\/a><\/p>\n<p align=\"center\"><b style=\"line-height: 1.5em;\">85<\/b><\/p>\n<p align=\"center\"><b>Petr\u00f3leo, Enric Juliana<\/b><\/p>\n<p align=\"center\">Con el petr\u00f3leo a sesenta d\u00f3lares y Angela Merkel reelegida con un contundente y tranquilizador 96,7% en el congreso bianual del partido social-cristiano alem\u00e1n (CDU), se pueden ensanchar las v\u00edas respiratorias del sur de Europa hasta transformar la innegable mejora estad\u00edstica de la econom\u00eda espa\u00f1ola en una verdadera recuperaci\u00f3n del \u00e1nimo social. Ese es el cantar de gesta que estos d\u00edas circula por Madrid y que refuerza el enfoque del PP: \u00abO nosotros o el caos\u00bb<\/p>\n<p align=\"center\"><a href=\"http:\/\/www.lavanguardia.com\/politica\/20141214\/54421815013\/petroleo-enric-juliana.html\">http:\/\/www.lavanguardia.com\/politica\/20141214\/54421815013\/petroleo-enric-juliana.html<\/a><\/p>\n<p align=\"center\"><b>86<\/b><\/p>\n<p align=\"center\"><b>La Transici\u00f3n y el cambio de r\u00e9gimen<\/b><\/p>\n<p align=\"center\"><b>86.1. Mitos y falsedades de la Transici\u00f3n, Gonzalo L\u00f3\u00e8z-Alba<\/b><\/p>\n<p align=\"center\">La reproducci\u00f3n de la dial\u00e9ctica pol\u00edtica entre\u00a0las tres grandes corrientes que polarizaron el debate de la Transici\u00f3n \u2013inmovilismo, ruptura y reforma\u2013\u00a0es uno de los aspectos m\u00e1s relevantes de la actual coyuntura en Espa\u00f1a, lo que est\u00e1 dando pie, ya sea por desconocimiento o por intereses partidistas, a una\u00a0doble tergiversaci\u00f3n de aquel periodo hist\u00f3rico. Mientras que unos lo mitifican, otros lo falsifican.<\/p>\n<p align=\"center\">Es una tergiversaci\u00f3n hablar del &#8216;r\u00e9gimen del 78&#8217;, como hace Podemos, y tambi\u00e9n mitificar la Transici\u00f3n como la pizarra del consenso que pretenden los partidarios de la gran coalici\u00f3n.<\/p>\n<p align=\"center\">La &#8216;ruptura democr\u00e1tica&#8217; no prosper\u00f3 tras la muerte de Franco porque la mayor\u00eda de los ciudadanos apost\u00f3 por el cambio gradual.<\/p>\n<p align=\"center\"><a href=\"http:\/\/blogs.elconfidencial.com\/espana\/interiores\/2014-12-14\/mitos-y-falsedades-de-la-transicion_590413\/\">http:\/\/blogs.elconfidencial.com\/espana\/interiores\/2014-12-14\/mitos-y-falsedades-de-la-transicion_590413\/<\/a><\/p>\n<p align=\"center\"><b>86.2. Cambiar el r\u00e9gimen, hacer la revoluci\u00f3n, Jorge Mart\u00ednez Reverte<\/b><\/p>\n<p align=\"center\">Curiosamente, tanto la derecha como la izquierda revolucionaria han acabado por admitir los principios del Estado de bienestar como deseables para cualquier r\u00e9gimen. Es gracioso ver c\u00f3mo los te\u00f3ricos de Izquierda Unida, del PP o de Podemos reivindican esta arquitectura socialdem\u00f3crata como si fuera suya. La propia derecha cuando desmantela los sistemas educativo o sanitario intenta que parezca que los quiere hacer m\u00e1s eficientes.<\/p>\n<p align=\"center\"><a href=\"http:\/\/elpais.com\/elpais\/2014\/12\/12\/opinion\/1418402482_945051.html\">http:\/\/elpais.com\/elpais\/2014\/12\/12\/opinion\/1418402482_945051.html<\/a><\/p>\n<p align=\"center\"><b>87<\/b><\/p>\n<p align=\"center\"><b>Podemos<\/b><\/p>\n<p align=\"center\"><b>87.1. \u00bfY por qu\u00e9 nadie piensa en la UCD?, Ra\u00fal S\u00e1nchez Cedillo<\/b><\/p>\n<p align=\"center\">Resulta m\u00e1s riguroso pensar que a la formaci\u00f3n de Pablo Iglesias podr\u00eda tocarle ser el centro atractor de una formaci\u00f3n pol\u00edtica nueva que (\u00a1mutatis mutandispor favor!) vendr\u00eda a cumplir el papel que le toc\u00f3 a la UCD de Adolfo Su\u00e1rez: el partido que garantice una transici\u00f3n sin involuciones, rupturas o salidas de tiesto pol\u00edtico<\/p>\n<p align=\"center\">No son pocos los que reconocen que el m\u00e9rito y el valor de Podemos est\u00e1 consistiendo en transformar en partido electoral y fuerza disciplinada un movimiento-red como el 15M. Y a la luz de las evoluciones actuales hay que decir que no andan desencaminados. Pablo Iglesias y Podemos se est\u00e1n presentando cada vez m\u00e1s como lo que Carl Schmitt ensalzara con el nombre evang\u00e9lico dekathekon, es decir, la fuerza que sujeta y evita lo peor (la llegada del Anticristo y el fin de los tiempos en las cartas paulinas; la disoluci\u00f3n del Estado y el comunismo en la apolog\u00eda de Schmitt). Tal es la tesis: estando as\u00ed las cosas, Pablo Iglesias y Podemos se tornan, por la fuerza combinada de los hechos y de su buen hacer, en principal garant\u00eda de una transici\u00f3n sin m\u00e1s\u00a015Ms\u00a0y respetuosa de los pactos fundamentales entre los sujetos del cambio de la constituci\u00f3n material y formal espa\u00f1ola.<\/p>\n<p align=\"center\"><a href=\"http:\/\/www.eldiario.es\/zonacritica\/nadie-piensa-UCD_6_333226685.html\">http:\/\/www.eldiario.es\/zonacritica\/nadie-piensa-UCD_6_333226685.html<\/a><\/p>\n<p align=\"center\"><b>87.2. Construir un pa\u00eds despu\u00e9s del 78, Guillermo Zapata<\/b><\/p>\n<p align=\"center\">El ciclo electoral que termina en 2015 recompondr\u00e1 el mapa institucional abriendo un nuevo escenario<\/p>\n<p align=\"center\">Una historia sobre cristianos en la crisis del Imperio Romano<\/p>\n<p align=\"center\"><a href=\"http:\/\/www.eldiario.es\/interferencias\/Construir-pais-despues_6_334626545.html\">http:\/\/www.eldiario.es\/interferencias\/Construir-pais-despues_6_334626545.html<\/a><\/p>\n<p align=\"center\"><b>88<\/b><\/p>\n<p align=\"center\"><b>\u00a0Sobre fan\u00e1ticos, convencidos y manipulados, Manuel Cruz<\/b><\/p>\n<p align=\"center\">El fan\u00e1tico convierte sus ideas en evidencia incontrovertible. Olvida de esta manera algo acerca de lo cual ya nos hab\u00eda advertido Spinoza: ser conscientes de nuestras determinaciones no nos coloca por encima de ellas.<\/p>\n<p align=\"center\"><a href=\"http:\/\/blogs.elconfidencial.com\/espana\/filosofo-de-guardia\/2014-12-13\/sobre-fanaticos-convencidos-y-manipulados_589590\/\">http:\/\/blogs.elconfidencial.com\/espana\/filosofo-de-guardia\/2014-12-13\/sobre-fanaticos-convencidos-y-manipulados_589590\/<\/a><\/p>\n<p align=\"center\"><b>89<\/b><\/p>\n<p align=\"center\"><b>Mediterr\u00e1neo sin cartera, Enric Juliana<\/b><\/p>\n<p align=\"center\">Entre 1976 y 2014, los sucesivos gobiernos espa\u00f1oles se han nutrido b\u00e1sicamente de la Espa\u00f1a central y andaluza, con adici\u00f3n gallega<\/p>\n<p align=\"center\">El contraste es significativo. Las comunidades del Arco Mediterr\u00e1neo (Catalunya, Valencia, Baleares y Murcia) suman el 32,3% de la poblaci\u00f3n espa\u00f1ola, producen el 33,4% del PIB, generan m\u00e1s del 40% de las exportaciones, lideran los ingresos tur\u00edsticos, concentran el mayor n\u00famero de peque\u00f1as empresas y, sin embargo, apenas contabilizan el 15% de los ministros de la democracia. Creo que es un dato relevante que va m\u00e1s all\u00e1 de la an\u00e9cdota o de la curiosidad estad\u00edstica.<\/p>\n<p align=\"center\"><a href=\"http:\/\/www.lavanguardia.com\/politica\/20141213\/54421378814\/mediterraneo-sin-cartera-enric-juliana.html\">http:\/\/www.lavanguardia.com\/politica\/20141213\/54421378814\/mediterraneo-sin-cartera-enric-juliana.html<\/a><\/p>\n<p align=\"center\"><b>90<\/b><\/p>\n<p align=\"center\"><b>\u00bfEs de izquierdas reivindicar un Estado independiente?, Ces\u00e1reo Rodr\u00edguez-Aguilera<\/b><\/p>\n<p align=\"center\">La izquierda independentista catalana presenta, seg\u00fan el autor, tres flancos d\u00e9biles en sus tesis<\/p>\n<p align=\"center\">1) No tiene sentido reproducir a escala catalana el anacr\u00f3nico y decimon\u00f3nico modelo del Estado-Naci\u00f3n, justo lo que se critica (acertadamente) en el caso espa\u00f1ol&#8230;. Si Espa\u00f1a es plurinacional (y lo es), Catalu\u00f1a tambi\u00e9n (as\u00ed lo muestran las encuestas sobre identidades c\u00edvicas), una realidad inc\u00f3moda para los independentistas\/nacionalistas.<\/p>\n<p align=\"center\">2) La independencia de Catalu\u00f1a tendr\u00eda efectos negativos no s\u00f3lo internos (que tambi\u00e9n), sino para el resto de Espa\u00f1a porque har\u00eda mucho m\u00e1s dif\u00edcil mantener operativamente los v\u00ednculos de solidaridad entre los trabajadores y con los movimientos progresistas&#8230; Si Catalu\u00f1a se escindiera, la izquierda sociol\u00f3gica espa\u00f1ola quedar\u00eda muy debilitada y pol\u00edticamente se har\u00eda m\u00e1s dif\u00edcil vencer a la derecha, precisamente porque ya no podr\u00eda contar en las elecciones con el peso de la izquierda catalana.<\/p>\n<p align=\"center\">3) La izquierda catalana siempre se ha declarado europe\u00edsta, pero un Estado catal\u00e1n le plantear\u00eda un problema muy serio a la UE&#8230; En otras palabras, la perspectiva de una Europa pol\u00edtica federal (cada vez m\u00e1s dif\u00edcil) quedar\u00eda aplazada\u00a0sine die\u00a0si el n\u00famero de Estados miembros se va multiplicando indefinidamente.<\/p>\n<p align=\"center\">En suma, una Catalu\u00f1a independiente quedar\u00eda de inmediato integrada en el orden neoliberal global y qui\u00e9n crea lo contrario desconoce cu\u00e1l es la real correlaci\u00f3n de fuerzas europeas e internacionales. Por \u00faltimo, no se ve c\u00f3mo podr\u00eda garantizarse m\u00e1s justicia social en una Catalu\u00f1a independiente con el tan mediocre personal pol\u00edtico que hoy hay y con el poder de la oligarqu\u00eda financiera y empresarial absolutamente intacto.<\/p>\n<p align=\"center\"><a href=\"http:\/\/www.eldiario.es\/agendapublica\/reforma-constitucional\/izquierdas-reivindicar-independiente_0_334566679.html\">http:\/\/www.eldiario.es\/agendapublica\/reforma-constitucional\/izquierdas-reivindicar-independiente_0_334566679.html<\/a><\/p>\n<p align=\"center\"><b>91<\/b><\/p>\n<p align=\"center\"><b>Las el\u00e9ctricas reniegan del mercado Rodolfo Rieznik<\/b><\/p>\n<p align=\"center\">El riesgo lo asumen los ciudadanos y las empresas\u00a0se embolsan un beneficio seguro; al rev\u00e9s de lo\u00a0que\u00a0nos\u00a0cuentan<\/p>\n<p align=\"center\">Sus ofertas de tarifas fijas cuestionan las ventajas de estar en el mercado liberalizado<\/p>\n<p align=\"center\">La pol\u00edtica energ\u00e9tica expulsa a los sectores m\u00e1s vulnerables del consumo y no garantiza la universalizaci\u00f3n del servicio el\u00e9ctrico<\/p>\n<p align=\"center\"><a href=\"http:\/\/www.eldiario.es\/zonacritica\/electricas-reniegan-mercado_6_334276590.html\">http:\/\/www.eldiario.es\/zonacritica\/electricas-reniegan-mercado_6_334276590.html<\/a><\/p>\n<p align=\"center\"><b>92<\/b><\/p>\n<p align=\"center\"><b>Nace la Fundaci\u00f3n \u00bfHay Derecho?<\/b><\/p>\n<p align=\"center\">Hace hoy 4 a\u00f1os justos naci\u00f3 el blog \u00bfHay Derecho? con el prop\u00f3sito de contribuir a la defensa del Estado de Derecho y de las instituciones en Espa\u00f1a, porque intu\u00edamos ya entonces \u2013lo que hemos confirmado ampliamente despu\u00e9s- que ten\u00edan problemas muy serios. Cuatro a\u00f1os, 1661 entradas, un libro y 24.544\u00a0 comentarios (algunos de tanto valor e inter\u00e9s como las propias entradas) m\u00e1s tarde, \u00a0hemos cre\u00eddo llegado el momento de dar un paso hacia adelante, lo que por otra parte nos ped\u00edan muchos colaboradores y lectores asiduos. \u00a0Por eso hemos constituido la Fundaci\u00f3n \u00bfHay Derecho? cuyo objetivo es, precisamente, la defensa del Estado de Derecho y las instituciones en nuestro pa\u00eds. Como dice el ideario del blog creemos que nadie puede discutir que en Espa\u00f1a el Estado de Derecho atraviesa hoy una situaci\u00f3n delicada. Todo el entramado institucional creado para salvaguardarlo, desde el inicial proceso de generaci\u00f3n de normas hasta su final aplicaci\u00f3n por la Judicatura o por la Administraci\u00f3n P\u00fablica est\u00e1 amenazado de derribo. Sin duda todav\u00eda se sostiene, pero en la actualidad ya es demasiado d\u00e9bil para taponar las grietas por las que se filtran los intereses particulares de los m\u00e1s poderosos, o simplemente de los m\u00e1s desvergonzados.<\/p>\n<p align=\"center\">Los fundadores somos los seis coeditores del blog (Elisa de la Nuez, Fernando Gom\u00e1, Rodrigo Tena, Ignacio Gom\u00e1, Fernando Rodr\u00edguez Prieto y Matilde Cuena), a los que se van uniendo un grupo de colaboradores y amigos entusiastas. La dirigir\u00e1 nuestra coeditora Elisa de la Nuez con la inestimable ayuda de Nacho Gom\u00e1, quien cede adem\u00e1s un espacio en su notar\u00eda como domicilio social, y de un Comit\u00e9 de Direcci\u00f3n. Queremos agradecer tambi\u00e9n la incorporaci\u00f3n al Patronato de nuestros amigos regeneracionistas de NeG, que tambi\u00e9n han escrito alguna vez en este blog, como Jes\u00fas Fern\u00e1ndez-Villaverde, inspirador de la idea, Luis Garicano y Cesar Molinas, as\u00ed como de Roberto Blanco Vald\u00e9s, que ha aceptado ser nuestro Presidente de honor.<\/p>\n<p align=\"center\"><a href=\"http:\/\/hayderecho.com\/2014\/12\/10\/nace-la-fundacion-hay-derecho\/\">http:\/\/hayderecho.com\/2014\/12\/10\/nace-la-fundacion-hay-derecho\/<\/a><\/p>\n","protected":false},"excerpt":{"rendered":"<p>77.Una reforma de calado, Jaime Armengol.<br \/>\n78.Transparencia limitada, Juan Manuel Vidal Marcos.<br \/>\n79.La pasta por delante (y por detr\u00e1s), Jes\u00fas Mara\u00f1a.<br \/>\n80.\u00bfAznar de rositas? Historia de una revuelta c\u00edvica, Ciudadano p\u00e1salo.<br \/>\n81.Un precio destructivo, Jos\u00e9 Antonio Zarzalejos.<br \/>\n82.Reformistas miopes, Ant\u00f3n Costas.<br \/>\n83.1.Hartos como en Grecia, Paul Krugman; 83.2. Financieros vs dem\u00f3cratas, Michael Hudson<br \/>\n84.1.Los indescifrables \u201cavances democr\u00e1ticos\u201d del PP, Soledad Gallego-D\u00edaz; 84.2.Impunidad policial, Manuel Castells en La Vanguardia.<br \/>\n85.Petr\u00f3leo, Enric Juliana.<br \/>\n86.1.Mitos y falsedades de la Transici\u00f3n, Gonzalo L\u00f3\u00e8z-Alba; 86.2.Cambiar el r\u00e9gimen, hacer la revoluci\u00f3n, Jorge Mart\u00ednez Reverte.<br \/>\n87.1\u00bfY por qu\u00e9 nadie piensa en la UCD?, Ra\u00fal S\u00e1nchez Cedillo; 87.2.Construir un pa\u00eds despu\u00e9s del 78, Guillermo Zapata.<br \/>\n88.Sobre fan\u00e1ticos, convencidos y manipulados, Manuel Cruz.<br \/>\n89.Mediterr\u00e1neo sin cartera, Enric Juliana.<br \/>\n90.\u00bfEs de izquierdas reivindicar un Estado independiente?, Ces\u00e1reo Rodr\u00edguez-Aguilera.<br \/>\n91.Las el\u00e9ctricas reniegan del mercado Rodolfo Rieznik.<br \/>\n92.Nace la Fundaci\u00f3n \u00bfHay Derecho? <\/p>\n","protected":false},"author":873,"featured_media":10210,"comment_status":"open","ping_status":"closed","sticky":false,"template":"","format":"standard","meta":{"_acf_changed":false,"footnotes":""},"categories":[1461],"tags":[2047,1571,90,68,1799,2820,2823,2825,499,1533,160,1778,1758,20,2821,2822],"serie":[7669],"class_list":["post-10298","post","type-post","status-publish","format-standard","has-post-thumbnail","hentry","category-tension-democratica-archivo","tag-11-m","tag-austeridad","tag-cataluna","tag-corrupcion","tag-deuda-publica","tag-electricas","tag-fanatismo","tag-fundacion-hay-derecho","tag-grecia","tag-ley-de-seguridad-ciudadana","tag-mariano-rajoy","tag-podemos","tag-reforma-constitucional","tag-transicion","tag-trnasparencia","tag-ucd","serie-bernardo-bayona"],"acf":[],"yoast_head":"<!-- This site is optimized with the Yoast SEO plugin v26.1.1 - https:\/\/yoast.com\/wordpress\/plugins\/seo\/ -->\n<title>N\u00fam. 77-92 (diciembre de 2014) - Andal\u00e1n.es<\/title>\n<meta name=\"robots\" content=\"index, follow, max-snippet:-1, max-image-preview:large, max-video-preview:-1\" \/>\n<link rel=\"canonical\" href=\"https:\/\/www.andalan.es\/?p=10298\" \/>\n<meta property=\"og:locale\" content=\"es_ES\" \/>\n<meta property=\"og:type\" content=\"article\" \/>\n<meta property=\"og:title\" content=\"N\u00fam. 77-92 (diciembre de 2014) - Andal\u00e1n.es\" \/>\n<meta property=\"og:description\" content=\"77.Una reforma de calado, Jaime Armengol.  78.Transparencia limitada, Juan Manuel Vidal Marcos.  79.La pasta por delante (y por detr\u00e1s), Jes\u00fas Mara\u00f1a.  80.\u00bfAznar de rositas? Historia de una revuelta c\u00edvica, Ciudadano p\u00e1salo.  81.Un precio destructivo, Jos\u00e9 Antonio Zarzalejos.  82.Reformistas miopes, Ant\u00f3n Costas.  83.1.Hartos como en Grecia, Paul Krugman; 83.2. Financieros vs dem\u00f3cratas, Michael Hudson 84.1.Los indescifrables \u201cavances democr\u00e1ticos\u201d del PP, Soledad Gallego-D\u00edaz; 84.2.Impunidad policial, Manuel Castells en La Vanguardia.  85.Petr\u00f3leo, Enric Juliana.  86.1.Mitos y falsedades de la Transici\u00f3n, Gonzalo L\u00f3\u00e8z-Alba; 86.2.Cambiar el r\u00e9gimen, hacer la revoluci\u00f3n, Jorge Mart\u00ednez Reverte.  87.1\u00bfY por qu\u00e9 nadie piensa en la UCD?, Ra\u00fal S\u00e1nchez Cedillo; 87.2.Construir un pa\u00eds despu\u00e9s del 78, Guillermo Zapata.  88.Sobre fan\u00e1ticos, convencidos y manipulados, Manuel Cruz.  89.Mediterr\u00e1neo sin cartera, Enric Juliana.  90.\u00bfEs de izquierdas reivindicar un Estado independiente?, Ces\u00e1reo Rodr\u00edguez-Aguilera.  91.Las el\u00e9ctricas reniegan del mercado Rodolfo Rieznik.  92.Nace la Fundaci\u00f3n \u00bfHay Derecho?\" \/>\n<meta property=\"og:url\" content=\"https:\/\/www.andalan.es\/?p=10298\" \/>\n<meta property=\"og:site_name\" content=\"Andal\u00e1n.es\" \/>\n<meta property=\"article:published_time\" content=\"2014-12-14T11:59:42+00:00\" \/>\n<meta property=\"article:modified_time\" content=\"2022-03-02T16:05:51+00:00\" \/>\n<meta property=\"og:image\" content=\"https:\/\/www.andalan.es\/wp-content\/uploads\/democracia6.jpg\" \/>\n\t<meta property=\"og:image:width\" content=\"300\" \/>\n\t<meta property=\"og:image:height\" content=\"191\" \/>\n\t<meta property=\"og:image:type\" content=\"image\/jpeg\" \/>\n<meta name=\"author\" content=\"Bernardo Bayona\" \/>\n<meta name=\"twitter:card\" content=\"summary_large_image\" \/>\n<meta name=\"twitter:label1\" content=\"Escrito por\" \/>\n\t<meta name=\"twitter:data1\" content=\"Bernardo Bayona\" \/>\n\t<meta name=\"twitter:label2\" content=\"Tiempo de lectura\" \/>\n\t<meta name=\"twitter:data2\" content=\"21 minutos\" \/>\n<script type=\"application\/ld+json\" class=\"yoast-schema-graph\">{\"@context\":\"https:\/\/schema.org\",\"@graph\":[{\"@type\":\"WebPage\",\"@id\":\"https:\/\/www.andalan.es\/?p=10298\",\"url\":\"https:\/\/www.andalan.es\/?p=10298\",\"name\":\"N\u00fam. 77-92 (diciembre de 2014) - Andal\u00e1n.es\",\"isPartOf\":{\"@id\":\"https:\/\/www.andalan.es\/#website\"},\"primaryImageOfPage\":{\"@id\":\"https:\/\/www.andalan.es\/?p=10298#primaryimage\"},\"image\":{\"@id\":\"https:\/\/www.andalan.es\/?p=10298#primaryimage\"},\"thumbnailUrl\":\"https:\/\/www.andalan.es\/wp-content\/uploads\/democracia6.jpg\",\"datePublished\":\"2014-12-14T11:59:42+00:00\",\"dateModified\":\"2022-03-02T16:05:51+00:00\",\"author\":{\"@id\":\"https:\/\/www.andalan.es\/#\/schema\/person\/02b50112dc9fd869f0194edcbde8632d\"},\"breadcrumb\":{\"@id\":\"https:\/\/www.andalan.es\/?p=10298#breadcrumb\"},\"inLanguage\":\"es\",\"potentialAction\":[{\"@type\":\"ReadAction\",\"target\":[\"https:\/\/www.andalan.es\/?p=10298\"]}]},{\"@type\":\"ImageObject\",\"inLanguage\":\"es\",\"@id\":\"https:\/\/www.andalan.es\/?p=10298#primaryimage\",\"url\":\"https:\/\/www.andalan.es\/wp-content\/uploads\/democracia6.jpg\",\"contentUrl\":\"https:\/\/www.andalan.es\/wp-content\/uploads\/democracia6.jpg\",\"width\":300,\"height\":191},{\"@type\":\"BreadcrumbList\",\"@id\":\"https:\/\/www.andalan.es\/?p=10298#breadcrumb\",\"itemListElement\":[{\"@type\":\"ListItem\",\"position\":1,\"name\":\"andal\u00e1n.es\",\"item\":\"https:\/\/www.andalan.es\/\"},{\"@type\":\"ListItem\",\"position\":2,\"name\":\"N\u00fam. 77-92 (diciembre de 2014)\"}]},{\"@type\":\"WebSite\",\"@id\":\"https:\/\/www.andalan.es\/#website\",\"url\":\"https:\/\/www.andalan.es\/\",\"name\":\"Andal\u00e1n.es\",\"description\":\"Andal\u00e1n.es\",\"potentialAction\":[{\"@type\":\"SearchAction\",\"target\":{\"@type\":\"EntryPoint\",\"urlTemplate\":\"https:\/\/www.andalan.es\/?s={search_term_string}\"},\"query-input\":{\"@type\":\"PropertyValueSpecification\",\"valueRequired\":true,\"valueName\":\"search_term_string\"}}],\"inLanguage\":\"es\"},{\"@type\":\"Person\",\"@id\":\"https:\/\/www.andalan.es\/#\/schema\/person\/02b50112dc9fd869f0194edcbde8632d\",\"name\":\"Bernardo Bayona\",\"url\":\"https:\/\/www.andalan.es\/?author=873\"}]}<\/script>\n<!-- \/ Yoast SEO plugin. -->","yoast_head_json":{"title":"N\u00fam. 77-92 (diciembre de 2014) - Andal\u00e1n.es","robots":{"index":"index","follow":"follow","max-snippet":"max-snippet:-1","max-image-preview":"max-image-preview:large","max-video-preview":"max-video-preview:-1"},"canonical":"https:\/\/www.andalan.es\/?p=10298","og_locale":"es_ES","og_type":"article","og_title":"N\u00fam. 77-92 (diciembre de 2014) - Andal\u00e1n.es","og_description":"77.Una reforma de calado, Jaime Armengol.  78.Transparencia limitada, Juan Manuel Vidal Marcos.  79.La pasta por delante (y por detr\u00e1s), Jes\u00fas Mara\u00f1a.  80.\u00bfAznar de rositas? Historia de una revuelta c\u00edvica, Ciudadano p\u00e1salo.  81.Un precio destructivo, Jos\u00e9 Antonio Zarzalejos.  82.Reformistas miopes, Ant\u00f3n Costas.  83.1.Hartos como en Grecia, Paul Krugman; 83.2. Financieros vs dem\u00f3cratas, Michael Hudson 84.1.Los indescifrables \u201cavances democr\u00e1ticos\u201d del PP, Soledad Gallego-D\u00edaz; 84.2.Impunidad policial, Manuel Castells en La Vanguardia.  85.Petr\u00f3leo, Enric Juliana.  86.1.Mitos y falsedades de la Transici\u00f3n, Gonzalo L\u00f3\u00e8z-Alba; 86.2.Cambiar el r\u00e9gimen, hacer la revoluci\u00f3n, Jorge Mart\u00ednez Reverte.  87.1\u00bfY por qu\u00e9 nadie piensa en la UCD?, Ra\u00fal S\u00e1nchez Cedillo; 87.2.Construir un pa\u00eds despu\u00e9s del 78, Guillermo Zapata.  88.Sobre fan\u00e1ticos, convencidos y manipulados, Manuel Cruz.  89.Mediterr\u00e1neo sin cartera, Enric Juliana.  90.\u00bfEs de izquierdas reivindicar un Estado independiente?, Ces\u00e1reo Rodr\u00edguez-Aguilera.  91.Las el\u00e9ctricas reniegan del mercado Rodolfo Rieznik.  92.Nace la Fundaci\u00f3n \u00bfHay Derecho?","og_url":"https:\/\/www.andalan.es\/?p=10298","og_site_name":"Andal\u00e1n.es","article_published_time":"2014-12-14T11:59:42+00:00","article_modified_time":"2022-03-02T16:05:51+00:00","og_image":[{"width":300,"height":191,"url":"https:\/\/www.andalan.es\/wp-content\/uploads\/democracia6.jpg","type":"image\/jpeg"}],"author":"Bernardo Bayona","twitter_card":"summary_large_image","twitter_misc":{"Escrito por":"Bernardo Bayona","Tiempo de lectura":"21 minutos"},"schema":{"@context":"https:\/\/schema.org","@graph":[{"@type":"WebPage","@id":"https:\/\/www.andalan.es\/?p=10298","url":"https:\/\/www.andalan.es\/?p=10298","name":"N\u00fam. 77-92 (diciembre de 2014) - Andal\u00e1n.es","isPartOf":{"@id":"https:\/\/www.andalan.es\/#website"},"primaryImageOfPage":{"@id":"https:\/\/www.andalan.es\/?p=10298#primaryimage"},"image":{"@id":"https:\/\/www.andalan.es\/?p=10298#primaryimage"},"thumbnailUrl":"https:\/\/www.andalan.es\/wp-content\/uploads\/democracia6.jpg","datePublished":"2014-12-14T11:59:42+00:00","dateModified":"2022-03-02T16:05:51+00:00","author":{"@id":"https:\/\/www.andalan.es\/#\/schema\/person\/02b50112dc9fd869f0194edcbde8632d"},"breadcrumb":{"@id":"https:\/\/www.andalan.es\/?p=10298#breadcrumb"},"inLanguage":"es","potentialAction":[{"@type":"ReadAction","target":["https:\/\/www.andalan.es\/?p=10298"]}]},{"@type":"ImageObject","inLanguage":"es","@id":"https:\/\/www.andalan.es\/?p=10298#primaryimage","url":"https:\/\/www.andalan.es\/wp-content\/uploads\/democracia6.jpg","contentUrl":"https:\/\/www.andalan.es\/wp-content\/uploads\/democracia6.jpg","width":300,"height":191},{"@type":"BreadcrumbList","@id":"https:\/\/www.andalan.es\/?p=10298#breadcrumb","itemListElement":[{"@type":"ListItem","position":1,"name":"andal\u00e1n.es","item":"https:\/\/www.andalan.es\/"},{"@type":"ListItem","position":2,"name":"N\u00fam. 77-92 (diciembre de 2014)"}]},{"@type":"WebSite","@id":"https:\/\/www.andalan.es\/#website","url":"https:\/\/www.andalan.es\/","name":"Andal\u00e1n.es","description":"Andal\u00e1n.es","potentialAction":[{"@type":"SearchAction","target":{"@type":"EntryPoint","urlTemplate":"https:\/\/www.andalan.es\/?s={search_term_string}"},"query-input":{"@type":"PropertyValueSpecification","valueRequired":true,"valueName":"search_term_string"}}],"inLanguage":"es"},{"@type":"Person","@id":"https:\/\/www.andalan.es\/#\/schema\/person\/02b50112dc9fd869f0194edcbde8632d","name":"Bernardo Bayona","url":"https:\/\/www.andalan.es\/?author=873"}]}},"_links":{"self":[{"href":"https:\/\/www.andalan.es\/index.php?rest_route=\/wp\/v2\/posts\/10298","targetHints":{"allow":["GET"]}}],"collection":[{"href":"https:\/\/www.andalan.es\/index.php?rest_route=\/wp\/v2\/posts"}],"about":[{"href":"https:\/\/www.andalan.es\/index.php?rest_route=\/wp\/v2\/types\/post"}],"author":[{"embeddable":true,"href":"https:\/\/www.andalan.es\/index.php?rest_route=\/wp\/v2\/users\/873"}],"replies":[{"embeddable":true,"href":"https:\/\/www.andalan.es\/index.php?rest_route=%2Fwp%2Fv2%2Fcomments&post=10298"}],"version-history":[{"count":7,"href":"https:\/\/www.andalan.es\/index.php?rest_route=\/wp\/v2\/posts\/10298\/revisions"}],"predecessor-version":[{"id":17430,"href":"https:\/\/www.andalan.es\/index.php?rest_route=\/wp\/v2\/posts\/10298\/revisions\/17430"}],"wp:featuredmedia":[{"embeddable":true,"href":"https:\/\/www.andalan.es\/index.php?rest_route=\/wp\/v2\/media\/10210"}],"wp:attachment":[{"href":"https:\/\/www.andalan.es\/index.php?rest_route=%2Fwp%2Fv2%2Fmedia&parent=10298"}],"wp:term":[{"taxonomy":"category","embeddable":true,"href":"https:\/\/www.andalan.es\/index.php?rest_route=%2Fwp%2Fv2%2Fcategories&post=10298"},{"taxonomy":"post_tag","embeddable":true,"href":"https:\/\/www.andalan.es\/index.php?rest_route=%2Fwp%2Fv2%2Ftags&post=10298"},{"taxonomy":"serie","embeddable":true,"href":"https:\/\/www.andalan.es\/index.php?rest_route=%2Fwp%2Fv2%2Fserie&post=10298"}],"curies":[{"name":"wp","href":"https:\/\/api.w.org\/{rel}","templated":true}]}}