{"id":10355,"date":"2014-12-30T13:48:06","date_gmt":"2014-12-30T12:48:06","guid":{"rendered":"http:\/\/www.andalan.es\/?p=10355"},"modified":"2022-03-02T17:05:52","modified_gmt":"2022-03-02T16:05:52","slug":"num-175-199-diciembre-de-2014","status":"publish","type":"post","link":"https:\/\/www.andalan.es\/?p=10355","title":{"rendered":"N\u00fam. 175-199 (diciembre de 2014)"},"content":{"rendered":"<p align=\"center\"><b style=\"line-height: 1.5em;\"><a href=\"http:\/\/www.andalan.es\/wp-content\/uploads\/democracia6.jpg\"><img decoding=\"async\" class=\"alignleft size-thumbnail wp-image-10210\" alt=\"democracia\" src=\"http:\/\/www.andalan.es\/wp-content\/uploads\/democracia6-150x150.jpg\" width=\"150\" height=\"150\" srcset=\"https:\/\/www.andalan.es\/wp-content\/uploads\/democracia6-25x25.jpg 25w, https:\/\/www.andalan.es\/wp-content\/uploads\/democracia6-66x66.jpg 66w, https:\/\/www.andalan.es\/wp-content\/uploads\/democracia6-150x150.jpg 150w, https:\/\/www.andalan.es\/wp-content\/uploads\/democracia6.jpg 300w\" sizes=\"(max-width: 150px) 100vw, 150px\" \/><\/a>175<\/b><\/p>\n<p align=\"center\"><b>Incertidumbres, Milagros P\u00e9rez Oliva<\/b><\/p>\n<p align=\"center\">La experiencia vital m\u00e1s com\u00fan en las pr\u00f3ximas d\u00e9cadas ser\u00e1 \u2014lo est\u00e1 siendo ya\u2014 la incertidumbre. Pero no una incerteza derivada de la coyuntura econ\u00f3mica adversa, que puede cambiar, sino de las transformaciones profundas derivadas del cambio de \u00e9poca que estamos viviendo.<\/p>\n<p align=\"center\">El malestar por un futuro que se percibe incierto es trasversal y afecta tanto a los j\u00f3venes como a las generaciones mayores.<\/p>\n<p align=\"center\">Tambi\u00e9n la idea del crecimiento ilimitado est\u00e1 en cuesti\u00f3n. se necesitar\u00e1 menos fuerza de trabajo, aunque m\u00e1s cualificada, lo cual plantear\u00e1 un nuevo dilema: si no hay empleo para todos, \u00bfqu\u00e9 distribuimos, el trabajo o la riqueza? \u00bfO no habr\u00e1 reparto? En cualquier caso, podemos producir y consumir m\u00e1s, pero \u00bfpodr\u00e1 el planeta soportar un modelo de crecimiento como el que tenemos?<\/p>\n<p align=\"center\">La mayor parte de los problemas que hemos de afrontar de aqu\u00ed a 2050 trascienden la capacidad de decisi\u00f3n del Estado naci\u00f3n y requieren mecanismos globales de decisi\u00f3n que no tenemos. Y esa es, ahora mismo, la madre todas las incertidumbres.<\/p>\n<p align=\"center\"><a href=\"http:\/\/blogs.elpais.com\/cosas-que-importan\/2014\/12\/incertidumbres.html\">http:\/\/blogs.elpais.com\/cosas-que-importan\/2014\/12\/incertidumbres.html<\/a><\/p>\n<p align=\"center\"><b style=\"line-height: 1.5em;\">176<\/b><\/p>\n<p align=\"center\"><b>El ocaso de las inocentadas, David Torres<\/b><\/p>\n<p align=\"center\">\u00daltimamente las inocentadas ya no son lo que eran. Debe de ser porque, desde que Mariano est\u00e1 en La Moncloa, todos los d\u00edas son 28 de diciembre. El bobo e inofensivo g\u00e9nero period\u00edstico de la inocentada ha entrado en decadencia porque no puede competir con el B.O.E.<\/p>\n<p align=\"center\">En Andaluc\u00eda el mu\u00f1equito se lo ha colgado Susana D\u00edaz a los profesores de ense\u00f1anza p\u00fablica, que a estas alturas todav\u00eda no han cobrado el sueldo de diciembre ni la paga extra de Navidad.<\/p>\n<p align=\"center\"><a href=\"http:\/\/blogs.publico.es\/davidtorres\/2014\/12\/29\/el-ocaso-de-las-inocentadas\/\">http:\/\/blogs.publico.es\/davidtorres\/2014\/12\/29\/el-ocaso-de-las-inocentadas\/<\/a><\/p>\n<p align=\"center\">\n<p align=\"center\"><b>177<\/b><\/p>\n<p align=\"center\"><b>Censos que cierran sin previo aviso: el en\u00e9simo pucherazo electoral del voto exterior<\/b><\/p>\n<p align=\"center\">El Ministerio del Interior y muchos partidos han lanzado una llamada a los extranjeros residentes en Espa\u00f1a con derecho a voto para que se registren en el censo antes de finales de a\u00f1o.<\/p>\n<p align=\"center\">Pero, \u00bfalguien ha visto informaci\u00f3n similar para los espa\u00f1oles que vivimos fuera?<\/p>\n<p align=\"center\">La respuesta, como podr\u00e9is imaginar, es no. A pesar de que el censo electoral de residentes en el exterior no para de aumentar \u2013m\u00e1s de un 45% desde el inicio de la crisis seg\u00fan datos del INE\u2013, la desinformaci\u00f3n para los 1,8 millones de electores emigrantes sobre c\u00f3mo ejercer nuestro derecho a voto es constante<\/p>\n<p align=\"center\"><a href=\"http:\/\/www.eldiario.es\/desde-todas-partes\/Censos-enesimo-pucherazo-electoral-exterior_6_338126203.html\">http:\/\/www.eldiario.es\/desde-todas-partes\/Censos-enesimo-pucherazo-electoral-exterior_6_338126203.html<\/a><\/p>\n<p align=\"center\"><b>178<\/b><\/p>\n<p align=\"center\"><b>De lo que no hablaron Rajoy y Felipe VI, Javier Gallego<\/b><\/p>\n<p align=\"center\">El presidente habla de la realidad que le conviene y se olvida de las v\u00edctimas que agonizan bajo sus cifras. El rey habla de la realidad solo lo conveniente. De corrupci\u00f3n pero no de su hermana, de los pobres pero no de quienes los provocan.<\/p>\n<p align=\"center\">Ellos hablaron de la realidad que les interesa, no de la que les afea. De lo que no habl\u00f3 el presidente es de las v\u00edctimas que agonizan bajo sus cifras. De lo que no habl\u00f3 el rey es de la realeza. Ni de c\u00f3mo va a modernizarse y legitimarse la Corona. Como hubiera dicho el magnate de los medios William Randolph Hearst, que tan buena propaganda habr\u00eda hecho con ambos: \u201cNo permitas que la realidad te estropee un buen discurso de Navidad\u201d.<\/p>\n<p align=\"center\"><a href=\"http:\/\/www.eldiario.es\/zonacritica\/hablaron-Rajoy-Felipe-VI_6_340225976.html\">http:\/\/www.eldiario.es\/zonacritica\/hablaron-Rajoy-Felipe-VI_6_340225976.html<\/a><\/p>\n<p align=\"center\"><b>179<\/b><\/p>\n<p align=\"center\"><b>Feminismo<\/b><\/p>\n<p align=\"center\"><b>179.1. Pacto feminista para las mujeres y para los hombres, Lidia Falc\u00f3n<\/b><\/p>\n<p align=\"center\">A la vez que las mujeres son v\u00edctimas de la situaci\u00f3n econ\u00f3mica general, padecen una violencia espec\u00edfica machista: son asesinadas en un n\u00famero cada vez mayor de feminicidos, sufren el acoso sexual en el trabajo y en la calle; son traficadas y explotadas en la prostituci\u00f3n; se les priva arbitrariamente de la custodia de sus hijas e hijos menores; no perciben ayudas por maternidad; el cuidado de los mayores recae b\u00e1sicamente sobre ellas; las diferencias salariales entre mujeres y hombres se perpet\u00faan y agrandan; el trabajo a tiempo parcial, los contratos eventuales, en precario y de econom\u00eda sumergida son mayoritariamente femeninos. Sin embargo no se le dan a estas situaciones dram\u00e1ticas el protagonismo que merecen.<\/p>\n<p align=\"center\">Nuestro Pacto Feminista tiene como objetivo obtener un espacio pol\u00edtico, en lo que se ha dado por entender pol\u00edtica para diferenciarlo del feminismo. Como si el feminismo consistiera en reivindicar \u00fanicamente los temas que ata\u00f1en directamente a la vida de las mujeres, mayoritariamente derivados de su tarea reproductora, cuando el feminismo es una ideolog\u00eda liberadora llegada a la escena de los movimientos sociales, como el anarquismo y el socialismo, cuando estos \u00faltimos no tuvieron en cuenta las demandas y reivindicaciones de la mitad de la poblaci\u00f3n. El feminismo tiene por objetivo acabar con todas las opresiones, y por tanto es vanguardia de lucha contra el machismo y el racismo, y contra la explotaci\u00f3n capitalista por la igualdad y el socialismo.<\/p>\n<p align=\"center\"><a href=\"http:\/\/blogs.publico.es\/lidia-falcon\/2014\/12\/28\/pacto-feminista-para-las-mujeres-y-para-los-hombres\/\">http:\/\/blogs.publico.es\/lidia-falcon\/2014\/12\/28\/pacto-feminista-para-las-mujeres-y-para-los-hombres\/<\/a><\/p>\n<p align=\"center\"><b>2179.2. Todo lo que siempre quiso saber sobre feminismo pero nunca se atrevi\u00f3 a preguntar, Luis Abenza<\/b><\/p>\n<p align=\"center\"><b>Parte I<\/b><\/p>\n<p align=\"center\"><a href=\"http:\/\/politikon.es\/2014\/12\/09\/todo-lo-que-siempre-quiso-saber-sobre-feminismo-pero-nunca-se-atrevio-preguntar-parte\/\">http:\/\/politikon.es\/2014\/12\/09\/todo-lo-que-siempre-quiso-saber-sobre-feminismo-pero-nunca-se-atrevio-preguntar-parte\/<\/a><\/p>\n<p align=\"center\"><b>Parte II: Feminismo e igualdad<\/b><\/p>\n<p align=\"center\"><a href=\"http:\/\/politikon.es\/2014\/12\/23\/todo-lo-que-siempre-quiso-saber-sobre-feminismo-pero-nunca-se-atrevio-preguntar-parte-ii-feminismo-e-igualdad\/\">http:\/\/politikon.es\/2014\/12\/23\/todo-lo-que-siempre-quiso-saber-sobre-feminismo-pero-nunca-se-atrevio-preguntar-parte-ii-feminismo-e-igualdad\/<\/a><\/p>\n<p align=\"center\"><b>Parte III: el feminismo de la diferencia y la \u201c\u00e9tica del cuidado<\/b><\/p>\n<p align=\"center\"><a href=\"http:\/\/politikon.es\/2014\/12\/29\/todo-lo-que-siempre-quiso-saber-sobre-feminismo-y-nunca-se-atrevio-preguntar-parte-iii-el-feminismo-de-la-diferencia-y-la-etica-del-cuidado\/\">http:\/\/politikon.es\/2014\/12\/29\/todo-lo-que-siempre-quiso-saber-sobre-feminismo-y-nunca-se-atrevio-preguntar-parte-iii-el-feminismo-de-la-diferencia-y-la-etica-del-cuidado\/<\/a><\/p>\n<p align=\"center\"><b>180<\/b><\/p>\n<p align=\"center\"><b>Entrevista a Ignacio Vidal-Folch, autor de <i>Pronto seremos felices<\/i><\/b><\/p>\n<p align=\"center\">\u201cLa democracia ha envejecido\u201d<\/p>\n<p align=\"center\">El escritor revisita a seres an\u00f3nimos que conoci\u00f3 en las revoluciones del Este y retrata el derrumbe de su ilusi\u00f3n. La \u00fanica tabla de salvaci\u00f3n: la cultura<\/p>\n<p align=\"center\"><a href=\"http:\/\/cultura.elpais.com\/cultura\/2014\/12\/17\/babelia\/1418820548_834073.html\">http:\/\/cultura.elpais.com\/cultura\/2014\/12\/17\/babelia\/1418820548_834073.html<\/a><\/p>\n<p align=\"center\"><b>181<\/b><\/p>\n<p align=\"center\"><b>Astillas de otro mundo, Jordi Gracia<\/b><\/p>\n<p align=\"center\">Rese\u00f1a de <i>Pronto seremos felices<\/i>, el libro con el que Ignacio Vidal-Folch regresa con la distancia del tiempo a aquel mundo de los pa\u00edses del Este.<\/p>\n<p align=\"center\"><a href=\"http:\/\/cultura.elpais.com\/cultura\/2014\/12\/19\/babelia\/1418989815_033354.html\">http:\/\/cultura.elpais.com\/cultura\/2014\/12\/19\/babelia\/1418989815_033354.html<\/a><\/p>\n<p align=\"center\"><b>182<\/b><\/p>\n<p align=\"center\"><b>La palabra maldita de la UE, Soledad Gallego-D\u00edaz<\/b><\/p>\n<p align=\"center\">Hace a\u00f1os que no se oye mencionar la convergencia, nada de dirigirse varios pa\u00edses a un mismo punto<\/p>\n<p align=\"center\">El principio de no discriminaci\u00f3n por raz\u00f3n de nacionalidad parece haberse desvanecido<\/p>\n<p align=\"center\">La crisis econ\u00f3mica ha terminado, anuncia el Gobierno en Espa\u00f1a. Probablemente, las cifras le den la raz\u00f3n. Pero si la crisis ha pasado, \u00bflo que tenemos ahora es la normalidad? \u00bfEs esto lo que nos espera durante la pr\u00f3xima d\u00e9cada?<\/p>\n<p align=\"center\">Con este modelo, con esta normalidad, lo que se consagra es una Europa dual, sin convergencia posible, en la que, desde luego, resulta sarc\u00e1stico, una burla humillante, hablar de ciudadan\u00eda europea<\/p>\n<p align=\"center\"><a href=\"http:\/\/elpais.com\/elpais\/2014\/12\/26\/opinion\/1419607329_791057.html\">http:\/\/elpais.com\/elpais\/2014\/12\/26\/opinion\/1419607329_791057.html<\/a><\/p>\n<p align=\"center\"><b>183<\/b><\/p>\n<p align=\"center\"><b>Grecia<\/b><\/p>\n<p align=\"center\"><b>183.1. Una cuesti\u00f3n de fe, Jos\u00e9 Ignacio Torreblanca<\/b><\/p>\n<p align=\"center\">El drama se representa en Grecia pero la obra podr\u00eda ser en cualquier teatro del sur europeo<\/p>\n<p align=\"center\">Las pr\u00f3ximas elecciones griegas ser\u00e1n en realidad un refer\u00e9ndum al que s\u00f3lo concurrir\u00e1n dos opciones: las de los que temen hundirse a\u00fan m\u00e1s y las de los que piensan que ya han tocado fondo y quieren arriesgar lo que les queda. Tal y como est\u00e1n las cosas, ninguna de las dos opciones es racional: ni los resultados de las reformas son lo suficientemente buenos, r\u00e1pidos ni equitativos para validarlas en las urnas ni las promesas de los rupturistas son lo suficientemente plausibles como para concederles la confianza que piden. Por eso, los griegos acudir\u00e1n a las urnas el 25 de enero armados meramente de su fe en el futuro. No deja de resultar una incre\u00edble paradoja que la pol\u00edtica econ\u00f3mica de la eurozona, que presume de haber dise\u00f1ado los instrumentos de gobernanza m\u00e1s complejos de los que nunca los Estados se han dotado, s\u00f3lo pueda validarse por la fe<\/p>\n<p align=\"center\"><a href=\"http:\/\/internacional.elpais.com\/internacional\/2014\/12\/29\/actualidad\/1419873194_171608.html\">http:\/\/internacional.elpais.com\/internacional\/2014\/12\/29\/actualidad\/1419873194_171608.html<\/a><\/p>\n<p align=\"center\"><b>183.2. En Grecia pueden pasar muchas cosas, Carlos Elordi<\/b><\/p>\n<p align=\"center\">En 27 d\u00edas, que son los que faltan para que tengan lugar las elecciones generales, pueden producirse significativas modificaciones del panorama actual<\/p>\n<p align=\"center\"><a href=\"http:\/\/www.eldiario.es\/miradaalmundo\/Grecia-pueden-pasar-muchas-cosas_6_340226002.html\">http:\/\/www.eldiario.es\/miradaalmundo\/Grecia-pueden-pasar-muchas-cosas_6_340226002.html<\/a><\/p>\n<p align=\"center\"><b>183.3. Por qu\u00e9 Espa\u00f1a no es Grecia (aunque puede llegar a serlo), Carlos S\u00e1nchez<\/b><\/p>\n<p align=\"center\">Grecia, como admiten todos los informes de los servicios de estudios privados, nunca podr\u00e1 pagar su\u00a0deuda p\u00fablica\u00a0(a ella hay que sumar la privada).<\/p>\n<p align=\"center\">Mientras\u00a0Alemania\u00a0se financia a menos del 0,6% a diez a\u00f1os, el Tesoro griego lo hace todav\u00eda a un incre\u00edble 9,26% (Espa\u00f1a, al 1,69%).<\/p>\n<p align=\"center\">Su\u00a0balanza de pagos\u00a0(incorporando todos los flujos monetarios) supone todav\u00eda un d\u00e9ficit del 2,8%, mientras que Espa\u00f1a ha podido tapar el agujero y hoy el Ministerio de Econom\u00eda <a href=\"http:\/\/serviciosweb.meh.es\/apps\/dgpe\/TEXTOS\/documentos\/prevesp.pdf\">estima<\/a> un super\u00e1vit exterior\u00a0equivalente al 1,5% del PIB para este a\u00f1o que termina.<\/p>\n<p align=\"center\">En eso s\u00ed se parecen Espa\u00f1a y Grecia. Los dos pa\u00edses \u2013junto a Portugal\u2013 son los m\u00e1s restrictivos en cuanto a concesi\u00f3n de\u00a0nuevos cr\u00e9ditos, seg\u00fan las encuestas trimestrales sobre pr\u00e9stamos bancarios que elabora trimestralmente el BCE.<\/p>\n<p align=\"center\">La profunda pol\u00edtica de\u00a0recortes\u00a0ha tenido efectos devastadores en t\u00e9rminos de prestaciones sociales, pero tambi\u00e9n en forma de desempleo. Y eso es lo que en realidad est\u00e1 detr\u00e1s del <a href=\"http:\/\/www.elconfidencial.com\/mundo\/2014-12-29\/grecia-tira-la-toalla-convoca-elecciones-y-abre-la-puerta-a-que-gobierne-su-podemos_614268\/\">auge<\/a> de Syriza, que ha podido capitalizar el descontento con la\u00a0<a href=\"http:\/\/www.elconfidencial.com\/mientras-tanto\/2011\/cicuta-recorre-europa-20110626-7581.html\">\u2018vieja pol\u00edtica\u2019<\/a>\u00a0\u2013la de los\u00a0Karamanlis\u00a0y los\u00a0Papandreu\u2013\u00a0que ha arruinado a las clases medias y las ha echado en brazos del populismo. Los salarios han ca\u00eddo m\u00e1s de un 11% en el \u00faltimo trienio, muy por encima de lo que han descendido en Espa\u00f1a.<\/p>\n<p align=\"center\">Lo parad\u00f3jico es que tanto en Espa\u00f1a como en Grecia la eclosi\u00f3n de las nuevas formaciones populistas coincide con la\u00a0recuperaci\u00f3n econ\u00f3mica, al menos en t\u00e9rminos de PIB. Grecia (un 2,9%) y Espa\u00f1a (2%) liderar\u00e1n el crecimiento en la Uni\u00f3n Europea en 2015, pero tambi\u00e9n en\u00a02016. Curioso y l\u00f3gico despu\u00e9s de haber\u00a0bajado a los infiernos\u00a0durante media docena de a\u00f1os. Y es que en Grecia, como en Espa\u00f1a, el problema hoy es pol\u00edtico, no s\u00f3lo econ\u00f3mico.<\/p>\n<p align=\"center\"><a href=\"http:\/\/www.elconfidencial.com\/economia\/2014-12-30\/por-que-espana-no-es-grecia-aunque-puede-llegar-a-serlo_614683\/\">http:\/\/www.elconfidencial.com\/economia\/2014-12-30\/por-que-espana-no-es-grecia-aunque-puede-llegar-a-serlo_614683\/<\/a><\/p>\n<p align=\"center\"><b>183.4. Grecia vuelve al primer plano y a\u00f1ade incertidumbre, Fernando Gonz\u00e1lez Urbaneja<\/b><\/p>\n<p align=\"center\">Los griegos tienen todo el derecho a elegir su propio futuro, incluso a equivocarse. Desde luego que en la lista de equivocados, hasta ahora, figura la Comisi\u00f3n Europea que se opuso al refer\u00e9ndum que quiso convocar Papandreu el a\u00f1o 2011 tras reconocer que el pa\u00eds era incapaz de pagar sus deudas. En Bruselas temen esos ejercicios democr\u00e1ticos y optaron por la imposici\u00f3n de pol\u00edticas de austeridad que han gozado de general rechazo de los griegos y han abrasado los gobiernos de los dos partidos mayoritarios tradicionales, socialista y conservador. Los primeros pueden desaparecer del mapa y los segundos irse a la oposici\u00f3n.<\/p>\n<p align=\"center\">Quedan p\u00e1ginas por escribir, la primera los resultados electorales del 25 de enero, la segunda como ser\u00e1 la coalici\u00f3n de gobierno que haga cargo de la situaci\u00f3n, y tercera la estrategia de negociaci\u00f3n del nuevo gobierno que no ser\u00e1 la de los programas electorales por cuanto parece imposible una mayor\u00eda absoluta. Ese nuevo gobierno puede estar formado por partidos que nada tuvieron que ver con la gesti\u00f3n de la crisis desde 2010 y por eso mismo abre una etapa nueva en esta larga crisis cuyo surco central es la gesti\u00f3n de la deuda, un asunto que tambi\u00e9n interesa mucho a los espa\u00f1oles que van a seguir con mucha atenci\u00f3n el caso griego y sus efectos en las expectativas de los electores..<\/p>\n<p align=\"center\"><a href=\"http:\/\/www.republica.com\/la-bolsa-o-la-vida\/2014\/12\/29\/grecia-vuelve-al-primer-plano-y-anade-incertidumbre\/\">http:\/\/www.republica.com\/la-bolsa-o-la-vida\/2014\/12\/29\/grecia-vuelve-al-primer-plano-y-anade-incertidumbre\/<\/a><\/p>\n<p align=\"center\"><b>183.5. Grecia no querr\u00e1 ser la Argentina europea, Jes\u00fas S\u00e1nchez-Qui\u00f1ones<\/b><\/p>\n<p align=\"center\">Ninguna de las medidas propuestas por Syriza se podr\u00e1 llevar a la pr\u00e1ctica\u00a0sin un acuerdo con los organismos internacionales.<\/p>\n<p align=\"center\">La capacidad de coacci\u00f3n de un eventual Gobierno de Syriza al resto de socios europeos y a los organismos internacionales es muy limitada. La posibilidad de contagio a otros pa\u00edses es muy reducida.<\/p>\n<p align=\"center\"><a href=\"http:\/\/blogs.elconfidencial.com\/economia\/informacion-privilegiada\/2014-12-30\/grecia-no-querra-ser-la-argentina-europea_614727\/\">http:\/\/blogs.elconfidencial.com\/economia\/informacion-privilegiada\/2014-12-30\/grecia-no-querra-ser-la-argentina-europea_614727\/<\/a><\/p>\n<p align=\"center\"><b>183.6. Grecia, espejo y contagio, Primo Gonz\u00e1lez<\/b><\/p>\n<p align=\"center\">\u00bfEs posible un contagio desde Grecia a escala europea y en particular hacia un pa\u00eds como Espa\u00f1a, en donde el movimiento radical Podemos presenta numerosas similitudes ideol\u00f3gicas y de historial pol\u00edtico y cuenta tambi\u00e9n con posibilidades de obtener una importante cuota electoral en la representaci\u00f3n parlamentaria? De momento, existe una diferencia de tiempos que puede tener su trascendencia, ya que un hipot\u00e9tico Gobierno griego dominado por Syriza har\u00e1 su aparici\u00f3n en escena durante el mes de febrero o como mucho marzo del a\u00f1o pr\u00f3ximo, mientras el resultado de las pr\u00f3ximas legislativas espa\u00f1olas se conocer\u00e1, en principio, a lo largo de noviembre pr\u00f3ximo, es decir, diez meses m\u00e1s tarde. Para entonces ya sabremos bastante de lo que ha podido cristalizar en Grecia con las pol\u00e9micas propuestas de Syriza. Hay bastantes posibilidades de que la distancia entre sus propuestas populistas, posiblemente irrealizables algunas de ellas, y lo que un hipot\u00e9tico Gobierno radical griego pueda poner en pr\u00e1ctica, conduzca finalmente a un punto de encuentro menos dram\u00e1tico de lo que se pueda imaginar en la m\u00e1s extrema de las conjeturas.<\/p>\n<p align=\"center\"><a href=\"http:\/\/www.republica.com\/retablos-financieros\/2014\/12\/29\/grecia-espejo-y-contagio\/\">http:\/\/www.republica.com\/retablos-financieros\/2014\/12\/29\/grecia-espejo-y-contagio\/<\/a><\/p>\n<p align=\"center\"><b>183.7. Urnas para los griegos, ansiol\u00edticos para los mercados Rosa Mar\u00eda Artal<\/b><\/p>\n<p align=\"center\">La estabilidad de los mercados, su sosiego y felicidad, no pueden edificarse a costa del bienestar y de la vida de millones de personas. No puede ser \u00e9se el par\u00e1metro que rija para condicionar la democracia.\u00a0 No se nos puede quitar todo para engrosar sus ingentes beneficios<\/p>\n<p align=\"center\">Llegados a este punto, hay que recomendar a los mercados que se traten con ansiol\u00edticos. Bien es cierto que acuciados por la preocupaci\u00f3n, se les despierta el pragmatismo y rebajan cuant\u00edas y extienden plazos como sucedi\u00f3 en Islandia, e igual pueden moderar la dosis terap\u00e9utica.<\/p>\n<p align=\"center\"><a href=\"http:\/\/www.eldiario.es\/zonacritica\/Urnas-griegos-ansioliticos-Mercados_6_340225992.html\">http:\/\/www.eldiario.es\/zonacritica\/Urnas-griegos-ansioliticos-Mercados_6_340225992.html<\/a><\/p>\n<p align=\"center\"><b>183.8. Tremending topic: tuits que comentan la decisi\u00f3n del FMI sobre Grecia<\/b><\/p>\n<p align=\"center\">En Grecia ha nacido un nuevo partido pol\u00edtico. Se llama FMI y aunque no concurre a las elecciones ya ha empezado su campa\u00f1a.<\/p>\n<p align=\"center\">Y es que hoy los griegos se han encontrado con una\u00a0<a href=\"http:\/\/www.publico.es\/internacional\/comision-europea-y-fmi-amenazan.html\" target=\"_blank\" rel=\"noopener\">amenaza directa de la Troika<\/a>. El FMI ha suspendido el programa de rescate hasta despu\u00e9s de las elecciones y la Comisi\u00f3n Europea ha asegurado que es \u201cesencial\u201d un amplio apoyo de los votantes \u201cal necesario proceso de reformas\u201d. Curiosamente en un momento en que Syriza va por delante en las encuestas.<\/p>\n<p align=\"center\"><a href=\"http:\/\/blogs.publico.es\/tremending-topic\/2014\/12\/29\/como-el-fmi-amenace-a-espana-en-las-elecciones-pablemos-va-a-salir-elegido-emperador\/\">http:\/\/blogs.publico.es\/tremending-topic\/2014\/12\/29\/como-el-fmi-amenace-a-espana-en-las-elecciones-pablemos-va-a-salir-elegido-emperador\/<\/a><\/p>\n<p align=\"center\"><b>184<\/b><\/p>\n<p align=\"center\"><b>La desigualdad y los ni\u00f1os de EE UU, Joseph E. Stiglitz<\/b><\/p>\n<p align=\"center\">De todo el da\u00f1o que puede hacer la pobreza, el que causa a los menores es el que m\u00e1s nos debe preocupar.<\/p>\n<p align=\"center\">La desigualdad de ingresos se correlaciona con inequidades en los \u00e1mbitos de salud, acceso a la educaci\u00f3n, y exposici\u00f3n a riesgos ambientales; todas estas desigualdades agobian m\u00e1s a los ni\u00f1os en comparaci\u00f3n con el resto de segmentos de la poblaci\u00f3n .<\/p>\n<p align=\"center\">en los pa\u00edses en los que los ni\u00f1os tienen una alimentaci\u00f3n inadecuada, un acceso insuficiente a los servicios de salud y educaci\u00f3n, y una mayor exposici\u00f3n a los riesgos ambientales, los hijos de los pobres tendr\u00e1n perspectivas de vida muy distintas que los hijos de quienes son ricos .<\/p>\n<p align=\"center\">Si no se toman medidas compensatorias \u2014incluyendo una educaci\u00f3n preescolar que idealmente comience a una edad muy temprana\u2014 la desigualdad de oportunidades se traduce en resultados desiguales durante toda la vida en el momento que los ni\u00f1os llegan a la edad de cinco a\u00f1os. Esto deber\u00eda incentivar a que se realicen acciones para implementar pol\u00edticas. <a href=\"http:\/\/economia.elpais.com\/economia\/2014\/12\/26\/actualidad\/1419590452_449014.html\">http:\/\/economia.elpais.com\/economia\/2014\/12\/26\/actualidad\/1419590452_449014.html<\/a><\/p>\n<p align=\"center\"><b>185<\/b><\/p>\n<p align=\"center\"><b>El derecho a no ser espiado, Marc Carrillo<\/b><\/p>\n<p align=\"center\">La reforma que planea el Gobierno est\u00e1 en las ant\u00edpodas de un sistema democr\u00e1tico<\/p>\n<p align=\"center\">El anteproyecto de reforma de la Ley de Enjuiciamiento Criminal reinventa la Constituci\u00f3n.<\/p>\n<p align=\"center\">Los ciudadanos tienen derecho a no\u00a0 ver interceptadas sus comunicaciones con otra persona.<\/p>\n<p align=\"center\"><a href=\"http:\/\/elpais.com\/elpais\/2014\/12\/23\/opinion\/1419332095_072631.html\">http:\/\/elpais.com\/elpais\/2014\/12\/23\/opinion\/1419332095_072631.html<\/a><\/p>\n<p align=\"center\"><b>186<\/b><\/p>\n<p align=\"center\"><b>Dilemas de 2015, Joaqu\u00edn Estefan\u00eda<\/b><\/p>\n<p align=\"center\">La democracia se debilita por la rebeli\u00f3n de unas \u00e9lites descomprometidas con la sociedad.<\/p>\n<p align=\"center\">El car\u00e1cter irreal de la pol\u00edtica oficial refleja el aislamiento de quien la protagoniza de la vida cotidiana de la mayor\u00eda.<\/p>\n<p align=\"center\"><a href=\"http:\/\/elpais.com\/elpais\/2014\/12\/26\/opinion\/1419606339_909605.html\">http:\/\/elpais.com\/elpais\/2014\/12\/26\/opinion\/1419606339_909605.html<\/a><\/p>\n<p align=\"center\"><b>187<\/b><\/p>\n<p align=\"center\"><b>Tasas judiciales contra la Justicia, V\u00edctor Arrogante<\/b><\/p>\n<p align=\"center\">La Justicia ya no es para todos. Rajoy ha establecido una Justicia para ricos y otra para pobres, que por lo elevado de las tasas no pueden acceder a ella.<\/p>\n<p align=\"center\">La Justicia deja de serlo, al discriminar y tratar de forma diferente ya sean unos u otros. En el Estado social y democr\u00e1tico Derecho, la Justicia debe ser independiente, para todos y sin tasas.<\/p>\n<p align=\"center\"><a href=\"http:\/\/www.nuevatribuna.es\/opinion\/victor-arrogante\/tasas-judiciales-justicia\/20141229150828110781.html\">http:\/\/www.nuevatribuna.es\/opinion\/victor-arrogante\/tasas-judiciales-justicia\/20141229150828110781.html<\/a><\/p>\n<p align=\"center\"><b>188<\/b><\/p>\n<p align=\"center\"><b>PSOE<\/b><\/p>\n<p align=\"center\"><b>188.1. PSOE: El 135 versus los 135<\/b><\/p>\n<p align=\"center\">Firman este art\u00edculo: Alberto del Pozo, Antonio Gonz\u00e1lez, Mario Campano, Antonio Arroyo Gil, Od\u00f3n Elorza, Jorge Fabra Utray, M\u00f3nica Melle, Vicente Mont\u00e1vez, Cristina Narbona, Pedro Sabando Sequ\u00ed y Borja Su\u00e1rez, militantes o simpatizantes del PSOE.<\/p>\n<p align=\"center\">Explican la situaci\u00f3n de descr\u00e9dito que ha cosechado el PSOE en los \u00faltimos a\u00f1os y su consecuente descenso electoral.<\/p>\n<p align=\"center\">\u00abNo nos parece sorprendente la rectificaci\u00f3n en el 135, sino coherente. Lo que nos sorprende es que tantos cuadros en la \u00f3rbita del PSOE hayan defendido encendidamente en los \u00faltimos a\u00f1os medidas tan neoliberales como: la permanente conveniencia de rebajar el coste del despido para reducir la dualidad laboral e impulsar la contrataci\u00f3n; la imposibilidad de poner coto efectivo a la contrataci\u00f3n temporal no causal (es decir, ilegal) para no desincentivar la creaci\u00f3n de empleo; la supresi\u00f3n de un mecanismo de revalorizaci\u00f3n de pensiones que evite una cuantiosa p\u00e9rdida de poder adquisitivo a nuestros mayores supuestamente para \u201cgarantizar la sostenibilidad del sistema\u201d; la eliminaci\u00f3n del Impuesto de Patrimonio porque \u201clos ricos no pagan Patrimonio\u201d; la eliminaci\u00f3n del Impuesto de Sucesiones para no perjudicar el ahorro; la reducci\u00f3n de la tributaci\u00f3n de las rentas de capital para atraer inversiones; la minoraci\u00f3n de la progresividad del IRPF para no desincentivar el trabajo y la llegada de \u201ctalentos\u201d; la no modificaci\u00f3n del r\u00e9gimen de las SICAV para evitar la huida de capitales; la gesti\u00f3n privada de la sanidad porque es m\u00e1s eficiente que la p\u00fablica; el mantenimiento de los privilegios econ\u00f3micos de la iglesia en la fiscalidad y la ense\u00f1anza;\u2026 Son este tipo de cuestiones de naturaleza econ\u00f3mica las que, a nuestro juicio, han contribuido a llevar al Partido Socialista a la situaci\u00f3n de descr\u00e9dito de los \u00faltimos a\u00f1os, y a su consecuente descenso electoral.\u00bb<\/p>\n<p align=\"center\"><a href=\"http:\/\/www.nuevatribuna.es\/articulo\/espana\/psoe-135-versus-135\/20141223121043110660.html\">http:\/\/www.nuevatribuna.es\/articulo\/espana\/psoe-135-versus-135\/20141223121043110660.html<\/a><\/p>\n<p align=\"center\"><b>188.2. PSOE: un partido de barones para un tiempo de ciudadanos, Gonzalo L\u00f3pez-Alba<\/b><\/p>\n<p align=\"center\">Los socialistas terminan 2014 como lo empezaron: con incertidumbres de liderazgo y de proyecto.<\/p>\n<p align=\"center\">S\u00e1nchez tiene m\u00e1s legitimidad formal que ning\u00fan secretario anterior, pero carece de legitimidad real por ser fruto de un pacto entre bastidores.<\/p>\n<p align=\"center\">El temor a perder incluso el papel de bisagra agita de nuevo el posible desembarco de Susana D\u00edaz como candidata electoral.<\/p>\n<p align=\"center\"><a href=\"http:\/\/blogs.elconfidencial.com\/espana\/interiores\/2014-12-28\/psoe-un-partido-de-barones-para-un-tiempo-de-ciudadanos_613883\/\">http:\/\/blogs.elconfidencial.com\/espana\/interiores\/2014-12-28\/psoe-un-partido-de-barones-para-un-tiempo-de-ciudadanos_613883\/<\/a><\/p>\n<p align=\"center\"><b>188.3. \u00bfEst\u00e1 recuper\u00e1ndose el PSOE con Pedro S\u00e1nchez?, \u00c1ngel Gonz\u00e1lez Bardaj\u00ed<\/b><\/p>\n<p align=\"center\">La\u00a0buena valoraci\u00f3n personal de S\u00e1nchez, que superaba ampliamente al presidente Rajoy y pisaba los talones a Iglesias, confirmar\u00eda que la v\u00eda, segura aunque trabajosa y lenta, para recuperar el PSOE pasa por el fortalecimiento de la figura de su flamante secretario general.<\/p>\n<p align=\"center\">Los sectores cr\u00edticos se muestran menos expresivos respecto del estado de salud del partido y se limitan a lamentarse del \u201cculto a la personalidad\u201d del nuevo secretario general\u00a0al que acusan de trabajar m\u00e1s por su candidatura a las elecciones generales que por los resultados territoriales del partido en las inminentes contiendas municipales y regionales. Solo soterradamente confiesan su preocupaci\u00f3n por el horizonte electoral socialista.<\/p>\n<p align=\"center\">Hay dos poderosas razones para pensar que las perspectivas son mucho m\u00e1s sombr\u00edas para el PSOE:<\/p>\n<p align=\"center\">La primera raz\u00f3n es que el PSOE ha perdido, o cuando menos est\u00e1 en la v\u00edspera de perder, su\u00a0tradicional hegemon\u00eda en el espacio del centro izquierda. La irrupci\u00f3n de Podemos desplaza en numerosas zonas al PSOE a la tercera posici\u00f3n, y tambi\u00e9n a escala nacional en la mayor\u00eda de las encuestas. M\u00e1s all\u00e1 del dato, grave en s\u00ed mismo,\u00a0esta situaci\u00f3n plantea a su vez un triple problema: anulaci\u00f3n de la din\u00e1mica de voto \u00fatil, merma de la rentabilidad del voto en las dos docenas de circunscripciones menos pobladas donde el tercero en disputa no cosecha esca\u00f1o por mor de la Ley D\u00b4Hont y un endiablado dilema en los pactos postelectorales.<\/p>\n<p align=\"center\">La segunda raz\u00f3n es la\u00a0clamorosa ausencia de lo que podr\u00eda denominarse un Proyecto socialista. Entendiendo por tal no el mamotreto de 300 p\u00e1ginas aprobado en la Conferencia Pol\u00edtica auspiciada por Rubalcaba a finales de 2013. Un Proyecto es una exposici\u00f3n breve, condensable incluso en pocas frases, sint\u00e9tica como un haiku japon\u00e9s, formulable en espacios tan distintos como un encuentro de colegas ante la barra de un bar o un foro acad\u00e9mico, y que responde a tres cuestiones: \u00bfQu\u00e9 le pasa al pa\u00eds? \u00bfC\u00f3mo se resuelve? \u00bfC\u00f3mo piensa el Partido y el candidato lograrlo?<\/p>\n<p align=\"center\"><a href=\"http:\/\/www.infolibre.es\/noticias\/opinion\/2014\/12\/23\/esta_recuperandose_psoe_con_pedro_sanchez_25719_1023.html\" target=\"_blank\" rel=\"noopener\">http:\/\/www.infolibre.es\/noticias\/opinion\/2014\/12\/23\/esta_recuperandose_psoe_con_pedro_sanchez_25719_1023.html<\/a><\/p>\n<p align=\"center\"><b>188.4. \u00bfD\u00f3nde vas, Susana D\u00edaz?, Javier Caraballo<\/b><\/p>\n<p align=\"center\">Cada vez que la presidenta andaluza ha podido hacer una declaraci\u00f3n, un gui\u00f1o o una foto que pudieran interpretarse como un desaf\u00edo a Pedro S\u00e1nchez, lo ha hecho.<\/p>\n<p align=\"center\">Abandonar la Junta de Andaluc\u00eda sin ni siquiera haber ganado unas elecciones auton\u00f3micas (que nunca se olvide este detalle, que sustituy\u00f3 a\u00a0Gri\u00f1\u00e1n, \u2018quemado\u2019 por los ERE) es un arriesgado salto en el vac\u00edo, pero mantenerse en la pol\u00edtica andaluza despu\u00e9s de haber amagado durante tanto tiempo con dar el salto puede acabar pinchando el aura de \u2018gran esperanza de la izquierda\u2019 que se ha ganado hasta ahora. En medio de todo, que no es una cuesti\u00f3n menor sino la principal, la inestabilidad generada en el Partido Socialista por un inter\u00e9s exclusivamente personal. Susana D\u00edaz, en fin, puede haber metido al PSOE en una espiral imposible y en el peor momento.<\/p>\n<p align=\"center\">\u2018Imagen de poder\u2019; el problema de Susana D\u00edaz es que \u00e9se es su \u00fanico balance hasta el momento.<\/p>\n<p align=\"center\"><a href=\"http:\/\/blogs.elconfidencial.com\/espana\/matacan\/2014-12-30\/donde-vas-susana-diaz_614770\/\">http:\/\/blogs.elconfidencial.com\/espana\/matacan\/2014-12-30\/donde-vas-susana-diaz_614770\/<\/a><\/p>\n<p align=\"center\"><b>189<\/b><\/p>\n<p align=\"center\"><b>La deuda leg\u00edtima, Ernesto Ruiz Ureta<\/b><\/p>\n<p align=\"center\">La pregunta es \u00bfEs recomendable hacer una auditor\u00eda de la deuda o no?<\/p>\n<p align=\"center\">Quiero esbozar un cuadro dando unas pinceladas con algunos ejemplos de deuda, posiblemente no son los m\u00e1s representativos pero son una muestra variada recogida de la bibliograf\u00eda. Que sean los lectores los que opinen acerca de la legitimidad, ilegitimidad u odiosidad.<\/p>\n<p align=\"center\">En Espa\u00f1a hay que recalcar nuevamente que entre los a\u00f1os 2005 y 2007 no hubo d\u00e9ficit p\u00fablico sino super\u00e1vit y en consecuencia no hubo aumento de deuda p\u00fablica. La deuda privada, sin embargo, crec\u00eda y con la entrada en el Euro se intensific\u00f3 el sobreendeudamiento privado basado especialmente en la inversi\u00f3n en el sector inmobiliario, mientras la deuda p\u00fablica entre el a\u00f1o 1996 al 2007, a\u00f1o de inicio de la crisis, baja consecuentemente en relaci\u00f3n a la deuda privada.<\/p>\n<p align=\"center\"><a href=\"http:\/\/www.nuevatribuna.es\/opinion\/ernesto-ruiz-ureta\/deuda-legitima\/20141226091539110717.html\">http:\/\/www.nuevatribuna.es\/opinion\/ernesto-ruiz-ureta\/deuda-legitima\/20141226091539110717.html<\/a><b><\/b><\/p>\n<p align=\"center\"><b>190<\/b><\/p>\n<p align=\"center\"><b>Montoro adelanta a Podemos con quitas de deuda, Alejandro Inurrieta<\/b><\/p>\n<p align=\"center\">El Ministro de Hacienda nos sorprende, en a\u00f1o electoral, con\u00a0una quita encubierta de deuda a las Comunidades Aut\u00f3nomas, a pesar de la reducci\u00f3n de las prestaciones p\u00fablicas, de la ausencia de inversi\u00f3n p\u00fabica, de la congelaci\u00f3n salarial y del ajuste de empleo en el sector p\u00fablico. En un ejercicio en el que las CCAA afrontan vencimientos de deuda por valor de 36.000 millones de euros, Montoro ha decidido, sin estudiar las consecuencias, la condonaci\u00f3n de intereses a todas las CCAA de 5.811 millones de euros. Es decir, un 0,6% del PIB. En pleno ejercicio de consolidaci\u00f3n fiscal, y viendo que muchos territorios no cumplen con los objetivos, sencillamente porque es imposible, decide inventarse una serie de fondos para regar de liquidez, principalmente, a aquellas m\u00e1s endeudadas.<\/p>\n<p align=\"center\">Las agraciadas con el Gordo de Navidad de Montoro son Valencia y Catalu\u00f1a.<\/p>\n<p align=\"center\">Como siempre en estos casos, surge el concepto de Riesgo Moral, es decir por qu\u00e9 se prima a quienes no cumplen y se beneficia a los m\u00e1s endeudados y quienes han llevado a cabo una p\u00e9sima pol\u00edtica presupuestaria. Pero este debate se cierra en el mismo momento que se utiliza el BOE para plasmar esta sutil f\u00f3rmula de adulteraci\u00f3n electoral en forma de quita de deuda. La pregunta que surge es,\u00a0\u00bfpor qu\u00e9 no se crea un fondo parecido para llevar a cabo una quita a las familias en riesgo de exclusi\u00f3n?<\/p>\n<p align=\"center\">La irrupci\u00f3n de\u00a0Podemos ha a\u00f1adido otro factor que coadyuva a sembrar y desterrar el mantra que Espa\u00f1a se hundir\u00eda sin remisi\u00f3n si llevase a cabo una quita unilateral de deuda. Es cierto que los discursos iniciales \u00a0de Podemos estaban sin pulir y sin pensar, pero ha servido para poner encima de la mesa uno de los principales problemas de la econom\u00eda espa\u00f1ola.<\/p>\n<p align=\"center\"><a href=\"http:\/\/vozpopuli.com\/blogs\/5311-ainurrieta-montoro-adelanta-a-podemos-con-quitas-de-deuda\">http:\/\/vozpopuli.com\/blogs\/5311-ainurrieta-montoro-adelanta-a-podemos-con-quitas-de-deuda<\/a><\/p>\n<p align=\"center\"><b>191<\/b><\/p>\n<p align=\"center\"><b>Podemos<\/b><\/p>\n<p align=\"center\"><b>191.1. El a\u00f1o de Podemos, Javier P\u00e9rez Royo<\/b><\/p>\n<p align=\"center\">La convocatoria lanzada a la ciudadan\u00eda de todo el Estado para que salga a la calle en Madrid el 31 de enero, va a marcar pol\u00edticamente no solo el comienzo de este a\u00f1o electoral, sino posiblemente todo el a\u00f1o. Podemos est\u00e1 poniendo de manifiesto que es el \u00fanico partido que se siente en condiciones de hacer en solitario una convocatoria de esta naturaleza. Ning\u00fan partido se considera legitimado para hacer un llamamiento al pa\u00eds, como el que ellos han hecho. Atreverse a ofrecer en solitario a toda la sociedad espa\u00f1ola sin distinci\u00f3n un cauce de expresi\u00f3n para que manifieste su voluntad de hacer frente a una situaci\u00f3n de emergencia tan prolongada como la que estamos atravesando, no se ha atrevido a hacerlo ning\u00fan partido nunca.<\/p>\n<p align=\"center\"><a href=\"http:\/\/elpais.com\/elpais\/2014\/12\/29\/opinion\/1419838727_407577.html\">http:\/\/elpais.com\/elpais\/2014\/12\/29\/opinion\/1419838727_407577.html<\/a><\/p>\n<p align=\"center\"><b>191.2. Entrevista a Pablo Echenique, eurodiputado y candidato a la Secretar\u00eda General de Podemos en Arag\u00f3n<\/b><\/p>\n<p align=\"center\"><b>a) En <i>P\u00fablico<\/i><\/b><\/p>\n<p align=\"center\">Cuanto m\u00e1s se acerquen las elecciones los ataques a Podemos ir\u00e1n a peor. La gente que est\u00e1 gobernando est\u00e1 muy acostumbrada al chiringuito que tienen montado y no lo van a soltar con facilidad: han demostrado que no tienen escr\u00fapulos<\/p>\n<p align=\"center\"><a href=\"http:\/\/www.publico.es\/politica\/iglesias-no-me-apoyo-le.html\">http:\/\/www.publico.es\/politica\/iglesias-no-me-apoyo-le.html<\/a><\/p>\n<p align=\"center\"><b>b) En <i>La sexta noche<\/i><\/b><\/p>\n<p align=\"center\">No queremos aplicar en Espa\u00f1a el modelo de ning\u00fan otro pa\u00eds<\/p>\n<p align=\"center\">Hay una situaci\u00f3n de emergencia humanitaria en Espa\u00f1a<\/p>\n<p align=\"center\">Hay cosas que nos preocupan bastante m\u00e1s que el nacionalismo<\/p>\n<p align=\"center\">En el momento en que Podemos use la puerta giratoria seremos casta<\/p>\n<p align=\"center\">No tengo previsto presentarme a la presidencia de Arag\u00f3n<\/p>\n<p align=\"center\"><a href=\"http:\/\/www.lasexta.com\/programas\/sexta-noche\/entrevistas\/pablo-echenique-queremos-aplicar-espana-modelo-ningun-otro-pais_2014122700221.html\">http:\/\/www.lasexta.com\/programas\/sexta-noche\/entrevistas\/pablo-echenique-queremos-aplicar-espana-modelo-ningun-otro-pais_2014122700221.html<\/a><\/p>\n<p align=\"center\"><b>191.3. Podr\u00edan, Kepa Aulestia en <i>La Vanguardia<\/i><\/b><\/p>\n<p align=\"center\">La aparici\u00f3n de Podemos est\u00e1 anunciando poco menos que un cataclismo en el orden establecido, del bipartidismo en Espa\u00f1a y del multipartidismo en Catalunya y en Euskadi. Casi cuarenta a\u00f1os de encuadramiento electoral parecen venirse abajo con la emergencia de una fuerza imprevista, que no es f\u00e1cil de situar en el doble eje izquierda-derecha y nacionalismo-centralismo de la bidimensi\u00f3n pol\u00edtica espa\u00f1ola. Como si el plano se transformase en un espacio atravesado por un tercer eje prosistema-antisistema. Como si se acabara la bicoca de ser gobierno y oposici\u00f3n a la vez en el caso de Mas y Urkullu.<\/p>\n<p align=\"center\">Pero la llegada al foro p\u00fablico conlleva obligaciones que Pablo Iglesias y su gente no pueden soslayar. La primera y b\u00e1sica es reconocer que los dem\u00e1s estaban ah\u00ed porque as\u00ed lo hab\u00edan decidido miles y hasta millones de ciudadanos que no merecen ser tratados como simples alienados por la casta. En otras palabras Podemos debe renunciar a cualquier tentaci\u00f3n de erigirse en una alternativa total y totalizadora para cumplir con los m\u00ednimos democr\u00e1ticos. Del mismo modo que los dem\u00e1s deben a Podemos un margen de confianza a favor del pluralismo, Podemos tiene pendiente asumir la pluralidad como requisito indispensable para que una sociedad se declare abierta.<\/p>\n<p align=\"center\">La segunda es poner en positivo la severa cr\u00edtica que realizan al sistema econ\u00f3mico y pol\u00edtico para ofrecer una alternativa real. \u00bfQu\u00e9 quiere decir real? Pues que no justifique su eventual inviabilidad en la existencia de aviesas resistencias que impiden su triunfo.<\/p>\n<p align=\"center\">La faceta m\u00e1s desconcertante de Podemos no es que se erija en portavoz exclusivo del descontento social. Su faceta m\u00e1s desconcertante es que aspira al poder, y a un poder pol\u00edtico pretendidamente absoluto, proyectando sobre el imaginario colectivo un antes y un despu\u00e9s de su aparici\u00f3n en escena. Aunque Podemos es el fen\u00f3meno por antonomasia del voto prestado. Del voto que puede conced\u00e9rsele a una organizaci\u00f3n f\u00e9rreamente centralizada, que presenta todos los s\u00edntomas de un bolchevismo digital y graves d\u00e9ficits democr\u00e1ticos, para dar mucho m\u00e1s que un serio aviso. Para ponerlo todo patas arriba en la razonable confianza de que la hipot\u00e9tica llegada de Podemos al poder de ayuntamientos, autonom\u00edas o patrias no empeorar\u00e1 la situaci\u00f3n ni pondr\u00e1 en riesgo el futuro inmediato. Como si el desquite fuese condici\u00f3n previa para albergar esperanzas.<\/p>\n<p align=\"center\"><a href=\"http:\/\/www.caffereggio.net\/2014\/12\/30\/podrian-de-kepa-aulestia-en-la-vanguardia\/\">http:\/\/www.caffereggio.net\/2014\/12\/30\/podrian-de-kepa-aulestia-en-la-vanguardia\/<\/a><\/p>\n<p align=\"center\"><b>191.4. Podemos y Escandinavia, Germ\u00e0 Bel en La Vanguardia<\/b><\/p>\n<p align=\"center\">Podemos va alterando su propuesta econ\u00f3mica, con una moderaci\u00f3n progresiva que permite prever un programa electoral m\u00e1s moderado del que proponga el PSOE en las pr\u00f3xima elecciones. Al tiempo. Quiz\u00e1s por esto, Pablo Iglesias menciona el modelo escandinavo como su referente.<\/p>\n<p align=\"center\">El gran atractivo de los pa\u00edses escandinavos es su alto grado de cohesi\u00f3n social, para lo que aplican pol\u00edticas muy diferentes a las espa\u00f1olas. Aparte de su \u00e9xito en perseguir el fraude fiscal, la gran diferencia es promover mucha flexibilidad en los mercados. Sin ir m\u00e1s lejos, \u00bfse refiere Podemos a suprimir el salario m\u00ednimo por ley? No lo hay en Dinamarca ni Suecia (ambas con primer ministro socialdem\u00f3crata) ni Finlandia (con socialdem\u00f3cratas en el gobierno). \u00bfO va a emular quiz\u00e1s su legislaci\u00f3n laboral, caracterizada por la flexiseguridad, que responsabiliza al Estado de promover al trabajador en paro, en lugar de blindar el puesto concreto de trabajo? \u00bfY qu\u00e9 decir de la desfuncionarizaci\u00f3n de empleos como el de profesor universitario en Suecia y Finlandia, mientras que las castas universitarias campan a sus anchas en las universidades espa\u00f1olas? Sorprende que un grupo de g\u00e9nesis universitaria no haya hecho reflexi\u00f3n alguna al respecto.<\/p>\n<p align=\"center\">A Espa\u00f1a le conviene un recambio de personal pol\u00edtico, tanto por el mal desempe\u00f1o econ\u00f3mico como por la corrupci\u00f3n. Pero un simple reemplazo de personal pol\u00edtico no mejorar\u00e1 las cosas, alivios justicieros aparte. Lo que Espa\u00f1a necesita es una reforma a fondo de sus instituciones. Y sorprende que Podemos, tan \u00e1cido en la cr\u00edtica a \u201cla casta\u201d, obvie cualquier cr\u00edtica a las instituciones, cuya configuraci\u00f3n vertical y propensa al control social promueve comportamientos de b\u00fasqueda de rentas y malas pol\u00edticas. Pero quiz\u00e1s no se quiera debilitar aquello que tan s\u00f3lo se aspira a ocupar y controlar.<\/p>\n<p align=\"center\"><a href=\"http:\/\/www.caffereggio.net\/2014\/12\/30\/podemos-y-escandinavia-de-germa-bel-en-la-vanguardia\/\">http:\/\/www.caffereggio.net\/2014\/12\/30\/podemos-y-escandinavia-de-germa-bel-en-la-vanguardia\/<\/a><\/p>\n<p align=\"center\"><b>191.5. Podemos y la centralidad del tablero pol\u00edtico, Sebasti\u00e1n Lavezzolo<\/b><\/p>\n<p align=\"center\">Dado que la formaci\u00f3n liderada por Pablo Iglesias es identificada como m\u00e1s izquierdista que el votante mediano, \u00bfse mover\u00e1 esta formaci\u00f3n hacia el centro?<\/p>\n<p align=\"center\"><a href=\"http:\/\/www.eldiario.es\/piedrasdepapel\/Podemos-centralidad-tablero-politico_6_334276589.html\" target=\"_blank\" rel=\"noopener\">http:\/\/www.eldiario.es\/piedrasdepapel\/Podemos-centralidad-tablero-politico_6_334276589.html<\/a><\/p>\n<p align=\"center\"><b>191.6. Y adem\u00e1s, Pablo Iglesias, Jos\u00e9 Antonio Zarzalejos <i>en La Vanguardia<\/i><\/b><\/p>\n<p align=\"center\">Podemos no juega al independentismo, sino a hacerse con un discurso propio de izquierdas.<\/p>\n<p align=\"center\"><a href=\"http:\/\/www.caffereggio.net\/2014\/12\/28\/y-ademas-pablo-iglesias-de-jose-antonio-zarzalejos-en-la-vanguardia\/\">http:\/\/www.caffereggio.net\/2014\/12\/28\/y-ademas-pablo-iglesias-de-jose-antonio-zarzalejos-en-la-vanguardia\/<\/a><\/p>\n<p align=\"center\"><b>191.7. La gesti\u00f3n del miedo, Jos\u00e9 Antonio Zarzalejos en <i>La Vanguardia<\/i><\/b><\/p>\n<p align=\"center\">Se est\u00e1 gestionando el temor para que, aunque sea con &#8216;la nariz tapad\u00edsima&#8217;, haya cientos de miles de ciudadanos que voten a los partidos &#8216;de orden&#8217; ante lo que Podemos supone de &#8216;desorden.<\/p>\n<p align=\"center\">Ni la organizaci\u00f3n de Iglesias es la \u00fanica alternativa a los partidos m\u00e1s tradicionales ni es cierto que no existan opciones diferentes para emitir un voto consciente y no resignado.<\/p>\n<p align=\"center\"><a href=\"http:\/\/blogs.elconfidencial.com\/espana\/notebook\/2014-12-30\/la-gestion-del-miedo_614576\/\">http:\/\/blogs.elconfidencial.com\/espana\/notebook\/2014-12-30\/la-gestion-del-miedo_614576\/<\/a><\/p>\n<p align=\"center\"><b>191.8. Syriza, Podemos y los l\u00edmites de la eurozona, Antonio Rold\u00e1n Mon\u00e9s<\/b><\/p>\n<p align=\"center\">Una de las razones principales del espectacular ascenso del populismo en Europa es, precisamente, la sensaci\u00f3n de que las naciones deudoras han perdido la soberan\u00eda econ\u00f3mica.\u00a0 Una vez descartada la posibilidad de salir del euro, la dependencia de los acreedores para mantener a flote el Estado ha obligado a los Gobiernos nacionales a llevar a cabo dur\u00edsimas pol\u00edticas de ajuste contra su voluntad que han conllevado un enorme coste social y terminado con un buen numero de Gobiernos.<\/p>\n<p align=\"center\">Trabajar para cambiar ese arreglo institucional y lograr unas instituciones m\u00e1s fuertes y democr\u00e1ticas que reflejen mejor las preferencias de los ciudadanos del sur es el camino.<\/p>\n<p align=\"center\">\u00bfSignifica eso que hay que resignarse a los dictados de los acreedores para siempre? No. Existe un camino intermedio entre el populismo y la ortodoxia alemana. Consiste, en primer lugar, en reivindicar un mayor esfuerzo fiscal a aquellos que tienen espacio para llevarlo adelante. Segundo, en proponer un debate serio sobre la deuda acumulada, que representa un enorme lastre para el conjunto de la eurozona. Y tercero, en apostar por completar la uni\u00f3n monetaria con un pilar fiscal com\u00fan fuerte que permita amortiguar el sufrimiento en periodos de crisis. No es el momento de hacer experimentos que sabemos que llevar\u00e1n a un sufrimiento todav\u00eda mayor.<\/p>\n<p align=\"center\"><a href=\"http:\/\/elpais.com\/elpais\/2014\/12\/26\/opinion\/1419615785_139585.html\">http:\/\/elpais.com\/elpais\/2014\/12\/26\/opinion\/1419615785_139585.html<\/a><\/p>\n<p align=\"center\"><b>192<\/b><\/p>\n<p align=\"center\"><b>Las diferencias culturales importan: IU y Podemos, Enrique Via\u00f1a<\/b><\/p>\n<p align=\"center\">IU, que aspira a una nueva\u00a0sociedad (aunque, hoy por hoy, no sepa bien cu\u00e1les ser\u00edan sus caracter\u00edsticas), ve cualquier situaci\u00f3n intermedia como una necesaria transacci\u00f3n entre el poder popular en construcci\u00f3n, partidario de la nueva sociedad, y la l\u00f3gica dominante; una concesi\u00f3n, por as\u00ed decirlo, al realismo pol\u00edtico. Mientras que Podemos propone seguir en esta\u00a0sociedad s\u00f3lo que con un nuevo sentido, m\u00e1s \u00absano\u00bb, de lo que es l\u00f3gico, y para generar ese nuevo sentido com\u00fan tiene que luchar sin descanso por demostrar en todo momento la sensatez de la utop\u00eda. Esto provoca la hilaridad de los viejos luchadores de IU.<\/p>\n<p align=\"center\">Con casi medio siglo de retraso al no hab\u00e9rselo permitido en su momento la dictadura franquista, la izquierda espa\u00f1ola est\u00e1 enfrascada en su versi\u00f3n particular -un poco descafeinada, eso s\u00ed, por falta de referencias intelectuales de peso- del debate de Mayo del 68.<\/p>\n<p align=\"center\"><a href=\"http:\/\/www.nuevatribuna.es\/opinion\/enrique-viana\/diferencias-culturales-importan-iu-y-podemos\/20141226122948110720.html\" target=\"_blank\" rel=\"noopener\">http:\/\/www.nuevatribuna.es\/opinion\/enrique-viana\/diferencias-culturales-importan-iu-y-podemos\/20141226122948110720.html<\/a><\/p>\n<p align=\"center\"><b>193<\/b><\/p>\n<p align=\"center\"><b>Entrevista a Cayo Lara<\/b><\/p>\n<p align=\"center\">El l\u00edder de IU pide una reforma de la Constituci\u00f3n pero reivindica a unos actores del consenso.<\/p>\n<p align=\"center\">En el 78 no hubo un pacto de \u00e9lites: algunos ven\u00edan del exilio y de la c\u00e1rcel.<\/p>\n<p align=\"center\">Mi generaci\u00f3n vivi\u00f3 la dictadura y sabe qu\u00e9 es la Transici\u00f3n. Se hizo lo que se pod\u00eda.<\/p>\n<p align=\"center\">Si la izquierda no se moja para echar al PP, nos apedrear\u00e1n por la calle.<\/p>\n<p align=\"center\"><a href=\"http:\/\/politica.elpais.com\/politica\/2014\/12\/29\/actualidad\/1419887963_539176.html\">http:\/\/politica.elpais.com\/politica\/2014\/12\/29\/actualidad\/1419887963_539176.html<\/a><\/p>\n<p align=\"center\"><b>194<\/b><\/p>\n<p align=\"center\"><b>Sin izquierdas se trepa mejor, Shangay Lily<\/b><\/p>\n<p align=\"center\">Me desespera estos \u00faltimos tiempos el entusiasmo con el que los m\u00e1s j\u00f3venes \u00a0\u2014principales v\u00edctimas de estos recortes\u2014 abrazan la disoluci\u00f3n de fronteras ideol\u00f3gicas que la derecha est\u00e1 ejecutando con aplastante prepotencia. \u201cTodos son iguales, la corrupci\u00f3n es cosa del poder, de izquierdas y derechas\u201d, te repite como un hipn\u00f3tico mantra aprendido quien se presenta como antisistema.<\/p>\n<p align=\"center\">Pero no hay nada m\u00e1s sist\u00e9mico que ese c\u00f3mplice discurso que s\u00f3lo afecta a la izquierda. Porque es un discurso de derechas, un discurso que nace en la \u201canti-pol\u00edtica\u201d y acaba en el peligroso \u201cesto no es cuesti\u00f3n de ideolog\u00edas, es cuesti\u00f3n de gestionar empresas\u201d.<\/p>\n<p align=\"center\">Y ahora parece que es la direcci\u00f3n que est\u00e1 tomando Podemos y Pablo Iglesias.<\/p>\n<p align=\"center\">S\u00e9 que este mensaje no gustar\u00e1 a los m\u00e1s j\u00f3venes que viven en la ezquizofr\u00e9nica dualidad de quejarse hasta el victimismo por un sistema corrupto que, por otro lado, refuerzan con entusiasmo, repitiendo sus estrategias m\u00e1s capitalistas, apoyando la destrucci\u00f3n de sindicatos o negando la lucha de clases como algo del pasado, o estigmatizando a las voces disidentes e idealismos perif\u00e9ricos, presentados por la derecha como culpables de que la maquinaria no funcione tan bien.<\/p>\n<p align=\"center\"><a href=\"http:\/\/blogs.publico.es\/shangaylily\/2014\/12\/29\/sin-izquierdas-se-trepa-mejor\/\">http:\/\/blogs.publico.es\/shangaylily\/2014\/12\/29\/sin-izquierdas-se-trepa-mejor\/<\/a><\/p>\n<p align=\"center\"><b>195<\/b><\/p>\n<p align=\"center\"><b>Entrevista a Ada Colau en <i>La Marea<\/i><\/b><\/p>\n<p align=\"center\">El a\u00f1o ha quedado marcado por la irrupci\u00f3n de Podemos. Pero es importante remarcar que Podemos no s\u00f3lo es Podemos. Es la expresi\u00f3n m\u00e1xima de una revoluci\u00f3n democr\u00e1tica que lleva unos a\u00f1os cocin\u00e1ndose y que ha tenido varias fases: la PAH, el 15-M, las mareas\u2026 Se ha pasado de la movilizaci\u00f3n masiva, a ver que esto iba en serio, que hab\u00eda que buscar mecanismos efectivos de tutela para defender la vida de la gente. La ciudadan\u00eda ha ido por delante de las instituciones en la defensa de los derechos: es quien ha paralizado desahucios, quien ha defendido los hospitales de la privatizaci\u00f3n\u2026 Y ese ciclo no est\u00e1 agotado. Muchas personas, que no tenemos inter\u00e9s especial en hacer carrera pol\u00edtica, nos lo hemos tenido que replantear. Porque el secuestro de las instituciones est\u00e1 amenazando los derechos y la democracia.<\/p>\n<p align=\"center\">Tenemos en la mente el aprendizaje de la Transici\u00f3n y la desmovilizaci\u00f3n posterior. Las personas que han dado ese paso lo han hecho teniendo cuidado en mantener la independencia y la autonom\u00eda de los movimientos, que mantienen su hoja de ruta y sus movilizaciones. Vamos a necesitar m\u00e1s movilizaci\u00f3n social que nunca. Gane quien gane. Nunca m\u00e1s hay que volver a delegar la democracia: votar cada cuatro a\u00f1os es lo que nos ha tra\u00eddo hasta aqu\u00ed.<\/p>\n<p align=\"center\"><a href=\"http:\/\/www.lamarea.com\/2014\/12\/22\/ada-colau-gane-quien-gane-vamos-necesitar-mas-movilizacion-que-nunca\/\" target=\"_blank\" rel=\"noopener\">http:\/\/www.lamarea.com\/2014\/12\/22\/ada-colau-gane-quien-gane-vamos-necesitar-mas-movilizacion-que-nunca\/<\/a><\/p>\n<p align=\"center\"><b>197<\/b><\/p>\n<p align=\"center\"><b>Viejos y nuevos intelectuales, Benito Arru\u00f1ada \/ V\u00edctor Lapuente Gin\u00e9<\/b><\/p>\n<p align=\"center\">Mucho intelectual espa\u00f1ol cae, con Ortega, en tres grandes vicios: exagerar los problemas, compararlos con referencias irreales y agregarlos en t\u00e9rminos inmanejables.<\/p>\n<p align=\"center\">Como hace cien a\u00f1os, proliferan los diagn\u00f3sticos tremendistas y los discursos maniqueos que fomentan la irresponsabilidad. Hay que vencer la tentaci\u00f3n de la palabra candente y no abastecer de excusas al populismo.<\/p>\n<p align=\"center\">Hoy a\u00fan se admira que Ortega quiera \u201ccambiar a Espa\u00f1a de ra\u00edz\u201d (Vargas Llosa, EL PA\u00cdS, 29-06-2014), o incluso que sea \u201cradicalmente radical, porque va a la ra\u00edz de los problemas\u201d (Cercas). Craso error. Buscar la ra\u00edz de nuestros problemas tratando de hallar la \u201copini\u00f3n verdadera e \u00edntima\u201d de los espa\u00f1oles, como pretend\u00eda Ortega, es f\u00fatil y contraproducente. Cient\u00edficos sociales, de Charles Lindblom a Roland Coase, pasando por Karl Popper, han demostrado que es m\u00e1s efectivo pensar en cambios\u00a0<i>incrementales<\/i>\u00a0y alternativas factibles. Lamentablemente, el pragmatismo exige m\u00e1s an\u00e1lisis y no es tan m\u00e1gico ni espectacular como las enmiendas a la totalidad.<\/p>\n<p align=\"center\">Ortega desacredita incluso la idea de C\u00e1novas de que no \u201chaya vencedores ni vencidos\u201d, quiz\u00e1 lo m\u00e1s loable de la Restauraci\u00f3n, pregunt\u00e1ndose si \u201c\u00bfno os suenan como prop\u00f3sitos turbios estas palabras? Esta premeditada renuncia a la lucha, \u00bfse ha realizado alguna vez y en alguna parte en otra forma que no sea la complicidad y el amigable reparto?\u201d. Pues bien, 100 a\u00f1os despu\u00e9s sabemos que s\u00ed. La renuncia a la lucha no solo es positiva, sino que es la base misma del Estado de derecho o, si se prefiere, del Estado de bienestar.<\/p>\n<p align=\"center\"><b>N<\/b>o solo Ortega, sino muchos otros, de Costa a Aza\u00f1a, contribuyeron con su \u201cpalabra candente\u201d a destruir nuestro r\u00e9gimen liberal. Tanto polarizaron el debate pol\u00edtico que lo alejaron de pautas sosegadas y constructivas. Acallaron as\u00ed las voces realistas y pragm\u00e1ticas, las de aquellos que propon\u00edan las soluciones pactistas e <i>incrementales<\/i> que nos hubieran acercado a los pa\u00edses avanzados.<\/p>\n<p align=\"center\"><a href=\"http:\/\/elpais.com\/elpais\/2014\/12\/17\/opinion\/1418825927_757876.html\">http:\/\/elpais.com\/elpais\/2014\/12\/17\/opinion\/1418825927_757876.html<\/a><\/p>\n<p align=\"center\"><b>198<\/b><\/p>\n<p align=\"center\"><b>\u2018La marcha Radetzky\u2019, Francisco Rubio Llorente en <i>La Vanguardia<\/i><\/b><\/p>\n<p align=\"center\">El fervor nacionalista amenaza ahora, como cuando se escribi\u00f3 \u2018La marcha Radetzky\u2019, romper la Uni\u00f3n.<\/p>\n<p align=\"center\">A mi juicio, sobran las razones tanto pragm\u00e1ticas como \u00e9ticas que impulsan a combatir el nacionalismo.<\/p>\n<p align=\"center\"><a href=\"http:\/\/www.caffereggio.net\/2014\/12\/29\/la-marcha-radetzky-de-francisco-rubio-llorente-en-la-vanguardia\/\">http:\/\/www.caffereggio.net\/2014\/12\/29\/la-marcha-radetzky-de-francisco-rubio-llorente-en-la-vanguardia\/<\/a><\/p>\n<p align=\"center\"><b style=\"line-height: 1.5em;\">199<\/b><\/p>\n<p align=\"center\"><b>Jos\u00e9 Mujica, cuando lo revolucionario es ser honesto, Ram\u00f3n Lobo<\/b><\/p>\n<p align=\"center\">Muerto Mandela nos queda Mujica como el \u00fanico ejemplo global a seguir. \u00bfQui\u00e9n si no? Es un tipo libre, sin odio ni rencor. Sus discursos, muchos de ellos disponibles en internet, son un ejemplo de humildad y sabidur\u00eda en los que apenas lee las notas, porque lo que cuenta es la vida que tiene dentro. Por eso emociona escucharle.<\/p>\n<p align=\"center\">Lo llamativo de Mujica en aquel 2005 es su principal valor hoy; en un pa\u00eds con heridas tras la dictadura y las acciones de los tupamaros, el nuevo ministro emergi\u00f3 como un creador de di\u00e1logos, como una persona que sabe escuchar e incorporar a su bagaje las ideas o las aportaciones de sus antagonistas pol\u00edticos. Es un tipo respetuoso, tolerante. En Espa\u00f1a necesitar\u00edamos dos Mujicas, uno para el sector de la derecha franquista y otro para el de la izquierda sectaria.<\/p>\n<p align=\"center\">Si revisamos la hemeroteca hallaremos art\u00edculos e informaciones que bland\u00edan su pasado guerrillero, resucitaban fantasmas y dudaban de su capacidad de gesti\u00f3n. Su estilo en Agricultura fue bastante heterodoxo, pero \u00e9l no simulaba ser un ganadero ni un experto, solo un tipo que sabe escuchar.<\/p>\n<p align=\"center\">Mujica gan\u00f3 la presidencia al candidato del Partido Nacional (centro derecha), Luis Alberto Lacalle. En su primer discurso hizo un llamamiento al pa\u00eds a vencer los prejuicios. \u00c9l es la prueba de que se puede.<\/p>\n<p align=\"center\">En este momento de duras pol\u00edticas de ajuste en la Uni\u00f3n Europea en el que la socialdemocracia se confundi\u00f3 con el liberalismo, en estos a\u00f1os de insoportable median\u00eda en los que la izquierda anhela una voz propia tras el hundimiento de la URSS, tipos como Pepe Mujica se aparecen como una iluminaci\u00f3n, como una se\u00f1al de cu\u00e1l es el camino. Y ese camino no es otro que la pol\u00edtica de lo imposible, la utop\u00eda como esperanza y motor de cambio y libertad. Feliz a\u00f1o.<\/p>\n<p align=\"center\"><a href=\"http:\/\/www.eldiario.es\/tipos-inquietantes\/Jose-Mujica-revolucionario-honesto_6_340225997.html\">http:\/\/www.eldiario.es\/tipos-inquietantes\/Jose-Mujica-revolucionario-honesto_6_340225997.html<\/a><\/p>\n<p align=\"center\"><b>Hepatitis C: un asunto de seguridad humana nacional e internacional, Javier Jim\u00e9nez Olmos*<\/b><\/p>\n<p align=\"center\">En el mundo\u00a0hay\u00a0entre 130 y 170 millones de personas infectadas, lo que equivale al 2,5% de la poblaci\u00f3n mundial. La OMS calcula que\u00a0entre 300.000 y 500.00 personas mueren anualmente en el mundo a causa de esta enfermedad. En\u00a0Espa\u00f1a existen 800.000 infectados\u00a0por el virus, aunque hay un porcentaje\u00a0 elevado desconoce estar contagiado.<\/p>\n<p align=\"center\">Una gran parte de la poblaci\u00f3n afectada se contagi\u00f3 a trav\u00e9s de transfusiones de sangre realizadas en hospitales\u00a0en las d\u00e9cadas anteriores a los noventa, ya que entonces no era posible detectar el virus en la sangre de los donantes. Otros lo pudieron adquirir\u00a0mediante pr\u00e1cticas de inyecci\u00f3n poco seguras.<\/p>\n<p align=\"center\">El\u00a0tratamiento individual cuesta 25.000 euros, lo que puede ser la causa principal de la demora en proporcionar dicho tratamiento.<\/p>\n<p align=\"center\">Existe un medicamento,\u00a0el Sofosvubir (Sovaldi), que\u00a0 es un medicamento que proporcionado a los pacientes en la primera fase de la enfermedad conseguir\u00eda erradicarla\u00a0casi en su totalidad.<\/p>\n<p align=\"center\">S\u00f3lo en Espa\u00f1a, cada d\u00eda de demora cuestan doce vidas humanas.<\/p>\n<p align=\"center\">\u00bfC\u00f3mo permiten a una farmac\u00e9utica jugar con vidas humanas por obtener m\u00e1s beneficio?<\/p>\n<p align=\"center\">\u00bfPor qu\u00e9 no fabricar un gen\u00e9rico m\u00e1s econ\u00f3mico?<\/p>\n<p align=\"center\">\u00bfC\u00f3mo puede un Estado democr\u00e1tico y desarrollado dejar morir a una persona que no puede pagar un tratamiento m\u00e9dico?<\/p>\n<p align=\"center\">\u00bfNo es incomprensible, inadmisible, inaceptable e injusto?<\/p>\n<p align=\"center\">\u00bfNo es necesario\u00a0que las autoridades sanitarias resuelvan con car\u00e1cter urgente un problema para el que hay soluci\u00f3n?<\/p>\n<p align=\"center\"><a href=\"http:\/\/jjolmos.wordpress.com\/2014\/12\/28\/hepatitis-c-un-asunto-de-seguridad-humana-nacional-e-internacional\/\">http:\/\/jjolmos.wordpress.com\/2014\/12\/28\/hepatitis-c-un-asunto-de-seguridad-humana-nacional-e-internacional\/<\/a><\/p>\n","protected":false},"excerpt":{"rendered":"<p>175. Incertidumbres, Milagros P\u00e9rez Oliva.<br \/>\n176. El ocaso de las inocentadas, David Torres.<br \/>\n177. Censos que cierran sin previo aviso: el en\u00e9simo pucherazo electoral del voto exterior.<br \/>\n178. De lo que no hablaron Rajoy y Felipe VI, Javier Gallego.<br \/>\n179.1. Pacto feminista para las mujeres y para los hombres, Lidia Falc\u00f3n; 179.Todo lo que siempre quiso saber sobre feminismo pero nunca se atrevi\u00f3 a preguntar, Luis Abenza.<br \/>\n180. Entrevista a Ignacio Vidal-Folch, autor de Pronto seremos felices.<br \/>\n181. stillas de otro mundo, Jordi Gracia.<br \/>\n182. La palabra maldita de la UE, Soledad Gallego-D\u00edaz.<br \/>\n183.1. Una cuesti\u00f3n de fe, Jos\u00e9 Ignacio Torreblanca<br \/>\n183.2. En Grecia pueden pasar muchas cosas, Carlos Elordi;<br \/>\n183.3. Por qu\u00e9 Espa\u00f1a no es Grecia, Carlos S\u00e1nchez; 183.4. Grecia vuelve al primer plano y a\u00f1ade incertidumbre, Fernando Gonz\u00e1lez Urbaneja; 183.5. Grecia no querr\u00e1 ser la Argentina europea, Jes\u00fas S\u00e1nchez-Qui\u00f1ones; 183.6. Grecia, espejo y contagio, Primo Gonz\u00e1lez; 183.7. Urnas para los griegos, ansiol\u00edticos para los mercados Rosa Mar\u00eda Artal; 183.8. Tremending topic: tuits que comentan la decisi\u00f3n del FMI sobre Grecia.<br \/>\n184. La desigualdad y los ni\u00f1os de EE UU, Joseph E. Stiglitz.<br \/>\n185. El derecho a no ser espiado, Marc Carrillo.<br \/>\n186. Dilemas de 2015, Joaqu\u00edn Estefan\u00eda.<br \/>\n187. Tasas judiciales contra la Justicia, V\u00edctor Arrogante.<br \/>\n188.1. PSOE: El 135 versus los 135; 188.2. PSOE: un partido de barones para un tiempo de ciudadanos, Gonzalo L\u00f3pez-Alba;<br \/>\nLos socialistas terminan 2014 como lo empezaron: con incertidumbres de liderazgo y de proyecto; 188.3. \u00bfEst\u00e1 recuper\u00e1ndose el PSOE con Pedro S\u00e1nchez?, \u00c1ngel Gonz\u00e1lez Bardaj\u00ed; 188.4. \u00bfD\u00f3nde vas, Susana D\u00edaz?, Javier Caraballo.<br \/>\n189. La deuda leg\u00edtima, Ernesto Ruiz Ureta.<br \/>\n190. Montoro adelanta a Podemos con quitas de deuda, Alejandro Inurrieta.<br \/>\n191.1. El a\u00f1o de Podemos, Javier P\u00e9rez Royo; 191.2. Entrevista a Pablo Echenique; 191.3. Podr\u00edan, Kepa Aulestia; 191.4. Podemos y Escandinavia, Germ\u00e0 Bel; 191.5. Podemos y la centralidad del tablero pol\u00edtico, Sebasti\u00e1n Lavezzolo; 191.6. Y adem\u00e1s, Pablo Iglesias, Jos\u00e9 A. Zarzalejos; 191.7. La gesti\u00f3n del miedo, Jos\u00e9 A. Zarzalejos; 191.8. Syriza, Podemos y los l\u00edmites de la eurozona, Antonio Rold\u00e1n Mon\u00e9s.<br \/>\n192. Las diferencias culturales importan: IU y Podemos, Enrique Via\u00f1a.<br \/>\n193. Entrevista a Cayo Lara.<br \/>\n194. Sin izquierdas se trepa mejor, Shangay Lily.<br \/>\n195. Entrevista a Ada Colau en La Marea.<br \/>\n196. Viejos y nuevos intelectuales, Benito Arru\u00f1ada \/ V\u00edctor Lapuente Gin\u00e9.<br \/>\n197. \u2018La marcha Radetzky\u2019, Francisco Rubio Llorente.<br \/>\n198. Jos\u00e9 Mujica, cuando lo revolucionario es ser honesto, Ram\u00f3n Lobo.<br \/>\n199. Hepatitis C: un asunto de seguridad humana nacional e internacional, Javier Jim\u00e9nez Olmos<\/p>\n","protected":false},"author":873,"featured_media":10210,"comment_status":"open","ping_status":"closed","sticky":false,"template":"","format":"standard","meta":{"_acf_changed":false,"footnotes":""},"categories":[1560],"tags":[446,2370,1080,19,2845,1483,1890,1533,2844,2475,1778,1104,1513],"serie":[7669],"class_list":["post-10355","post","type-post","status-publish","format-standard","has-post-thumbnail","hentry","category-tension-democratica-actualidad","tag-1--de-mayo","tag-ada-colau","tag-cayo-lara","tag-feminismo","tag-hepatitis-c","tag-izquierda-unida","tag-jose-mujica","tag-ley-de-seguridad-ciudadana","tag-pablo-echenique","tag-pedro-sanchez","tag-podemos","tag-psoe","tag-susana-diaz","serie-bernardo-bayona"],"acf":[],"yoast_head":"<!-- This site is optimized with the Yoast SEO plugin v26.1.1 - https:\/\/yoast.com\/wordpress\/plugins\/seo\/ -->\n<title>N\u00fam. 175-199 (diciembre de 2014) - Andal\u00e1n.es<\/title>\n<meta name=\"robots\" content=\"index, follow, max-snippet:-1, max-image-preview:large, max-video-preview:-1\" \/>\n<link rel=\"canonical\" href=\"https:\/\/www.andalan.es\/?p=10355\" \/>\n<meta property=\"og:locale\" content=\"es_ES\" \/>\n<meta property=\"og:type\" content=\"article\" \/>\n<meta property=\"og:title\" content=\"N\u00fam. 175-199 (diciembre de 2014) - Andal\u00e1n.es\" \/>\n<meta property=\"og:description\" content=\"175. Incertidumbres, Milagros P\u00e9rez Oliva.  176. El ocaso de las inocentadas, David Torres.  177. Censos que cierran sin previo aviso: el en\u00e9simo pucherazo electoral del voto exterior.  178. De lo que no hablaron Rajoy y Felipe VI, Javier Gallego.  179.1. Pacto feminista para las mujeres y para los hombres, Lidia Falc\u00f3n; 179.Todo lo que siempre quiso saber sobre feminismo pero nunca se atrevi\u00f3 a preguntar, Luis Abenza.  180. Entrevista a Ignacio Vidal-Folch, autor de Pronto seremos felices.  181. stillas de otro mundo, Jordi Gracia.  182. La palabra maldita de la UE, Soledad Gallego-D\u00edaz.  183.1. Una cuesti\u00f3n de fe, Jos\u00e9 Ignacio Torreblanca 183.2. En Grecia pueden pasar muchas cosas, Carlos Elordi;  183.3. Por qu\u00e9 Espa\u00f1a no es Grecia, Carlos S\u00e1nchez; 183.4. Grecia vuelve al primer plano y a\u00f1ade incertidumbre, Fernando Gonz\u00e1lez Urbaneja; 183.5. Grecia no querr\u00e1 ser la Argentina europea, Jes\u00fas S\u00e1nchez-Qui\u00f1ones; 183.6. Grecia, espejo y contagio, Primo Gonz\u00e1lez; 183.7. Urnas para los griegos, ansiol\u00edticos para los mercados Rosa Mar\u00eda Artal; 183.8. Tremending topic: tuits que comentan la decisi\u00f3n del FMI sobre Grecia.  184. La desigualdad y los ni\u00f1os de EE UU, Joseph E. Stiglitz.  185. El derecho a no ser espiado, Marc Carrillo.  186. Dilemas de 2015, Joaqu\u00edn Estefan\u00eda.  187. Tasas judiciales contra la Justicia, V\u00edctor Arrogante.  188.1. PSOE: El 135 versus los 135; 188.2. PSOE: un partido de barones para un tiempo de ciudadanos, Gonzalo L\u00f3pez-Alba;  Los socialistas terminan 2014 como lo empezaron: con incertidumbres de liderazgo y de proyecto; 188.3. \u00bfEst\u00e1 recuper\u00e1ndose el PSOE con Pedro S\u00e1nchez?, \u00c1ngel Gonz\u00e1lez Bardaj\u00ed; 188.4. \u00bfD\u00f3nde vas, Susana D\u00edaz?, Javier Caraballo.  189. La deuda leg\u00edtima, Ernesto Ruiz Ureta.  190. Montoro adelanta a Podemos con quitas de deuda, Alejandro Inurrieta.  191.1. El a\u00f1o de Podemos, Javier P\u00e9rez Royo; 191.2. Entrevista a Pablo Echenique; 191.3. Podr\u00edan, Kepa Aulestia; 191.4. Podemos y Escandinavia, Germ\u00e0 Bel; 191.5. Podemos y la centralidad del tablero pol\u00edtico, Sebasti\u00e1n Lavezzolo; 191.6. Y adem\u00e1s, Pablo Iglesias, Jos\u00e9 A. Zarzalejos; 191.7. La gesti\u00f3n del miedo, Jos\u00e9 A. Zarzalejos; 191.8. Syriza, Podemos y los l\u00edmites de la eurozona, Antonio Rold\u00e1n Mon\u00e9s.  192. Las diferencias culturales importan: IU y Podemos, Enrique Via\u00f1a.  193. Entrevista a Cayo Lara.  194. Sin izquierdas se trepa mejor, Shangay Lily.  195. Entrevista a Ada Colau en La Marea.  196. Viejos y nuevos intelectuales, Benito Arru\u00f1ada \/ V\u00edctor Lapuente Gin\u00e9.  197. \u2018La marcha Radetzky\u2019, Francisco Rubio Llorente.  198. Jos\u00e9 Mujica, cuando lo revolucionario es ser honesto, Ram\u00f3n Lobo.  199. Hepatitis C: un asunto de seguridad humana nacional e internacional, Javier Jim\u00e9nez Olmos\" \/>\n<meta property=\"og:url\" content=\"https:\/\/www.andalan.es\/?p=10355\" \/>\n<meta property=\"og:site_name\" content=\"Andal\u00e1n.es\" \/>\n<meta property=\"article:published_time\" content=\"2014-12-30T12:48:06+00:00\" \/>\n<meta property=\"article:modified_time\" content=\"2022-03-02T16:05:52+00:00\" \/>\n<meta property=\"og:image\" content=\"https:\/\/www.andalan.es\/wp-content\/uploads\/democracia6.jpg\" \/>\n\t<meta property=\"og:image:width\" content=\"300\" \/>\n\t<meta property=\"og:image:height\" content=\"191\" \/>\n\t<meta property=\"og:image:type\" content=\"image\/jpeg\" \/>\n<meta name=\"author\" content=\"Bernardo Bayona\" \/>\n<meta name=\"twitter:card\" content=\"summary_large_image\" \/>\n<meta name=\"twitter:label1\" content=\"Escrito por\" \/>\n\t<meta name=\"twitter:data1\" content=\"Bernardo Bayona\" \/>\n\t<meta name=\"twitter:label2\" content=\"Tiempo de lectura\" \/>\n\t<meta name=\"twitter:data2\" content=\"38 minutos\" \/>\n<script type=\"application\/ld+json\" class=\"yoast-schema-graph\">{\"@context\":\"https:\/\/schema.org\",\"@graph\":[{\"@type\":\"WebPage\",\"@id\":\"https:\/\/www.andalan.es\/?p=10355\",\"url\":\"https:\/\/www.andalan.es\/?p=10355\",\"name\":\"N\u00fam. 175-199 (diciembre de 2014) - Andal\u00e1n.es\",\"isPartOf\":{\"@id\":\"https:\/\/www.andalan.es\/#website\"},\"primaryImageOfPage\":{\"@id\":\"https:\/\/www.andalan.es\/?p=10355#primaryimage\"},\"image\":{\"@id\":\"https:\/\/www.andalan.es\/?p=10355#primaryimage\"},\"thumbnailUrl\":\"https:\/\/www.andalan.es\/wp-content\/uploads\/democracia6.jpg\",\"datePublished\":\"2014-12-30T12:48:06+00:00\",\"dateModified\":\"2022-03-02T16:05:52+00:00\",\"author\":{\"@id\":\"https:\/\/www.andalan.es\/#\/schema\/person\/02b50112dc9fd869f0194edcbde8632d\"},\"breadcrumb\":{\"@id\":\"https:\/\/www.andalan.es\/?p=10355#breadcrumb\"},\"inLanguage\":\"es\",\"potentialAction\":[{\"@type\":\"ReadAction\",\"target\":[\"https:\/\/www.andalan.es\/?p=10355\"]}]},{\"@type\":\"ImageObject\",\"inLanguage\":\"es\",\"@id\":\"https:\/\/www.andalan.es\/?p=10355#primaryimage\",\"url\":\"https:\/\/www.andalan.es\/wp-content\/uploads\/democracia6.jpg\",\"contentUrl\":\"https:\/\/www.andalan.es\/wp-content\/uploads\/democracia6.jpg\",\"width\":300,\"height\":191},{\"@type\":\"BreadcrumbList\",\"@id\":\"https:\/\/www.andalan.es\/?p=10355#breadcrumb\",\"itemListElement\":[{\"@type\":\"ListItem\",\"position\":1,\"name\":\"andal\u00e1n.es\",\"item\":\"https:\/\/www.andalan.es\/\"},{\"@type\":\"ListItem\",\"position\":2,\"name\":\"N\u00fam. 175-199 (diciembre de 2014)\"}]},{\"@type\":\"WebSite\",\"@id\":\"https:\/\/www.andalan.es\/#website\",\"url\":\"https:\/\/www.andalan.es\/\",\"name\":\"Andal\u00e1n.es\",\"description\":\"Andal\u00e1n.es\",\"potentialAction\":[{\"@type\":\"SearchAction\",\"target\":{\"@type\":\"EntryPoint\",\"urlTemplate\":\"https:\/\/www.andalan.es\/?s={search_term_string}\"},\"query-input\":{\"@type\":\"PropertyValueSpecification\",\"valueRequired\":true,\"valueName\":\"search_term_string\"}}],\"inLanguage\":\"es\"},{\"@type\":\"Person\",\"@id\":\"https:\/\/www.andalan.es\/#\/schema\/person\/02b50112dc9fd869f0194edcbde8632d\",\"name\":\"Bernardo Bayona\",\"url\":\"https:\/\/www.andalan.es\/?author=873\"}]}<\/script>\n<!-- \/ Yoast SEO plugin. -->","yoast_head_json":{"title":"N\u00fam. 175-199 (diciembre de 2014) - Andal\u00e1n.es","robots":{"index":"index","follow":"follow","max-snippet":"max-snippet:-1","max-image-preview":"max-image-preview:large","max-video-preview":"max-video-preview:-1"},"canonical":"https:\/\/www.andalan.es\/?p=10355","og_locale":"es_ES","og_type":"article","og_title":"N\u00fam. 175-199 (diciembre de 2014) - Andal\u00e1n.es","og_description":"175. Incertidumbres, Milagros P\u00e9rez Oliva.  176. El ocaso de las inocentadas, David Torres.  177. Censos que cierran sin previo aviso: el en\u00e9simo pucherazo electoral del voto exterior.  178. De lo que no hablaron Rajoy y Felipe VI, Javier Gallego.  179.1. Pacto feminista para las mujeres y para los hombres, Lidia Falc\u00f3n; 179.Todo lo que siempre quiso saber sobre feminismo pero nunca se atrevi\u00f3 a preguntar, Luis Abenza.  180. Entrevista a Ignacio Vidal-Folch, autor de Pronto seremos felices.  181. stillas de otro mundo, Jordi Gracia.  182. La palabra maldita de la UE, Soledad Gallego-D\u00edaz.  183.1. Una cuesti\u00f3n de fe, Jos\u00e9 Ignacio Torreblanca 183.2. En Grecia pueden pasar muchas cosas, Carlos Elordi;  183.3. Por qu\u00e9 Espa\u00f1a no es Grecia, Carlos S\u00e1nchez; 183.4. Grecia vuelve al primer plano y a\u00f1ade incertidumbre, Fernando Gonz\u00e1lez Urbaneja; 183.5. Grecia no querr\u00e1 ser la Argentina europea, Jes\u00fas S\u00e1nchez-Qui\u00f1ones; 183.6. Grecia, espejo y contagio, Primo Gonz\u00e1lez; 183.7. Urnas para los griegos, ansiol\u00edticos para los mercados Rosa Mar\u00eda Artal; 183.8. Tremending topic: tuits que comentan la decisi\u00f3n del FMI sobre Grecia.  184. La desigualdad y los ni\u00f1os de EE UU, Joseph E. Stiglitz.  185. El derecho a no ser espiado, Marc Carrillo.  186. Dilemas de 2015, Joaqu\u00edn Estefan\u00eda.  187. Tasas judiciales contra la Justicia, V\u00edctor Arrogante.  188.1. PSOE: El 135 versus los 135; 188.2. PSOE: un partido de barones para un tiempo de ciudadanos, Gonzalo L\u00f3pez-Alba;  Los socialistas terminan 2014 como lo empezaron: con incertidumbres de liderazgo y de proyecto; 188.3. \u00bfEst\u00e1 recuper\u00e1ndose el PSOE con Pedro S\u00e1nchez?, \u00c1ngel Gonz\u00e1lez Bardaj\u00ed; 188.4. \u00bfD\u00f3nde vas, Susana D\u00edaz?, Javier Caraballo.  189. La deuda leg\u00edtima, Ernesto Ruiz Ureta.  190. Montoro adelanta a Podemos con quitas de deuda, Alejandro Inurrieta.  191.1. El a\u00f1o de Podemos, Javier P\u00e9rez Royo; 191.2. Entrevista a Pablo Echenique; 191.3. Podr\u00edan, Kepa Aulestia; 191.4. Podemos y Escandinavia, Germ\u00e0 Bel; 191.5. Podemos y la centralidad del tablero pol\u00edtico, Sebasti\u00e1n Lavezzolo; 191.6. Y adem\u00e1s, Pablo Iglesias, Jos\u00e9 A. Zarzalejos; 191.7. La gesti\u00f3n del miedo, Jos\u00e9 A. Zarzalejos; 191.8. Syriza, Podemos y los l\u00edmites de la eurozona, Antonio Rold\u00e1n Mon\u00e9s.  192. Las diferencias culturales importan: IU y Podemos, Enrique Via\u00f1a.  193. Entrevista a Cayo Lara.  194. Sin izquierdas se trepa mejor, Shangay Lily.  195. Entrevista a Ada Colau en La Marea.  196. Viejos y nuevos intelectuales, Benito Arru\u00f1ada \/ V\u00edctor Lapuente Gin\u00e9.  197. \u2018La marcha Radetzky\u2019, Francisco Rubio Llorente.  198. Jos\u00e9 Mujica, cuando lo revolucionario es ser honesto, Ram\u00f3n Lobo.  199. Hepatitis C: un asunto de seguridad humana nacional e internacional, Javier Jim\u00e9nez Olmos","og_url":"https:\/\/www.andalan.es\/?p=10355","og_site_name":"Andal\u00e1n.es","article_published_time":"2014-12-30T12:48:06+00:00","article_modified_time":"2022-03-02T16:05:52+00:00","og_image":[{"width":300,"height":191,"url":"https:\/\/www.andalan.es\/wp-content\/uploads\/democracia6.jpg","type":"image\/jpeg"}],"author":"Bernardo Bayona","twitter_card":"summary_large_image","twitter_misc":{"Escrito por":"Bernardo Bayona","Tiempo de lectura":"38 minutos"},"schema":{"@context":"https:\/\/schema.org","@graph":[{"@type":"WebPage","@id":"https:\/\/www.andalan.es\/?p=10355","url":"https:\/\/www.andalan.es\/?p=10355","name":"N\u00fam. 175-199 (diciembre de 2014) - Andal\u00e1n.es","isPartOf":{"@id":"https:\/\/www.andalan.es\/#website"},"primaryImageOfPage":{"@id":"https:\/\/www.andalan.es\/?p=10355#primaryimage"},"image":{"@id":"https:\/\/www.andalan.es\/?p=10355#primaryimage"},"thumbnailUrl":"https:\/\/www.andalan.es\/wp-content\/uploads\/democracia6.jpg","datePublished":"2014-12-30T12:48:06+00:00","dateModified":"2022-03-02T16:05:52+00:00","author":{"@id":"https:\/\/www.andalan.es\/#\/schema\/person\/02b50112dc9fd869f0194edcbde8632d"},"breadcrumb":{"@id":"https:\/\/www.andalan.es\/?p=10355#breadcrumb"},"inLanguage":"es","potentialAction":[{"@type":"ReadAction","target":["https:\/\/www.andalan.es\/?p=10355"]}]},{"@type":"ImageObject","inLanguage":"es","@id":"https:\/\/www.andalan.es\/?p=10355#primaryimage","url":"https:\/\/www.andalan.es\/wp-content\/uploads\/democracia6.jpg","contentUrl":"https:\/\/www.andalan.es\/wp-content\/uploads\/democracia6.jpg","width":300,"height":191},{"@type":"BreadcrumbList","@id":"https:\/\/www.andalan.es\/?p=10355#breadcrumb","itemListElement":[{"@type":"ListItem","position":1,"name":"andal\u00e1n.es","item":"https:\/\/www.andalan.es\/"},{"@type":"ListItem","position":2,"name":"N\u00fam. 175-199 (diciembre de 2014)"}]},{"@type":"WebSite","@id":"https:\/\/www.andalan.es\/#website","url":"https:\/\/www.andalan.es\/","name":"Andal\u00e1n.es","description":"Andal\u00e1n.es","potentialAction":[{"@type":"SearchAction","target":{"@type":"EntryPoint","urlTemplate":"https:\/\/www.andalan.es\/?s={search_term_string}"},"query-input":{"@type":"PropertyValueSpecification","valueRequired":true,"valueName":"search_term_string"}}],"inLanguage":"es"},{"@type":"Person","@id":"https:\/\/www.andalan.es\/#\/schema\/person\/02b50112dc9fd869f0194edcbde8632d","name":"Bernardo Bayona","url":"https:\/\/www.andalan.es\/?author=873"}]}},"_links":{"self":[{"href":"https:\/\/www.andalan.es\/index.php?rest_route=\/wp\/v2\/posts\/10355","targetHints":{"allow":["GET"]}}],"collection":[{"href":"https:\/\/www.andalan.es\/index.php?rest_route=\/wp\/v2\/posts"}],"about":[{"href":"https:\/\/www.andalan.es\/index.php?rest_route=\/wp\/v2\/types\/post"}],"author":[{"embeddable":true,"href":"https:\/\/www.andalan.es\/index.php?rest_route=\/wp\/v2\/users\/873"}],"replies":[{"embeddable":true,"href":"https:\/\/www.andalan.es\/index.php?rest_route=%2Fwp%2Fv2%2Fcomments&post=10355"}],"version-history":[{"count":3,"href":"https:\/\/www.andalan.es\/index.php?rest_route=\/wp\/v2\/posts\/10355\/revisions"}],"predecessor-version":[{"id":17434,"href":"https:\/\/www.andalan.es\/index.php?rest_route=\/wp\/v2\/posts\/10355\/revisions\/17434"}],"wp:featuredmedia":[{"embeddable":true,"href":"https:\/\/www.andalan.es\/index.php?rest_route=\/wp\/v2\/media\/10210"}],"wp:attachment":[{"href":"https:\/\/www.andalan.es\/index.php?rest_route=%2Fwp%2Fv2%2Fmedia&parent=10355"}],"wp:term":[{"taxonomy":"category","embeddable":true,"href":"https:\/\/www.andalan.es\/index.php?rest_route=%2Fwp%2Fv2%2Fcategories&post=10355"},{"taxonomy":"post_tag","embeddable":true,"href":"https:\/\/www.andalan.es\/index.php?rest_route=%2Fwp%2Fv2%2Ftags&post=10355"},{"taxonomy":"serie","embeddable":true,"href":"https:\/\/www.andalan.es\/index.php?rest_route=%2Fwp%2Fv2%2Fserie&post=10355"}],"curies":[{"name":"wp","href":"https:\/\/api.w.org\/{rel}","templated":true}]}}