{"id":10992,"date":"2015-07-07T11:48:42","date_gmt":"2015-07-07T10:48:42","guid":{"rendered":"http:\/\/www.andalan.es\/?p=10992"},"modified":"2022-03-02T17:06:25","modified_gmt":"2022-03-02T16:06:25","slug":"novela-ensayo","status":"publish","type":"post","link":"https:\/\/www.andalan.es\/?p=10992","title":{"rendered":"Novela, ensayo"},"content":{"rendered":"<p>Hace casi tres lustros que tuve la gran satisfacci\u00f3n de editar, en la Biblioteca Aragonesa de Cultura (IFC e Ibercaja), el libro de <b>Jos\u00e9 Luis Melero<\/b> \u201cLeer para contarlo\u201d. Un aut\u00e9ntico \u201ccrack\u201d, como ahora se dice, en el mundo de la erudici\u00f3n bibli\u00f3fila aragonesa, sin duda el n\u00famero uno hoy, que recoge mil an\u00e9cdotas, reflexiones, datos, de lectura amen\u00edsima. Lo reedita Xordica, con una preciosa portada de Jorge Gay. Y es, sigue siendo, una aportaci\u00f3n magn\u00edfica a la historia de la literatura nada menor, sino distinta, de las acad\u00e9micas. El autor, en un pr\u00f3logo ad hoc, nos explica donosamente que: \u201caunque parezca mentira hubo un tiempo en que no se pod\u00edan comprar libros en todas las librer\u00edas del mundo sin salir de casa y solo con encender el ordenador, sino que hab\u00eda que ir a su caza y captura all\u00ed donde se encontraban, casi siempre en lugares abruptos y rec\u00f3nditos y en los anaqueles, tan polvorientos como destartalados, de las m\u00e1s pintorescas librer\u00edas de viejo, pues de otro modo esos libros no podr\u00edan llegar nunca donde uno estaba. Y hubo un tiempo en que la cultura se adquir\u00eda leyendo libros, revistas y peri\u00f3dicos y no consultando Facebook ni p\u00e1ginas en internet. De ese tiempo habla este libro, que fue escrito hace solo catorce a\u00f1os aunque parece, por c\u00f3mo ha cambiado el mundo, que hayan pasado siglos\u201d. Eureka.<\/p>\n<p><a href=\"http:\/\/www.andalan.es\/wp-content\/uploads\/Libro-de-Melero.jpg\"><img decoding=\"async\" class=\"aligncenter size-full wp-image-10993\" alt=\"Libro-de-Melero\" src=\"http:\/\/www.andalan.es\/wp-content\/uploads\/Libro-de-Melero.jpg\" width=\"350\" height=\"541\" srcset=\"https:\/\/www.andalan.es\/wp-content\/uploads\/Libro-de-Melero-97x150.jpg 97w, https:\/\/www.andalan.es\/wp-content\/uploads\/Libro-de-Melero-194x300.jpg 194w, https:\/\/www.andalan.es\/wp-content\/uploads\/Libro-de-Melero.jpg 350w\" sizes=\"(max-width: 350px) 100vw, 350px\" \/><\/a><\/p>\n<p>&nbsp;<\/p>\n<p>El viernes ocho de mayo, a las siete de la tarde, dentro de los actos programados para la XXII Feria del Libro de Andorra, <b>Joaqu\u00edn Carbonell<\/b>, el cantautor, periodista y escritor nacido en Alloza present\u00f3 en el Sal\u00f3n de Actos de la Casa de Cultura de Andorra su \u00faltima novela, El Artista, acto del que recogemos la cr\u00f3nica de Mariano Mart\u00ednez Luque para el Centro de Estudios Locales de Andorra y su comarca:<\/p>\n<p>\u201cJavier Alqu\u00e9zar, Director del CELAN, que es quien acompa\u00f1\u00f3 a Joaqu\u00edn Carbonell en la presentaci\u00f3n de esta novela, prefiri\u00f3 hacerlo a modo de tertulia entre ambos, y empez\u00f3 su charla con un breve resumen de la vida de este hombre polifac\u00e9tico relatando algunas de las actividades en las que ha participado o ha estado involucrado en su trayectoria tanto art\u00edstica como profesional. Algunas de ellas fueron la de participar como m\u00fasico en la Orquesta Bah\u00eda de Alloza, escribir informaci\u00f3n musical en Lucha (hoy Diario de Teruel) cuando estaba a\u00fan en el instituto, recorrer los pueblos como cantautor de la llamada \u201cNueva canci\u00f3n aragonesa\u201d, ser el autor de catorce libros, entre ellos dos libros de poemas y dos novelas anteriores a \u00e9sta, trabajar como periodista en El Peri\u00f3dico de Arag\u00f3n\u2026<\/p>\n<p><a href=\"http:\/\/www.andalan.es\/wp-content\/uploads\/2-Carbonell.jpg\"><img decoding=\"async\" class=\"aligncenter size-large wp-image-10994\" alt=\"2, Carbonell\" src=\"http:\/\/www.andalan.es\/wp-content\/uploads\/2-Carbonell-1024x1024.jpg\" width=\"640\" height=\"640\" srcset=\"https:\/\/www.andalan.es\/wp-content\/uploads\/2-Carbonell-25x25.jpg 25w, https:\/\/www.andalan.es\/wp-content\/uploads\/2-Carbonell-66x66.jpg 66w, https:\/\/www.andalan.es\/wp-content\/uploads\/2-Carbonell-150x150.jpg 150w, https:\/\/www.andalan.es\/wp-content\/uploads\/2-Carbonell-200x200.jpg 200w, https:\/\/www.andalan.es\/wp-content\/uploads\/2-Carbonell-300x300.jpg 300w, https:\/\/www.andalan.es\/wp-content\/uploads\/2-Carbonell-400x400.jpg 400w, https:\/\/www.andalan.es\/wp-content\/uploads\/2-Carbonell-600x600.jpg 600w, https:\/\/www.andalan.es\/wp-content\/uploads\/2-Carbonell-768x768.jpg 768w, https:\/\/www.andalan.es\/wp-content\/uploads\/2-Carbonell-800x800.jpg 800w, https:\/\/www.andalan.es\/wp-content\/uploads\/2-Carbonell.jpg 1024w\" sizes=\"(max-width: 640px) 100vw, 640px\" \/><\/a><\/p>\n<p>Tras esta descripci\u00f3n bastante amplia entre del presentador del acto sobre la experiencia vital del autor de esta su \u00faltima obra El Artista, se dio paso a la descripci\u00f3n del argumento en la misma l\u00ednea de charla entre ambos, situaci\u00f3n que mantuvo al p\u00fablico asistente muy pendiente del continuado intercambio de opiniones sobre los aspectos literarios e hist\u00f3ricos relacionados con ella.<\/p>\n<p>La historia narrada en la novela trascurre all\u00e1 por el a\u00f1o 1961, y el personaje principal Antonio Zaera es hijo de un minero andorrano que, tras vivir la primera etapa de su vida, hasta su adolescencia, en estos territorios bajoaragoneses y m\u00e1s concretamente en Andorra, se marcha a vivir a Sitges para trabajar de camarero. Desde ah\u00ed inicia un largo periplo de vivencias entre las que destaca sobre todas la de haber actuado en la pel\u00edcula \u201cViridiana\u201d, dirigida por el calandino Luis Bu\u00f1uel.<\/p>\n<p>Para Javier Alqu\u00e9zar la lectura de la obra recuerda a autores como V\u00e1zquez Montalb\u00e1n y sus secuelas mediterr\u00e1neas (Camilleri y M\u00e1rkaris), sobre todo en detalles como las descripciones gastron\u00f3micas y las continuas alusiones al mundillo cultural y pol\u00edtico de la \u00e9poca, sin faltar una cierta dosis de intriga que se resuelve de forma sorpresiva al final de la novela, en un permanente viaje de ida y vuelta al pasado a base de flash-backs. Tiene adem\u00e1s seg\u00fan \u00e9l una gran influencia de la cultura francesa que est\u00e1 inmersa en la novela y que era, por otra parte, la propia de la \u00e9poca en Espa\u00f1a. En las descripciones sobre algunas de esas escenas, Joaqu\u00edn dijo que la novela tiene mucha informaci\u00f3n de aquella \u00e9poca de principios de los a\u00f1os sesenta del siglo pasado, en la que se desarrolla la historia, la misma en la que el propio autor vivi\u00f3 su juventud, pues \u00e9l es de la misma edad que el protagonista Antonio Zaera. Seg\u00fan el autor, la novela siempre es un artificio para contar historias, por lo que en esta suya, dentro de la ficci\u00f3n, ha querido seguir manteniendo unas descripciones lo m\u00e1s parecidas posibles a los hechos que ocurr\u00edan en aquellos a\u00f1os sesenta del siglo pasado, como eran los acontecidos o pudieron haber ocurrido en lugares tan emblem\u00e1ticos por entonces de Andorra como el Sal\u00f3n Medina, el Bar El Manantial o en el entorno del quiosco de El Pablo. Considera tambi\u00e9n que los autores de las novelas no deben de volcar en ellas ni sus frustraciones ni sus pasiones. Seg\u00fan \u00e9l y seg\u00fan tambi\u00e9n muchos otros novelistas hay una regla de oro en la novela, todo aquello que no haga avanzar la historia hay que quitarlo. Y a\u00f1adi\u00f3 que lo m\u00e1s dif\u00edcil en la creaci\u00f3n de una obra es tener que realizar muchas veces esta labor de eliminar todo aquello que no va a resultar interesante para el lector, pues como en el caso de esta novela hubo p\u00e1rrafos muy entra\u00f1ables que consider\u00f3 necesario no incluirlos en la narraci\u00f3n. \u00c9l asegur\u00f3 que ha tenido que quitar mucho, principalmente para no aburrir con demasiada informaci\u00f3n a los posibles lectores que no conozcan el entorno de Andorra, pues a veces resulta pesada para ellos este c\u00famulo de detalles tan excesivos con los que a veces se cargan la novelas de este tipo. Tambi\u00e9n estim\u00f3 que hay que tener cuidado con no implicar a personas que existen con las que aparecen en la ficci\u00f3n, por la posible alusi\u00f3n a alguien con alg\u00fan hecho descrito que le pudiera resultar desagradable.<\/p>\n<p>Casi al final de esta entrevista Javier hizo un comentario a una referencia, que ley\u00f3, que se hace en la novela sobre la llegada de los inmigrantes andaluces a estas tierras aragonesas y que calific\u00f3 como homenaje a estos extreme\u00f1os, murcianos, andaluces\u2026 algo que ratifica Joaqu\u00edn. Tras el se\u00f1alamiento de los abundantes apuntes autobiogr\u00e1ficos, Javier le pregunt\u00f3 la raz\u00f3n por la que\u00a0 hab\u00eda elegido Andorra como lugar de nacimiento y crianza del protagonista y no su propio pueblo, Alloza. Joaqu\u00edn le responde que porque Andorra ten\u00eda entonces, como tiene ahora, m\u00e1s vida social y econ\u00f3mica y m\u00e1s expectativas que Alloza. Tambi\u00e9n considera Javier, algo que ratifica tambi\u00e9n el autor, que hay una constante en la historia sobre \u201clas relaciones chico-chica\u201d como se dec\u00eda entonces, justific\u00e1ndolo Joaqu\u00edn como que era efectivamente otra constante de la \u00e9poca, una obsesi\u00f3n por establecer este tipo de relaciones como forma de divertirse, tal y como si conquistar a una chica fuese como una especie de trofeo. El gusto y la pasi\u00f3n por involucrase en esta tarea de ligar con las chicas, considera el autor con una sonrisa, era tan constante en los chicos como actualmente lo es ver los partidos de f\u00fatbol de Madrid y del Barcelona.<\/p>\n<p>El acto termin\u00f3, tras algunas preguntas por parte de los asistentes, con la interpretaci\u00f3n de la \u00faltima canci\u00f3n que Joaqu\u00edn Carbonell ha realizado \u201cDe Teruel no es cualquiera\u201d, algo que el p\u00fablico agradeci\u00f3 con un emocionado y fuerte aplauso, que dio paso a la firma de ejemplares de la obra por su autor.<\/p>\n","protected":false},"excerpt":{"rendered":"<p>Hace casi tres lustros que tuve la gran satisfacci\u00f3n de editar, en la Biblioteca Aragonesa de Cultura (IFC e Ibercaja), el libro de Jos\u00e9 Luis Melero \u201cLeer para contarlo\u201d. Un aut\u00e9ntico \u201ccrack\u201d, como ahora se dice, en el mundo de la erudici\u00f3n bibli\u00f3fila aragonesa, sin duda el n\u00famero uno hoy, que recoge mil an\u00e9cdotas, reflexiones, datos, de lectura amen\u00edsima. Lo reedita Xordica, con una preciosa portada de Jorge Gay. Y es, sigue siendo, una aportaci\u00f3n magn\u00edfica a la historia de la literatura nada menor, sino distinta, de las acad\u00e9micas.  Joaqu\u00edn Carbonell, el cantautor, periodista y escritor nacido en Alloza present\u00f3 en el Sal\u00f3n de Actos de la Casa de Cultura de Andorra su \u00faltima novela, El Artista.<\/p>\n","protected":false},"author":1,"featured_media":10994,"comment_status":"open","ping_status":"closed","sticky":false,"template":"","format":"standard","meta":{"_acf_changed":false,"footnotes":""},"categories":[40],"tags":[1250,222,3080],"serie":[7671],"class_list":["post-10992","post","type-post","status-publish","format-standard","has-post-thumbnail","hentry","category-publicaciones","tag-javier-alquezar","tag-joaquin-carbonell","tag-mariano-martinez-luque","serie-eloy-fernandez-clemente"],"acf":[],"yoast_head":"<!-- This site is optimized with the Yoast SEO plugin v26.1.1 - https:\/\/yoast.com\/wordpress\/plugins\/seo\/ -->\n<title>Novela, ensayo - Andal\u00e1n.es<\/title>\n<meta name=\"robots\" content=\"index, follow, max-snippet:-1, max-image-preview:large, max-video-preview:-1\" \/>\n<link rel=\"canonical\" href=\"https:\/\/www.andalan.es\/?p=10992\" \/>\n<meta property=\"og:locale\" content=\"es_ES\" \/>\n<meta property=\"og:type\" content=\"article\" \/>\n<meta property=\"og:title\" content=\"Novela, ensayo - Andal\u00e1n.es\" \/>\n<meta property=\"og:description\" content=\"Hace casi tres lustros que tuve la gran satisfacci\u00f3n de editar, en la Biblioteca Aragonesa de Cultura (IFC e Ibercaja), el libro de Jos\u00e9 Luis Melero \u201cLeer para contarlo\u201d. Un aut\u00e9ntico \u201ccrack\u201d, como ahora se dice, en el mundo de la erudici\u00f3n bibli\u00f3fila aragonesa, sin duda el n\u00famero uno hoy, que recoge mil an\u00e9cdotas, reflexiones, datos, de lectura amen\u00edsima. Lo reedita Xordica, con una preciosa portada de Jorge Gay. Y es, sigue siendo, una aportaci\u00f3n magn\u00edfica a la historia de la literatura nada menor, sino distinta, de las acad\u00e9micas. Joaqu\u00edn Carbonell, el cantautor, periodista y escritor nacido en Alloza present\u00f3 en el Sal\u00f3n de Actos de la Casa de Cultura de Andorra su \u00faltima novela, El Artista.\" \/>\n<meta property=\"og:url\" content=\"https:\/\/www.andalan.es\/?p=10992\" \/>\n<meta property=\"og:site_name\" content=\"Andal\u00e1n.es\" \/>\n<meta property=\"article:published_time\" content=\"2015-07-07T10:48:42+00:00\" \/>\n<meta property=\"article:modified_time\" content=\"2022-03-02T16:06:25+00:00\" \/>\n<meta property=\"og:image\" content=\"https:\/\/www.andalan.es\/wp-content\/uploads\/2-Carbonell.jpg\" \/>\n\t<meta property=\"og:image:width\" content=\"1024\" \/>\n\t<meta property=\"og:image:height\" content=\"1024\" \/>\n\t<meta property=\"og:image:type\" content=\"image\/jpeg\" \/>\n<meta name=\"author\" content=\"Andal\u00e1n\" \/>\n<meta name=\"twitter:card\" content=\"summary_large_image\" \/>\n<meta name=\"twitter:label1\" content=\"Escrito por\" \/>\n\t<meta name=\"twitter:data1\" content=\"Andal\u00e1n\" \/>\n\t<meta name=\"twitter:label2\" content=\"Tiempo de lectura\" \/>\n\t<meta name=\"twitter:data2\" content=\"7 minutos\" \/>\n<script type=\"application\/ld+json\" class=\"yoast-schema-graph\">{\"@context\":\"https:\/\/schema.org\",\"@graph\":[{\"@type\":\"WebPage\",\"@id\":\"https:\/\/www.andalan.es\/?p=10992\",\"url\":\"https:\/\/www.andalan.es\/?p=10992\",\"name\":\"Novela, ensayo - Andal\u00e1n.es\",\"isPartOf\":{\"@id\":\"https:\/\/www.andalan.es\/#website\"},\"primaryImageOfPage\":{\"@id\":\"https:\/\/www.andalan.es\/?p=10992#primaryimage\"},\"image\":{\"@id\":\"https:\/\/www.andalan.es\/?p=10992#primaryimage\"},\"thumbnailUrl\":\"https:\/\/www.andalan.es\/wp-content\/uploads\/2-Carbonell.jpg\",\"datePublished\":\"2015-07-07T10:48:42+00:00\",\"dateModified\":\"2022-03-02T16:06:25+00:00\",\"author\":{\"@id\":\"https:\/\/www.andalan.es\/#\/schema\/person\/d91b6ba549757f41431f8d99ed604c79\"},\"breadcrumb\":{\"@id\":\"https:\/\/www.andalan.es\/?p=10992#breadcrumb\"},\"inLanguage\":\"es\",\"potentialAction\":[{\"@type\":\"ReadAction\",\"target\":[\"https:\/\/www.andalan.es\/?p=10992\"]}]},{\"@type\":\"ImageObject\",\"inLanguage\":\"es\",\"@id\":\"https:\/\/www.andalan.es\/?p=10992#primaryimage\",\"url\":\"https:\/\/www.andalan.es\/wp-content\/uploads\/2-Carbonell.jpg\",\"contentUrl\":\"https:\/\/www.andalan.es\/wp-content\/uploads\/2-Carbonell.jpg\",\"width\":1024,\"height\":1024},{\"@type\":\"BreadcrumbList\",\"@id\":\"https:\/\/www.andalan.es\/?p=10992#breadcrumb\",\"itemListElement\":[{\"@type\":\"ListItem\",\"position\":1,\"name\":\"andal\u00e1n.es\",\"item\":\"https:\/\/www.andalan.es\/\"},{\"@type\":\"ListItem\",\"position\":2,\"name\":\"Novela, ensayo\"}]},{\"@type\":\"WebSite\",\"@id\":\"https:\/\/www.andalan.es\/#website\",\"url\":\"https:\/\/www.andalan.es\/\",\"name\":\"Andal\u00e1n.es\",\"description\":\"Andal\u00e1n.es\",\"potentialAction\":[{\"@type\":\"SearchAction\",\"target\":{\"@type\":\"EntryPoint\",\"urlTemplate\":\"https:\/\/www.andalan.es\/?s={search_term_string}\"},\"query-input\":{\"@type\":\"PropertyValueSpecification\",\"valueRequired\":true,\"valueName\":\"search_term_string\"}}],\"inLanguage\":\"es\"},{\"@type\":\"Person\",\"@id\":\"https:\/\/www.andalan.es\/#\/schema\/person\/d91b6ba549757f41431f8d99ed604c79\",\"name\":\"Andal\u00e1n\",\"url\":\"https:\/\/www.andalan.es\/?author=1\"}]}<\/script>\n<!-- \/ Yoast SEO plugin. -->","yoast_head_json":{"title":"Novela, ensayo - Andal\u00e1n.es","robots":{"index":"index","follow":"follow","max-snippet":"max-snippet:-1","max-image-preview":"max-image-preview:large","max-video-preview":"max-video-preview:-1"},"canonical":"https:\/\/www.andalan.es\/?p=10992","og_locale":"es_ES","og_type":"article","og_title":"Novela, ensayo - Andal\u00e1n.es","og_description":"Hace casi tres lustros que tuve la gran satisfacci\u00f3n de editar, en la Biblioteca Aragonesa de Cultura (IFC e Ibercaja), el libro de Jos\u00e9 Luis Melero \u201cLeer para contarlo\u201d. Un aut\u00e9ntico \u201ccrack\u201d, como ahora se dice, en el mundo de la erudici\u00f3n bibli\u00f3fila aragonesa, sin duda el n\u00famero uno hoy, que recoge mil an\u00e9cdotas, reflexiones, datos, de lectura amen\u00edsima. Lo reedita Xordica, con una preciosa portada de Jorge Gay. Y es, sigue siendo, una aportaci\u00f3n magn\u00edfica a la historia de la literatura nada menor, sino distinta, de las acad\u00e9micas. Joaqu\u00edn Carbonell, el cantautor, periodista y escritor nacido en Alloza present\u00f3 en el Sal\u00f3n de Actos de la Casa de Cultura de Andorra su \u00faltima novela, El Artista.","og_url":"https:\/\/www.andalan.es\/?p=10992","og_site_name":"Andal\u00e1n.es","article_published_time":"2015-07-07T10:48:42+00:00","article_modified_time":"2022-03-02T16:06:25+00:00","og_image":[{"width":1024,"height":1024,"url":"https:\/\/www.andalan.es\/wp-content\/uploads\/2-Carbonell.jpg","type":"image\/jpeg"}],"author":"Andal\u00e1n","twitter_card":"summary_large_image","twitter_misc":{"Escrito por":"Andal\u00e1n","Tiempo de lectura":"7 minutos"},"schema":{"@context":"https:\/\/schema.org","@graph":[{"@type":"WebPage","@id":"https:\/\/www.andalan.es\/?p=10992","url":"https:\/\/www.andalan.es\/?p=10992","name":"Novela, ensayo - Andal\u00e1n.es","isPartOf":{"@id":"https:\/\/www.andalan.es\/#website"},"primaryImageOfPage":{"@id":"https:\/\/www.andalan.es\/?p=10992#primaryimage"},"image":{"@id":"https:\/\/www.andalan.es\/?p=10992#primaryimage"},"thumbnailUrl":"https:\/\/www.andalan.es\/wp-content\/uploads\/2-Carbonell.jpg","datePublished":"2015-07-07T10:48:42+00:00","dateModified":"2022-03-02T16:06:25+00:00","author":{"@id":"https:\/\/www.andalan.es\/#\/schema\/person\/d91b6ba549757f41431f8d99ed604c79"},"breadcrumb":{"@id":"https:\/\/www.andalan.es\/?p=10992#breadcrumb"},"inLanguage":"es","potentialAction":[{"@type":"ReadAction","target":["https:\/\/www.andalan.es\/?p=10992"]}]},{"@type":"ImageObject","inLanguage":"es","@id":"https:\/\/www.andalan.es\/?p=10992#primaryimage","url":"https:\/\/www.andalan.es\/wp-content\/uploads\/2-Carbonell.jpg","contentUrl":"https:\/\/www.andalan.es\/wp-content\/uploads\/2-Carbonell.jpg","width":1024,"height":1024},{"@type":"BreadcrumbList","@id":"https:\/\/www.andalan.es\/?p=10992#breadcrumb","itemListElement":[{"@type":"ListItem","position":1,"name":"andal\u00e1n.es","item":"https:\/\/www.andalan.es\/"},{"@type":"ListItem","position":2,"name":"Novela, ensayo"}]},{"@type":"WebSite","@id":"https:\/\/www.andalan.es\/#website","url":"https:\/\/www.andalan.es\/","name":"Andal\u00e1n.es","description":"Andal\u00e1n.es","potentialAction":[{"@type":"SearchAction","target":{"@type":"EntryPoint","urlTemplate":"https:\/\/www.andalan.es\/?s={search_term_string}"},"query-input":{"@type":"PropertyValueSpecification","valueRequired":true,"valueName":"search_term_string"}}],"inLanguage":"es"},{"@type":"Person","@id":"https:\/\/www.andalan.es\/#\/schema\/person\/d91b6ba549757f41431f8d99ed604c79","name":"Andal\u00e1n","url":"https:\/\/www.andalan.es\/?author=1"}]}},"_links":{"self":[{"href":"https:\/\/www.andalan.es\/index.php?rest_route=\/wp\/v2\/posts\/10992","targetHints":{"allow":["GET"]}}],"collection":[{"href":"https:\/\/www.andalan.es\/index.php?rest_route=\/wp\/v2\/posts"}],"about":[{"href":"https:\/\/www.andalan.es\/index.php?rest_route=\/wp\/v2\/types\/post"}],"author":[{"embeddable":true,"href":"https:\/\/www.andalan.es\/index.php?rest_route=\/wp\/v2\/users\/1"}],"replies":[{"embeddable":true,"href":"https:\/\/www.andalan.es\/index.php?rest_route=%2Fwp%2Fv2%2Fcomments&post=10992"}],"version-history":[{"count":1,"href":"https:\/\/www.andalan.es\/index.php?rest_route=\/wp\/v2\/posts\/10992\/revisions"}],"predecessor-version":[{"id":10995,"href":"https:\/\/www.andalan.es\/index.php?rest_route=\/wp\/v2\/posts\/10992\/revisions\/10995"}],"wp:featuredmedia":[{"embeddable":true,"href":"https:\/\/www.andalan.es\/index.php?rest_route=\/wp\/v2\/media\/10994"}],"wp:attachment":[{"href":"https:\/\/www.andalan.es\/index.php?rest_route=%2Fwp%2Fv2%2Fmedia&parent=10992"}],"wp:term":[{"taxonomy":"category","embeddable":true,"href":"https:\/\/www.andalan.es\/index.php?rest_route=%2Fwp%2Fv2%2Fcategories&post=10992"},{"taxonomy":"post_tag","embeddable":true,"href":"https:\/\/www.andalan.es\/index.php?rest_route=%2Fwp%2Fv2%2Ftags&post=10992"},{"taxonomy":"serie","embeddable":true,"href":"https:\/\/www.andalan.es\/index.php?rest_route=%2Fwp%2Fv2%2Fserie&post=10992"}],"curies":[{"name":"wp","href":"https:\/\/api.w.org\/{rel}","templated":true}]}}