{"id":11429,"date":"2015-10-08T09:58:39","date_gmt":"2015-10-08T08:58:39","guid":{"rendered":"http:\/\/www.andalan.es\/?p=11429"},"modified":"2022-03-02T17:06:48","modified_gmt":"2022-03-02T16:06:48","slug":"autores-aragoneses","status":"publish","type":"post","link":"https:\/\/www.andalan.es\/?p=11429","title":{"rendered":"Autores aragoneses"},"content":{"rendered":"<p>Autores de temas generales, pero aragoneses muy reconocidos los profesores Lorenzo Mart\u00edn-Retortillo, Francisco Com\u00edn y Yolanda Polo, recogemos algunas novedades suyas m\u00e1s que interesantes y oportunas.<\/p>\n<p>Sali\u00f3 antes del verano (el 21 de junio, en El Peri\u00f3dico de Arag\u00f3n), y por ello qued\u00f3 colgada su reproducci\u00f3n aqu\u00ed. Pero no carece de inter\u00e9s, sino todo lo contrario, el texto del gran profesor administrativista <b>Lorenzo Mart\u00edn-Retortillo<\/b>, que motiv\u00f3 el art\u00edculo que enlazamos para quienes est\u00e9n interesados en su lectura.<\/p>\n<p><a href=\"http:\/\/www.andalan.es\/wp-content\/uploads\/Retortillo.jpg\"><img decoding=\"async\" class=\"aligncenter size-full wp-image-11430\" alt=\"Retortillo\" src=\"http:\/\/www.andalan.es\/wp-content\/uploads\/Retortillo.jpg\" width=\"400\" height=\"566\" srcset=\"https:\/\/www.andalan.es\/wp-content\/uploads\/Retortillo-106x150.jpg 106w, https:\/\/www.andalan.es\/wp-content\/uploads\/Retortillo-200x283.jpg 200w, https:\/\/www.andalan.es\/wp-content\/uploads\/Retortillo-212x300.jpg 212w, https:\/\/www.andalan.es\/wp-content\/uploads\/Retortillo.jpg 400w\" sizes=\"(max-width: 400px) 100vw, 400px\" \/><\/a><\/p>\n<p>&nbsp;<\/p>\n<p>Por su parte, nuestro colega y amigo el profesor <b>Francisco Com\u00edn<\/b> acaba de editar, junto con Carlos \u00c1lvarez-Nogal, un excelente libro colectivo: Historia de la deuda p\u00fablica en Espa\u00f1a (siglos XVI-XXI), del que resumimos la conclusi\u00f3n de su propio estudio, \u201cEl laberinto de las deudas finalistas de la dictadura de Franco\u201d: \u201cEn la autarqu\u00eda no se respetaron las convenciones tradicionales con respecto a la distinci\u00f3n entre deuda flotante y deuda consolidada; se abus\u00f3 de la emisi\u00f3n de deuda flotante para fines espurios e ilegales\u2026 La pol\u00edtica de la deuda p\u00fablica durante el franquismo fue un tanto extravagante en cuanto a las emisiones. Al no aceptarse la pol\u00edtica keynesiana, los ministros siguieron aferrados al dogma del equilibrio presupuestario y utilizaron las emisiones de deuda p\u00fablica para financiar los gastos p\u00fablicos extrapresupuestarios, pagar las nacionalizaciones y conceder subvenciones a empresas p\u00fablicas y privadas a trav\u00e9s de una mara\u00f1a institucional de deudas finalistas\u2026 Como en otros campos de la pol\u00edtica econ\u00f3mica del franquismo, en la gesti\u00f3n de la deuda p\u00fablica predomin\u00f3 el arbitrismo, la descentralizaci\u00f3n de las decisiones fuera del Ministerio de Hacienda, y la ausencia de criterios econ\u00f3micos\u201d.<\/p>\n<p style=\"text-align: center;\"><a href=\"http:\/\/www.andalan.es\/wp-content\/uploads\/Com\u00edn.jpg\"><img decoding=\"async\" class=\"aligncenter  wp-image-11431\" alt=\"Com\u00edn\" src=\"http:\/\/www.andalan.es\/wp-content\/uploads\/Com\u00edn-729x1024.jpg\" width=\"448\" height=\"629\" srcset=\"https:\/\/www.andalan.es\/wp-content\/uploads\/Com\u00edn-106x150.jpg 106w, https:\/\/www.andalan.es\/wp-content\/uploads\/Com\u00edn-213x300.jpg 213w, https:\/\/www.andalan.es\/wp-content\/uploads\/Com\u00edn-400x561.jpg 400w, https:\/\/www.andalan.es\/wp-content\/uploads\/Com\u00edn-729x1024.jpg 729w, https:\/\/www.andalan.es\/wp-content\/uploads\/Com\u00edn.jpg 1335w\" sizes=\"(max-width: 448px) 100vw, 448px\" \/><\/a><\/p>\n<p>&nbsp;<\/p>\n<p>Por cierto, que el pr\u00f3ximo 22 de octubre tendr\u00e1 lugar en la Universidad de Alcal\u00e1, donde es catedr\u00e1tico de Historia Econ\u00f3mica, un acto en homenaje de Com\u00edn, pr\u00f3ximo a jubilarse, en el 25 aniversario de su obtenci\u00f3n del Premio nacional de Historia por su libro \u201cHacienda y Econom\u00eda en la Espa\u00f1a Contempor\u00e1nea (1800-\u00ad1936)\u201d. Desde estas p\u00e1ginas, nos sumamos a la felicitaci\u00f3n y nos adherimos al merecid\u00edsimo acto.<\/p>\n<p>&nbsp;<\/p>\n<p style=\"text-align: center;\"><a href=\"http:\/\/www.andalan.es\/wp-content\/uploads\/Yolanda.jpg\"><img decoding=\"async\" class=\"aligncenter  wp-image-11432\" alt=\"Yolanda\" src=\"http:\/\/www.andalan.es\/wp-content\/uploads\/Yolanda-693x1024.jpg\" width=\"448\" height=\"662\" srcset=\"https:\/\/www.andalan.es\/wp-content\/uploads\/Yolanda-101x150.jpg 101w, https:\/\/www.andalan.es\/wp-content\/uploads\/Yolanda-203x300.jpg 203w, https:\/\/www.andalan.es\/wp-content\/uploads\/Yolanda-400x590.jpg 400w, https:\/\/www.andalan.es\/wp-content\/uploads\/Yolanda-693x1024.jpg 693w, https:\/\/www.andalan.es\/wp-content\/uploads\/Yolanda.jpg 1039w\" sizes=\"(max-width: 448px) 100vw, 448px\" \/><\/a><\/p>\n<p>Y, en fin, un breve comentario a la lectura de la lecci\u00f3n inaugural del curso, en el Paraninfo de nuestra Universidad, por la profesora <b>Yolanda Polo<\/b>, antigua alumna, desde hace m\u00e1s de veinte a\u00f1os catedr\u00e1tica en la Facultad de Econom\u00eda y Empresa, primera especialista en M\u00e1rketing en Espa\u00f1a, que trat\u00f3 del tema de su vida: \u201cEl valor del marketing para la empresa y la sociedad\u201d. Fue un discurso, abreviado en el acto solemne, in extenso en el libro que se edit\u00f3 y ofreci\u00f3 con ese motivo, muy pensado, claro, brillante, trufado de referencias hist\u00f3ricas y culturales aragonesas, que gust\u00f3 mucho. Una alegr\u00eda para todos sus amigos.<\/p>\n","protected":false},"excerpt":{"rendered":"<p>Autores de temas generales, pero aragoneses muy reconocidos los profesores Lorenzo Mart\u00edn-Retortillo, Francisco Com\u00edn y Yolanda Polo, recogemos algunas novedades suyas m\u00e1s que interesantes y oportunas.<\/p>\n","protected":false},"author":1,"featured_media":11430,"comment_status":"open","ping_status":"closed","sticky":false,"template":"","format":"standard","meta":{"_acf_changed":false,"footnotes":""},"categories":[40],"tags":[1235,3252,3253],"serie":[7671],"class_list":["post-11429","post","type-post","status-publish","format-standard","has-post-thumbnail","hentry","category-publicaciones","tag-francisco-comin","tag-lorenzo-martin-retortillo","tag-yolanda-polo","serie-eloy-fernandez-clemente"],"acf":[],"yoast_head":"<!-- This site is optimized with the Yoast SEO plugin v26.1.1 - https:\/\/yoast.com\/wordpress\/plugins\/seo\/ -->\n<title>Autores aragoneses - Andal\u00e1n.es<\/title>\n<meta name=\"robots\" content=\"index, follow, max-snippet:-1, max-image-preview:large, max-video-preview:-1\" \/>\n<link rel=\"canonical\" href=\"https:\/\/www.andalan.es\/?p=11429\" \/>\n<meta property=\"og:locale\" content=\"es_ES\" \/>\n<meta property=\"og:type\" content=\"article\" \/>\n<meta property=\"og:title\" content=\"Autores aragoneses - Andal\u00e1n.es\" \/>\n<meta property=\"og:description\" content=\"Autores de temas generales, pero aragoneses muy reconocidos los profesores Lorenzo Mart\u00edn-Retortillo, Francisco Com\u00edn y Yolanda Polo, recogemos algunas novedades suyas m\u00e1s que interesantes y oportunas.\" \/>\n<meta property=\"og:url\" content=\"https:\/\/www.andalan.es\/?p=11429\" \/>\n<meta property=\"og:site_name\" content=\"Andal\u00e1n.es\" \/>\n<meta property=\"article:published_time\" content=\"2015-10-08T08:58:39+00:00\" \/>\n<meta property=\"article:modified_time\" content=\"2022-03-02T16:06:48+00:00\" \/>\n<meta property=\"og:image\" content=\"https:\/\/www.andalan.es\/wp-content\/uploads\/Retortillo.jpg\" \/>\n\t<meta property=\"og:image:width\" content=\"400\" \/>\n\t<meta property=\"og:image:height\" content=\"566\" \/>\n\t<meta property=\"og:image:type\" content=\"image\/jpeg\" \/>\n<meta name=\"author\" content=\"Andal\u00e1n\" \/>\n<meta name=\"twitter:card\" content=\"summary_large_image\" \/>\n<meta name=\"twitter:label1\" content=\"Escrito por\" \/>\n\t<meta name=\"twitter:data1\" content=\"Andal\u00e1n\" \/>\n\t<meta name=\"twitter:label2\" content=\"Tiempo de lectura\" \/>\n\t<meta name=\"twitter:data2\" content=\"2 minutos\" \/>\n<script type=\"application\/ld+json\" class=\"yoast-schema-graph\">{\"@context\":\"https:\/\/schema.org\",\"@graph\":[{\"@type\":\"WebPage\",\"@id\":\"https:\/\/www.andalan.es\/?p=11429\",\"url\":\"https:\/\/www.andalan.es\/?p=11429\",\"name\":\"Autores aragoneses - Andal\u00e1n.es\",\"isPartOf\":{\"@id\":\"https:\/\/www.andalan.es\/#website\"},\"primaryImageOfPage\":{\"@id\":\"https:\/\/www.andalan.es\/?p=11429#primaryimage\"},\"image\":{\"@id\":\"https:\/\/www.andalan.es\/?p=11429#primaryimage\"},\"thumbnailUrl\":\"https:\/\/www.andalan.es\/wp-content\/uploads\/Retortillo.jpg\",\"datePublished\":\"2015-10-08T08:58:39+00:00\",\"dateModified\":\"2022-03-02T16:06:48+00:00\",\"author\":{\"@id\":\"https:\/\/www.andalan.es\/#\/schema\/person\/d91b6ba549757f41431f8d99ed604c79\"},\"breadcrumb\":{\"@id\":\"https:\/\/www.andalan.es\/?p=11429#breadcrumb\"},\"inLanguage\":\"es\",\"potentialAction\":[{\"@type\":\"ReadAction\",\"target\":[\"https:\/\/www.andalan.es\/?p=11429\"]}]},{\"@type\":\"ImageObject\",\"inLanguage\":\"es\",\"@id\":\"https:\/\/www.andalan.es\/?p=11429#primaryimage\",\"url\":\"https:\/\/www.andalan.es\/wp-content\/uploads\/Retortillo.jpg\",\"contentUrl\":\"https:\/\/www.andalan.es\/wp-content\/uploads\/Retortillo.jpg\",\"width\":400,\"height\":566},{\"@type\":\"BreadcrumbList\",\"@id\":\"https:\/\/www.andalan.es\/?p=11429#breadcrumb\",\"itemListElement\":[{\"@type\":\"ListItem\",\"position\":1,\"name\":\"andal\u00e1n.es\",\"item\":\"https:\/\/www.andalan.es\/\"},{\"@type\":\"ListItem\",\"position\":2,\"name\":\"Autores aragoneses\"}]},{\"@type\":\"WebSite\",\"@id\":\"https:\/\/www.andalan.es\/#website\",\"url\":\"https:\/\/www.andalan.es\/\",\"name\":\"Andal\u00e1n.es\",\"description\":\"Andal\u00e1n.es\",\"potentialAction\":[{\"@type\":\"SearchAction\",\"target\":{\"@type\":\"EntryPoint\",\"urlTemplate\":\"https:\/\/www.andalan.es\/?s={search_term_string}\"},\"query-input\":{\"@type\":\"PropertyValueSpecification\",\"valueRequired\":true,\"valueName\":\"search_term_string\"}}],\"inLanguage\":\"es\"},{\"@type\":\"Person\",\"@id\":\"https:\/\/www.andalan.es\/#\/schema\/person\/d91b6ba549757f41431f8d99ed604c79\",\"name\":\"Andal\u00e1n\",\"url\":\"https:\/\/www.andalan.es\/?author=1\"}]}<\/script>\n<!-- \/ Yoast SEO plugin. -->","yoast_head_json":{"title":"Autores aragoneses - Andal\u00e1n.es","robots":{"index":"index","follow":"follow","max-snippet":"max-snippet:-1","max-image-preview":"max-image-preview:large","max-video-preview":"max-video-preview:-1"},"canonical":"https:\/\/www.andalan.es\/?p=11429","og_locale":"es_ES","og_type":"article","og_title":"Autores aragoneses - Andal\u00e1n.es","og_description":"Autores de temas generales, pero aragoneses muy reconocidos los profesores Lorenzo Mart\u00edn-Retortillo, Francisco Com\u00edn y Yolanda Polo, recogemos algunas novedades suyas m\u00e1s que interesantes y oportunas.","og_url":"https:\/\/www.andalan.es\/?p=11429","og_site_name":"Andal\u00e1n.es","article_published_time":"2015-10-08T08:58:39+00:00","article_modified_time":"2022-03-02T16:06:48+00:00","og_image":[{"width":400,"height":566,"url":"https:\/\/www.andalan.es\/wp-content\/uploads\/Retortillo.jpg","type":"image\/jpeg"}],"author":"Andal\u00e1n","twitter_card":"summary_large_image","twitter_misc":{"Escrito por":"Andal\u00e1n","Tiempo de lectura":"2 minutos"},"schema":{"@context":"https:\/\/schema.org","@graph":[{"@type":"WebPage","@id":"https:\/\/www.andalan.es\/?p=11429","url":"https:\/\/www.andalan.es\/?p=11429","name":"Autores aragoneses - Andal\u00e1n.es","isPartOf":{"@id":"https:\/\/www.andalan.es\/#website"},"primaryImageOfPage":{"@id":"https:\/\/www.andalan.es\/?p=11429#primaryimage"},"image":{"@id":"https:\/\/www.andalan.es\/?p=11429#primaryimage"},"thumbnailUrl":"https:\/\/www.andalan.es\/wp-content\/uploads\/Retortillo.jpg","datePublished":"2015-10-08T08:58:39+00:00","dateModified":"2022-03-02T16:06:48+00:00","author":{"@id":"https:\/\/www.andalan.es\/#\/schema\/person\/d91b6ba549757f41431f8d99ed604c79"},"breadcrumb":{"@id":"https:\/\/www.andalan.es\/?p=11429#breadcrumb"},"inLanguage":"es","potentialAction":[{"@type":"ReadAction","target":["https:\/\/www.andalan.es\/?p=11429"]}]},{"@type":"ImageObject","inLanguage":"es","@id":"https:\/\/www.andalan.es\/?p=11429#primaryimage","url":"https:\/\/www.andalan.es\/wp-content\/uploads\/Retortillo.jpg","contentUrl":"https:\/\/www.andalan.es\/wp-content\/uploads\/Retortillo.jpg","width":400,"height":566},{"@type":"BreadcrumbList","@id":"https:\/\/www.andalan.es\/?p=11429#breadcrumb","itemListElement":[{"@type":"ListItem","position":1,"name":"andal\u00e1n.es","item":"https:\/\/www.andalan.es\/"},{"@type":"ListItem","position":2,"name":"Autores aragoneses"}]},{"@type":"WebSite","@id":"https:\/\/www.andalan.es\/#website","url":"https:\/\/www.andalan.es\/","name":"Andal\u00e1n.es","description":"Andal\u00e1n.es","potentialAction":[{"@type":"SearchAction","target":{"@type":"EntryPoint","urlTemplate":"https:\/\/www.andalan.es\/?s={search_term_string}"},"query-input":{"@type":"PropertyValueSpecification","valueRequired":true,"valueName":"search_term_string"}}],"inLanguage":"es"},{"@type":"Person","@id":"https:\/\/www.andalan.es\/#\/schema\/person\/d91b6ba549757f41431f8d99ed604c79","name":"Andal\u00e1n","url":"https:\/\/www.andalan.es\/?author=1"}]}},"_links":{"self":[{"href":"https:\/\/www.andalan.es\/index.php?rest_route=\/wp\/v2\/posts\/11429","targetHints":{"allow":["GET"]}}],"collection":[{"href":"https:\/\/www.andalan.es\/index.php?rest_route=\/wp\/v2\/posts"}],"about":[{"href":"https:\/\/www.andalan.es\/index.php?rest_route=\/wp\/v2\/types\/post"}],"author":[{"embeddable":true,"href":"https:\/\/www.andalan.es\/index.php?rest_route=\/wp\/v2\/users\/1"}],"replies":[{"embeddable":true,"href":"https:\/\/www.andalan.es\/index.php?rest_route=%2Fwp%2Fv2%2Fcomments&post=11429"}],"version-history":[{"count":1,"href":"https:\/\/www.andalan.es\/index.php?rest_route=\/wp\/v2\/posts\/11429\/revisions"}],"predecessor-version":[{"id":11433,"href":"https:\/\/www.andalan.es\/index.php?rest_route=\/wp\/v2\/posts\/11429\/revisions\/11433"}],"wp:featuredmedia":[{"embeddable":true,"href":"https:\/\/www.andalan.es\/index.php?rest_route=\/wp\/v2\/media\/11430"}],"wp:attachment":[{"href":"https:\/\/www.andalan.es\/index.php?rest_route=%2Fwp%2Fv2%2Fmedia&parent=11429"}],"wp:term":[{"taxonomy":"category","embeddable":true,"href":"https:\/\/www.andalan.es\/index.php?rest_route=%2Fwp%2Fv2%2Fcategories&post=11429"},{"taxonomy":"post_tag","embeddable":true,"href":"https:\/\/www.andalan.es\/index.php?rest_route=%2Fwp%2Fv2%2Ftags&post=11429"},{"taxonomy":"serie","embeddable":true,"href":"https:\/\/www.andalan.es\/index.php?rest_route=%2Fwp%2Fv2%2Fserie&post=11429"}],"curies":[{"name":"wp","href":"https:\/\/api.w.org\/{rel}","templated":true}]}}