{"id":14220,"date":"2018-02-20T10:20:13","date_gmt":"2018-02-20T09:20:13","guid":{"rendered":"http:\/\/www.andalan.es\/?p=14220"},"modified":"2022-03-02T17:08:44","modified_gmt":"2022-03-02T16:08:44","slug":"la-impar-singularidad-de-andres-ortiz-oses","status":"publish","type":"post","link":"https:\/\/www.andalan.es\/?p=14220","title":{"rendered":"La impar singularidad de Andr\u00e9s Ort\u00edz Os\u00e9s"},"content":{"rendered":"<p>Un viejo amigo, el tardientano <strong>Andr\u00e9s Ort\u00edz Os\u00e9s<\/strong>, est\u00e1 cumpliendo la quiz\u00e1 m\u00e1s trascendental, importante, ejemplar, tarea de su vida filos\u00f3fica, hermen\u00e9utica, redactando art\u00edculos que resumen su pensamiento de 75 a\u00f1os, que acaba de cumplir. Muchos son poemas breves, greguer\u00edas muy originales, reflexiones ante su dura enfermedad. Los temas, tan diversos como el amor y la amistad, Arag\u00f3n y los aragoneses, la autobiograf\u00eda y la muerte, lo vasco y lo religioso.<\/p>\n<p>&nbsp;<\/p>\n<p><img decoding=\"async\" class=\"aligncenter size-full wp-image-14221\" src=\"http:\/\/www.andalan.es\/wp-content\/uploads\/2-Ort\u00edz-Os\u00e9s.jpg\" alt=\"\" width=\"493\" height=\"700\" srcset=\"https:\/\/www.andalan.es\/wp-content\/uploads\/2-Ort\u00edz-Os\u00e9s-106x150.jpg 106w, https:\/\/www.andalan.es\/wp-content\/uploads\/2-Ort\u00edz-Os\u00e9s-200x284.jpg 200w, https:\/\/www.andalan.es\/wp-content\/uploads\/2-Ort\u00edz-Os\u00e9s-211x300.jpg 211w, https:\/\/www.andalan.es\/wp-content\/uploads\/2-Ort\u00edz-Os\u00e9s-400x568.jpg 400w, https:\/\/www.andalan.es\/wp-content\/uploads\/2-Ort\u00edz-Os\u00e9s-423x600.jpg 423w, https:\/\/www.andalan.es\/wp-content\/uploads\/2-Ort\u00edz-Os\u00e9s.jpg 493w\" sizes=\"(max-width: 493px) 100vw, 493px\" \/><\/p>\n<p>&nbsp;<\/p>\n<p>Las manda a su grupo de amigos m\u00e1s cercanos, entre los que nos tiene. Tambi\u00e9n en revistas como la mounieriana <em>Acontecimiento<\/em>, la<em> Revista Internacional de Estudios Vascos<\/em>, la <em>Revista Aragonesa de Teolog\u00eda <\/em>(que va en su a\u00f1os XXIII y n\u00famero 40). Pero, y sobre todo, queremos hacernos eco del extraordinario n\u00famero que le dedica <em>Entretexto, Revista de Estudios Interculturales desde Latinoam\u00e9rica y el Caribe, <\/em>de la Universidad de La Guajira, n\u00ba 20 (Enero-Junio), 2017, de la que es precisamente director honorario nuestro paisano con, por ejemplo, Adela Cortina. Junto a varios textos suyos, un coro de fil\u00f3sofos y antrop\u00f3logos escriben a prop\u00f3sito de su \u201cFilosof\u00eda del sentido y de la ex-sistencia\u201d: Mikel Formosa, Luis Garagalza, Alberto Tejera, Edickson Minaya, Felix Gerenabarrena, Fernando Jos\u00e9 Vergara, y el catedr\u00e1tico de nuestra Universidad Jos\u00e9 Luis Calvo Carilla. Adem\u00e1s de en \u00abreligion digital\u00bb y \u00abblog nonquotidiano\u00bb de Tur\u00edn, ahora le publican tambi\u00e9n sus rollos \u2013dixit- en \u00abEscritorio anglicano\u00bb de Madrid. El ecumenismo empieza por eso.<\/p>\n<p>Y que \u2013pronto la edici\u00f3n- encabeza un libro nuevo sobre \u201cLo dem\u00f3nico \u2013el duende y el daimon\u201d, que asombrar\u00e1 al mundo, adem\u00e1s de extenderse sobre el mal. En esta obra Andr\u00e9s destaca el car\u00e1cter transversal y oblicuo de lo dem\u00f3nico, L.Garagalza su mediaci\u00f3n de contrarios, J.Beriain su ambivalencia, B.Solares su corrosividad, Luz Aida Lozano su fuerza configuradora, H.Fdez. Medrano su heterodoxia. Por su parte, M.Marder lo engarza con el reino de las plantas y su urdimbre vegetal, mientras que J.A.Bergua lo conecta con el reino humano y su urdimbre cultural. Impresionantes.<\/p>\n","protected":false},"excerpt":{"rendered":"<p>Un viejo amigo, el tardientano Andr\u00e9s Ort\u00edz Os\u00e9s, est\u00e1 cumpliendo la quiz\u00e1 m\u00e1s trascendental, importante, ejemplar, tarea de su vida filos\u00f3fica, hermen\u00e9utica, redactando art\u00edculos que resumen su pensamiento de 75 a\u00f1os, que acaba de cumplir. Muchos son poemas breves, greguer\u00edas muy originales, reflexiones ante su dura enfermedad. Los temas, tan diversos como el amor y la amistad, Arag\u00f3n y los aragoneses, la autobiograf\u00eda y la muerte, lo vasco y lo religioso.<\/p>\n","protected":false},"author":1,"featured_media":14221,"comment_status":"closed","ping_status":"closed","sticky":false,"template":"","format":"standard","meta":{"_acf_changed":false,"footnotes":""},"categories":[40],"tags":[1503,5238,1022,5243,5239,5240,5241,5245,5242,5247,975,5237,5244,5246,5236],"serie":[7515],"class_list":["post-14220","post","type-post","status-publish","format-standard","has-post-thumbnail","hentry","category-publicaciones","tag-adela-cortina","tag-alberto-tejera","tag-andres-ortiz-oses","tag-b-solares","tag-edickson-minaya","tag-felix-gerenabarrena","tag-fernando-jose-vergara","tag-h-fernandez-medrano","tag-j-beriain","tag-jose-angel-bergua","tag-jose-luis-calvo-carilla","tag-luis-garagalza","tag-luz-aida-lozano","tag-m-marder","tag-mikel-formosa","serie-efc"],"acf":[],"yoast_head":"<!-- This site is optimized with the Yoast SEO plugin v26.1.1 - https:\/\/yoast.com\/wordpress\/plugins\/seo\/ -->\n<title>La impar singularidad de Andr\u00e9s Ort\u00edz Os\u00e9s - Andal\u00e1n.es<\/title>\n<meta name=\"robots\" content=\"index, follow, max-snippet:-1, max-image-preview:large, max-video-preview:-1\" \/>\n<link rel=\"canonical\" href=\"https:\/\/www.andalan.es\/?p=14220\" \/>\n<meta property=\"og:locale\" content=\"es_ES\" \/>\n<meta property=\"og:type\" content=\"article\" \/>\n<meta property=\"og:title\" content=\"La impar singularidad de Andr\u00e9s Ort\u00edz Os\u00e9s - Andal\u00e1n.es\" \/>\n<meta property=\"og:description\" content=\"Un viejo amigo, el tardientano Andr\u00e9s Ort\u00edz Os\u00e9s, est\u00e1 cumpliendo la quiz\u00e1 m\u00e1s trascendental, importante, ejemplar, tarea de su vida filos\u00f3fica, hermen\u00e9utica, redactando art\u00edculos que resumen su pensamiento de 75 a\u00f1os, que acaba de cumplir. Muchos son poemas breves, greguer\u00edas muy originales, reflexiones ante su dura enfermedad. Los temas, tan diversos como el amor y la amistad, Arag\u00f3n y los aragoneses, la autobiograf\u00eda y la muerte, lo vasco y lo religioso.\" \/>\n<meta property=\"og:url\" content=\"https:\/\/www.andalan.es\/?p=14220\" \/>\n<meta property=\"og:site_name\" content=\"Andal\u00e1n.es\" \/>\n<meta property=\"article:published_time\" content=\"2018-02-20T09:20:13+00:00\" \/>\n<meta property=\"article:modified_time\" content=\"2022-03-02T16:08:44+00:00\" \/>\n<meta property=\"og:image\" content=\"https:\/\/www.andalan.es\/wp-content\/uploads\/2-Ort\u00edz-Os\u00e9s.jpg\" \/>\n\t<meta property=\"og:image:width\" content=\"493\" \/>\n\t<meta property=\"og:image:height\" content=\"700\" \/>\n\t<meta property=\"og:image:type\" content=\"image\/jpeg\" \/>\n<meta name=\"author\" content=\"Andal\u00e1n\" \/>\n<meta name=\"twitter:card\" content=\"summary_large_image\" \/>\n<meta name=\"twitter:label1\" content=\"Escrito por\" \/>\n\t<meta name=\"twitter:data1\" content=\"Andal\u00e1n\" \/>\n\t<meta name=\"twitter:label2\" content=\"Tiempo de lectura\" \/>\n\t<meta name=\"twitter:data2\" content=\"2 minutos\" \/>\n<script type=\"application\/ld+json\" class=\"yoast-schema-graph\">{\"@context\":\"https:\/\/schema.org\",\"@graph\":[{\"@type\":\"WebPage\",\"@id\":\"https:\/\/www.andalan.es\/?p=14220\",\"url\":\"https:\/\/www.andalan.es\/?p=14220\",\"name\":\"La impar singularidad de Andr\u00e9s Ort\u00edz Os\u00e9s - Andal\u00e1n.es\",\"isPartOf\":{\"@id\":\"https:\/\/www.andalan.es\/#website\"},\"primaryImageOfPage\":{\"@id\":\"https:\/\/www.andalan.es\/?p=14220#primaryimage\"},\"image\":{\"@id\":\"https:\/\/www.andalan.es\/?p=14220#primaryimage\"},\"thumbnailUrl\":\"https:\/\/www.andalan.es\/wp-content\/uploads\/2-Ort\u00edz-Os\u00e9s.jpg\",\"datePublished\":\"2018-02-20T09:20:13+00:00\",\"dateModified\":\"2022-03-02T16:08:44+00:00\",\"author\":{\"@id\":\"https:\/\/www.andalan.es\/#\/schema\/person\/d91b6ba549757f41431f8d99ed604c79\"},\"breadcrumb\":{\"@id\":\"https:\/\/www.andalan.es\/?p=14220#breadcrumb\"},\"inLanguage\":\"es\",\"potentialAction\":[{\"@type\":\"ReadAction\",\"target\":[\"https:\/\/www.andalan.es\/?p=14220\"]}]},{\"@type\":\"ImageObject\",\"inLanguage\":\"es\",\"@id\":\"https:\/\/www.andalan.es\/?p=14220#primaryimage\",\"url\":\"https:\/\/www.andalan.es\/wp-content\/uploads\/2-Ort\u00edz-Os\u00e9s.jpg\",\"contentUrl\":\"https:\/\/www.andalan.es\/wp-content\/uploads\/2-Ort\u00edz-Os\u00e9s.jpg\",\"width\":493,\"height\":700},{\"@type\":\"BreadcrumbList\",\"@id\":\"https:\/\/www.andalan.es\/?p=14220#breadcrumb\",\"itemListElement\":[{\"@type\":\"ListItem\",\"position\":1,\"name\":\"andal\u00e1n.es\",\"item\":\"https:\/\/www.andalan.es\/\"},{\"@type\":\"ListItem\",\"position\":2,\"name\":\"La impar singularidad de Andr\u00e9s Ort\u00edz Os\u00e9s\"}]},{\"@type\":\"WebSite\",\"@id\":\"https:\/\/www.andalan.es\/#website\",\"url\":\"https:\/\/www.andalan.es\/\",\"name\":\"Andal\u00e1n.es\",\"description\":\"Andal\u00e1n.es\",\"potentialAction\":[{\"@type\":\"SearchAction\",\"target\":{\"@type\":\"EntryPoint\",\"urlTemplate\":\"https:\/\/www.andalan.es\/?s={search_term_string}\"},\"query-input\":{\"@type\":\"PropertyValueSpecification\",\"valueRequired\":true,\"valueName\":\"search_term_string\"}}],\"inLanguage\":\"es\"},{\"@type\":\"Person\",\"@id\":\"https:\/\/www.andalan.es\/#\/schema\/person\/d91b6ba549757f41431f8d99ed604c79\",\"name\":\"Andal\u00e1n\",\"url\":\"https:\/\/www.andalan.es\/?author=1\"}]}<\/script>\n<!-- \/ Yoast SEO plugin. -->","yoast_head_json":{"title":"La impar singularidad de Andr\u00e9s Ort\u00edz Os\u00e9s - Andal\u00e1n.es","robots":{"index":"index","follow":"follow","max-snippet":"max-snippet:-1","max-image-preview":"max-image-preview:large","max-video-preview":"max-video-preview:-1"},"canonical":"https:\/\/www.andalan.es\/?p=14220","og_locale":"es_ES","og_type":"article","og_title":"La impar singularidad de Andr\u00e9s Ort\u00edz Os\u00e9s - Andal\u00e1n.es","og_description":"Un viejo amigo, el tardientano Andr\u00e9s Ort\u00edz Os\u00e9s, est\u00e1 cumpliendo la quiz\u00e1 m\u00e1s trascendental, importante, ejemplar, tarea de su vida filos\u00f3fica, hermen\u00e9utica, redactando art\u00edculos que resumen su pensamiento de 75 a\u00f1os, que acaba de cumplir. Muchos son poemas breves, greguer\u00edas muy originales, reflexiones ante su dura enfermedad. Los temas, tan diversos como el amor y la amistad, Arag\u00f3n y los aragoneses, la autobiograf\u00eda y la muerte, lo vasco y lo religioso.","og_url":"https:\/\/www.andalan.es\/?p=14220","og_site_name":"Andal\u00e1n.es","article_published_time":"2018-02-20T09:20:13+00:00","article_modified_time":"2022-03-02T16:08:44+00:00","og_image":[{"width":493,"height":700,"url":"https:\/\/www.andalan.es\/wp-content\/uploads\/2-Ort\u00edz-Os\u00e9s.jpg","type":"image\/jpeg"}],"author":"Andal\u00e1n","twitter_card":"summary_large_image","twitter_misc":{"Escrito por":"Andal\u00e1n","Tiempo de lectura":"2 minutos"},"schema":{"@context":"https:\/\/schema.org","@graph":[{"@type":"WebPage","@id":"https:\/\/www.andalan.es\/?p=14220","url":"https:\/\/www.andalan.es\/?p=14220","name":"La impar singularidad de Andr\u00e9s Ort\u00edz Os\u00e9s - Andal\u00e1n.es","isPartOf":{"@id":"https:\/\/www.andalan.es\/#website"},"primaryImageOfPage":{"@id":"https:\/\/www.andalan.es\/?p=14220#primaryimage"},"image":{"@id":"https:\/\/www.andalan.es\/?p=14220#primaryimage"},"thumbnailUrl":"https:\/\/www.andalan.es\/wp-content\/uploads\/2-Ort\u00edz-Os\u00e9s.jpg","datePublished":"2018-02-20T09:20:13+00:00","dateModified":"2022-03-02T16:08:44+00:00","author":{"@id":"https:\/\/www.andalan.es\/#\/schema\/person\/d91b6ba549757f41431f8d99ed604c79"},"breadcrumb":{"@id":"https:\/\/www.andalan.es\/?p=14220#breadcrumb"},"inLanguage":"es","potentialAction":[{"@type":"ReadAction","target":["https:\/\/www.andalan.es\/?p=14220"]}]},{"@type":"ImageObject","inLanguage":"es","@id":"https:\/\/www.andalan.es\/?p=14220#primaryimage","url":"https:\/\/www.andalan.es\/wp-content\/uploads\/2-Ort\u00edz-Os\u00e9s.jpg","contentUrl":"https:\/\/www.andalan.es\/wp-content\/uploads\/2-Ort\u00edz-Os\u00e9s.jpg","width":493,"height":700},{"@type":"BreadcrumbList","@id":"https:\/\/www.andalan.es\/?p=14220#breadcrumb","itemListElement":[{"@type":"ListItem","position":1,"name":"andal\u00e1n.es","item":"https:\/\/www.andalan.es\/"},{"@type":"ListItem","position":2,"name":"La impar singularidad de Andr\u00e9s Ort\u00edz Os\u00e9s"}]},{"@type":"WebSite","@id":"https:\/\/www.andalan.es\/#website","url":"https:\/\/www.andalan.es\/","name":"Andal\u00e1n.es","description":"Andal\u00e1n.es","potentialAction":[{"@type":"SearchAction","target":{"@type":"EntryPoint","urlTemplate":"https:\/\/www.andalan.es\/?s={search_term_string}"},"query-input":{"@type":"PropertyValueSpecification","valueRequired":true,"valueName":"search_term_string"}}],"inLanguage":"es"},{"@type":"Person","@id":"https:\/\/www.andalan.es\/#\/schema\/person\/d91b6ba549757f41431f8d99ed604c79","name":"Andal\u00e1n","url":"https:\/\/www.andalan.es\/?author=1"}]}},"_links":{"self":[{"href":"https:\/\/www.andalan.es\/index.php?rest_route=\/wp\/v2\/posts\/14220","targetHints":{"allow":["GET"]}}],"collection":[{"href":"https:\/\/www.andalan.es\/index.php?rest_route=\/wp\/v2\/posts"}],"about":[{"href":"https:\/\/www.andalan.es\/index.php?rest_route=\/wp\/v2\/types\/post"}],"author":[{"embeddable":true,"href":"https:\/\/www.andalan.es\/index.php?rest_route=\/wp\/v2\/users\/1"}],"replies":[{"embeddable":true,"href":"https:\/\/www.andalan.es\/index.php?rest_route=%2Fwp%2Fv2%2Fcomments&post=14220"}],"version-history":[{"count":1,"href":"https:\/\/www.andalan.es\/index.php?rest_route=\/wp\/v2\/posts\/14220\/revisions"}],"predecessor-version":[{"id":14222,"href":"https:\/\/www.andalan.es\/index.php?rest_route=\/wp\/v2\/posts\/14220\/revisions\/14222"}],"wp:featuredmedia":[{"embeddable":true,"href":"https:\/\/www.andalan.es\/index.php?rest_route=\/wp\/v2\/media\/14221"}],"wp:attachment":[{"href":"https:\/\/www.andalan.es\/index.php?rest_route=%2Fwp%2Fv2%2Fmedia&parent=14220"}],"wp:term":[{"taxonomy":"category","embeddable":true,"href":"https:\/\/www.andalan.es\/index.php?rest_route=%2Fwp%2Fv2%2Fcategories&post=14220"},{"taxonomy":"post_tag","embeddable":true,"href":"https:\/\/www.andalan.es\/index.php?rest_route=%2Fwp%2Fv2%2Ftags&post=14220"},{"taxonomy":"serie","embeddable":true,"href":"https:\/\/www.andalan.es\/index.php?rest_route=%2Fwp%2Fv2%2Fserie&post=14220"}],"curies":[{"name":"wp","href":"https:\/\/api.w.org\/{rel}","templated":true}]}}