{"id":15075,"date":"2019-04-25T12:02:56","date_gmt":"2019-04-25T11:02:56","guid":{"rendered":"http:\/\/www.andalan.es\/?p=15075"},"modified":"2022-03-02T17:09:08","modified_gmt":"2022-03-02T16:09:08","slug":"nuestras-artes","status":"publish","type":"post","link":"https:\/\/www.andalan.es\/?p=15075","title":{"rendered":"Nuestras artes"},"content":{"rendered":"<p>Una gran exposici\u00f3n dedicada a los <strong>Panteones Reales<\/strong> cubri\u00f3 la temprana primavera zaragozana, impulsada por el Gobierno de Arag\u00f3n, complemento en cierto modo de las luchas por recuperar Sigena y otros bienes aragoneses. Una buena idea, que tuvo en ambos casos el apoyo t\u00e9cnico de una historiadora bien granada en numerosos estudios y defensas de nuestro patrimonio, como es Marisancho Menj\u00f3n. Un precioso cat\u00e1logo que ella como comisaria encabeza y coordina con numerosos especialistas, nos hace recordar una vez m\u00e1s que tantos esfuerzos deber\u00edan llevar a editar este tipo de libros en colecciones, formatos, asequibles, m\u00e1s que en lujosas muestras de boato y propaganda. Ay.<\/p>\n<p><img decoding=\"async\" class=\"aligncenter size-full wp-image-15081\" src=\"http:\/\/www.andalan.es\/wp-content\/uploads\/panteones_reales.jpg\" alt=\"\" width=\"450\" height=\"546\" srcset=\"https:\/\/www.andalan.es\/wp-content\/uploads\/panteones_reales-124x150.jpg 124w, https:\/\/www.andalan.es\/wp-content\/uploads\/panteones_reales-247x300.jpg 247w, https:\/\/www.andalan.es\/wp-content\/uploads\/panteones_reales-400x485.jpg 400w, https:\/\/www.andalan.es\/wp-content\/uploads\/panteones_reales.jpg 450w\" sizes=\"(max-width: 450px) 100vw, 450px\" \/><\/p>\n<p>&nbsp;<\/p>\n<p>Lo dicho podr\u00eda aplicarse, dentro de esta obsesi\u00f3n por la singularidad ef\u00edmera de los cat\u00e1logos, al que acud\u00eda a cubrir la exposici\u00f3n de la aragonesa de nacimiento <strong>Lita Cabellut<\/strong>, artista universal residente en pa\u00edses del Norte, de Londres a La Haya, que cuenta con un excelente estudio de Ant\u00f3n Castro. Y a la vez evocamos el volumen excepcional Goya-Bu\u00f1uel, Los sue\u00f1os de la raz\u00f3n (coordinado por los comisarios de aquella muestra, Jos\u00e9 Ignacio Calvo Ruata y Amparo Mart\u00ednez Herranz, con magn\u00edficas colaboraciones), tambi\u00e9n editado por Ibercaja-Banco, en su din\u00e1mica para potenciar su gran museo que fue donaci\u00f3n de Cam\u00f3n Aznar y acoge hoy una colecci\u00f3n primordial de Goya, a la vez que agrupa y visibiliza a los grandes pintores aragoneses del XIX y XX, otro acierto.<\/p>\n<p><img decoding=\"async\" class=\"aligncenter size-full wp-image-15076\" src=\"http:\/\/www.andalan.es\/wp-content\/uploads\/2-Lita-Cabellut.jpg\" alt=\"\" width=\"500\" height=\"808\" srcset=\"https:\/\/www.andalan.es\/wp-content\/uploads\/2-Lita-Cabellut-93x150.jpg 93w, https:\/\/www.andalan.es\/wp-content\/uploads\/2-Lita-Cabellut-186x300.jpg 186w, https:\/\/www.andalan.es\/wp-content\/uploads\/2-Lita-Cabellut-400x646.jpg 400w, https:\/\/www.andalan.es\/wp-content\/uploads\/2-Lita-Cabellut.jpg 500w\" sizes=\"(max-width: 500px) 100vw, 500px\" \/><\/p>\n<p>&nbsp;<\/p>\n<p>Como lo es, en su magn\u00edfica continuidad, haberse culminado en los tomos VIII (del noventayochismo al desarrollismo) y IX (Trazas y reflejos culturales externos, 1898-1973) la obra <strong>T\u00e9cnica e ingenier\u00eda en Espa\u00f1a<\/strong> que ha dirigido el catedr\u00e1tico de nuestra Universidad Manuel Silva Su\u00e1rez. Esfuerzo editorial a cargo de la Real Academia de Ingenier\u00eda, la Instituci\u00f3n Fernando el Cat\u00f3lico y las Prensas Universitarias de Zaragoza, con muchos especialistas de prestigio, profusamente ilustrada, aborda en el primero la evoluci\u00f3n conceptual y expansi\u00f3n internacional de la ingenier\u00eda como profesi\u00f3n; las patentes y los contratos de transferencia t\u00e9cnica, la formaci\u00f3n y acci\u00f3n de los ingenieros en el \u00e1mbito de la econom\u00eda pol\u00edtica, y los m\u00e1s de 200 ingenieros que sufrieron el exilio exterior, huyendo de las represalias franquistas. El segundo refleja los cambios que la t\u00e9cnica produce en la sociedad, la difusi\u00f3n y cr\u00edtica de novedades cient\u00edficas y t\u00e9cnicas, la lexicograf\u00eda, la literatura, \u00a0la pintura y el cine.<\/p>\n<p><img decoding=\"async\" class=\"aligncenter size-full wp-image-15077\" src=\"http:\/\/www.andalan.es\/wp-content\/uploads\/3-Portada-Vol-IX-VIII.jpg\" alt=\"\" width=\"500\" height=\"344\" srcset=\"https:\/\/www.andalan.es\/wp-content\/uploads\/3-Portada-Vol-IX-VIII-150x103.jpg 150w, https:\/\/www.andalan.es\/wp-content\/uploads\/3-Portada-Vol-IX-VIII-300x206.jpg 300w, https:\/\/www.andalan.es\/wp-content\/uploads\/3-Portada-Vol-IX-VIII-400x275.jpg 400w, https:\/\/www.andalan.es\/wp-content\/uploads\/3-Portada-Vol-IX-VIII.jpg 500w\" sizes=\"(max-width: 500px) 100vw, 500px\" \/><\/p>\n<p>&nbsp;<\/p>\n<p><strong>Gervasio S\u00e1nchez<\/strong>, fotoperiodista eminente de prestigio internacional y persona y obra que estimamos especialmente, organiz\u00f3 en Belchite (ruinas y pueblo nuevo) a fines de marzo una exposici\u00f3n\/presentaci\u00f3n del Proyecto Territorio Goya y el 80 aniversario de la Guerra Civil Espa\u00f1ola, que estar\u00e1 hasta el mes de junio. A la vez, nos ruega difundir un texto suyo aparecido en La Marea junto con un v\u00eddeo, en que protesta en\u00e9rgicamente por sucesos ocurridos hace 15 a\u00f1os y pendientes de aclarar: \u201cEl vergonzoso comportamiento del Centro Nacional de Inteligencia (CNI) y el Ministerio de Defensa, sumado a la pasividad de la Audiencia Nacional, ha permitido que el traductor Flayeh al Mayali, acusado sin pruebas de participar como colaborador necesario en un atentado que cost\u00f3 la vida de siete agentes del CNI en Irak en noviembre de 2003, siga con su honor pisoteado. Un estado se pudre o corrompe con casos sin investigar como \u00e9ste\u201d, comenta, y espera que \u201cal menos se les caiga la cara de verg\u00fcenza a los m\u00faltiples responsables de quince a\u00f1os de silencio\u201d. Mod\u00e9lica denuncia y comportamiento.<\/p>\n<p><img decoding=\"async\" class=\"aligncenter size-large wp-image-15078\" src=\"http:\/\/www.andalan.es\/wp-content\/uploads\/4-Belchite-por-Gervasio-S\u00e1nchez-741x1024.jpg\" alt=\"\" width=\"640\" height=\"884\" srcset=\"https:\/\/www.andalan.es\/wp-content\/uploads\/4-Belchite-por-Gervasio-S\u00e1nchez-109x150.jpg 109w, https:\/\/www.andalan.es\/wp-content\/uploads\/4-Belchite-por-Gervasio-S\u00e1nchez-200x276.jpg 200w, https:\/\/www.andalan.es\/wp-content\/uploads\/4-Belchite-por-Gervasio-S\u00e1nchez-217x300.jpg 217w, https:\/\/www.andalan.es\/wp-content\/uploads\/4-Belchite-por-Gervasio-S\u00e1nchez-400x553.jpg 400w, https:\/\/www.andalan.es\/wp-content\/uploads\/4-Belchite-por-Gervasio-S\u00e1nchez-434x600.jpg 434w, https:\/\/www.andalan.es\/wp-content\/uploads\/4-Belchite-por-Gervasio-S\u00e1nchez-600x829.jpg 600w, https:\/\/www.andalan.es\/wp-content\/uploads\/4-Belchite-por-Gervasio-S\u00e1nchez-741x1024.jpg 741w, https:\/\/www.andalan.es\/wp-content\/uploads\/4-Belchite-por-Gervasio-S\u00e1nchez.jpg 750w\" sizes=\"(max-width: 640px) 100vw, 640px\" \/><\/p>\n<p>&nbsp;<\/p>\n<p>&nbsp;<\/p>\n<p>Otro meritorio fot\u00f3grafo es <strong>Julio S\u00e1nchez Mill\u00e1n<\/strong>, que ofrece en el Centro Joaqu\u00edn Roncal una exposici\u00f3n del 27 de marzo al 27 de abril titulada \u201cAl cambio de la sociedad por la fuerza de las ideas\u201d. La mirada fotogr\u00e1fica de la Transici\u00f3n (1975-1978) contiene fotos realizadas por Julio y su fallecido hermano Alberto. Una mirada interesant\u00edsima, de la que tomamos esta divertida orla con los principales militantes del recordado Partido Socialista de Arag\u00f3n.<\/p>\n<p><img decoding=\"async\" class=\"aligncenter size-full wp-image-15079\" src=\"http:\/\/www.andalan.es\/wp-content\/uploads\/5-Expo-Sz.-Mill\u00e1n_.jpg\" alt=\"\" width=\"1000\" height=\"750\" srcset=\"https:\/\/www.andalan.es\/wp-content\/uploads\/5-Expo-Sz.-Mill\u00e1n_-150x113.jpg 150w, https:\/\/www.andalan.es\/wp-content\/uploads\/5-Expo-Sz.-Mill\u00e1n_-300x225.jpg 300w, https:\/\/www.andalan.es\/wp-content\/uploads\/5-Expo-Sz.-Mill\u00e1n_-400x300.jpg 400w, https:\/\/www.andalan.es\/wp-content\/uploads\/5-Expo-Sz.-Mill\u00e1n_-768x576.jpg 768w, https:\/\/www.andalan.es\/wp-content\/uploads\/5-Expo-Sz.-Mill\u00e1n_.jpg 1000w\" sizes=\"(max-width: 1000px) 100vw, 1000px\" \/><\/p>\n<p>&nbsp;<\/p>\n<p>&nbsp;<\/p>\n<p>Entre las nuevas exposiciones, destacamos la de Paco Sim\u00f3n en el Paraninfo, la de Enrique Larroy en A del Arte, la de Alberto Coraz\u00f3n en Fuendetodos, la de Dis Berlin en el Museo Salvador Victoria de Rubielos de Mora. Todas ellas de estupenda presencia. Y una novedad musical: la recuperaci\u00f3n, hace unos meses de la grabaci\u00f3n original del \u201c<strong>Primer Encuentro de la M\u00fasica Popular en Arag\u00f3n<\/strong>\u201d, celebrado en el teatro Principal de Zaragoza el 13 de noviembre de 1973, conmemorado el a\u00f1o pasado y ahora ofrecida en un libro disco editado por Prames con la ayuda de la DGA, \u201cque recoge el contenido \u00edntegro del recital con material gr\u00e1fico de la \u00e9poca, comentarios sobre la represi\u00f3n pol\u00edtica de aquellos d\u00edas y las reflexiones escritas de los propios protagonistas\u201d. Se ha presentado el 22 de abril en el Pablo Serrano.<\/p>\n<p><img decoding=\"async\" class=\"aligncenter size-full wp-image-15080\" src=\"http:\/\/www.andalan.es\/wp-content\/uploads\/6-M\u00fasica-popular-1.jpg\" alt=\"\" width=\"750\" height=\"714\" srcset=\"https:\/\/www.andalan.es\/wp-content\/uploads\/6-M\u00fasica-popular-1-150x143.jpg 150w, https:\/\/www.andalan.es\/wp-content\/uploads\/6-M\u00fasica-popular-1-300x286.jpg 300w, https:\/\/www.andalan.es\/wp-content\/uploads\/6-M\u00fasica-popular-1-400x381.jpg 400w, https:\/\/www.andalan.es\/wp-content\/uploads\/6-M\u00fasica-popular-1.jpg 750w\" sizes=\"(max-width: 750px) 100vw, 750px\" \/><\/p>\n","protected":false},"excerpt":{"rendered":"<p>La primavera lleg\u00f3 con grandes, hermosas exposiciones, libros, discos, de que damos alguna noticia.<\/p>\n","protected":false},"author":1,"featured_media":15078,"comment_status":"closed","ping_status":"closed","sticky":false,"template":"","format":"standard","meta":{"_acf_changed":false,"footnotes":""},"categories":[1302],"tags":[6040,267,81,6034,6041,1312,4422,6035,6038,5194,6039,5636,6036,1367,6033,298,6037,3137,862,5997,1292],"serie":[7604],"class_list":["post-15075","post","type-post","status-publish","format-standard","has-post-thumbnail","hentry","category-sala-de-arte","tag-alberto-corazon","tag-alberto-sanchez-millan","tag-amparo-martinez-herranz","tag-anton-castr","tag-dis-berlin","tag-enrique-larroy","tag-fernando-el-catolico","tag-fgrancisco-de-goya","tag-flayeh-al-mayali","tag-gervasio-sanchez","tag-joaquin-roncal","tag-jose-camon-aznar","tag-jose-ignacio-calvo-ruata","tag-julio-sanchez-millan","tag-lita-cabellut","tag-luis-bunuel","tag-manuel-silva-suarez","tag-marisancho-menjon","tag-pablo-serrano","tag-paco-simon","tag-salvador-victoria","serie-el-otro-carderera"],"acf":[],"yoast_head":"<!-- This site is optimized with the Yoast SEO plugin v26.1.1 - https:\/\/yoast.com\/wordpress\/plugins\/seo\/ -->\n<title>Nuestras artes - Andal\u00e1n.es<\/title>\n<meta name=\"robots\" content=\"index, follow, max-snippet:-1, max-image-preview:large, max-video-preview:-1\" \/>\n<link rel=\"canonical\" href=\"https:\/\/www.andalan.es\/?p=15075\" \/>\n<meta property=\"og:locale\" content=\"es_ES\" \/>\n<meta property=\"og:type\" content=\"article\" \/>\n<meta property=\"og:title\" content=\"Nuestras artes - Andal\u00e1n.es\" \/>\n<meta property=\"og:description\" content=\"La primavera lleg\u00f3 con grandes, hermosas exposiciones, libros, discos, de que damos alguna noticia.\" \/>\n<meta property=\"og:url\" content=\"https:\/\/www.andalan.es\/?p=15075\" \/>\n<meta property=\"og:site_name\" content=\"Andal\u00e1n.es\" \/>\n<meta property=\"article:published_time\" content=\"2019-04-25T11:02:56+00:00\" \/>\n<meta property=\"article:modified_time\" content=\"2022-03-02T16:09:08+00:00\" \/>\n<meta property=\"og:image\" content=\"https:\/\/www.andalan.es\/wp-content\/uploads\/4-Belchite-por-Gervasio-S\u00e1nchez.jpg\" \/>\n\t<meta property=\"og:image:width\" content=\"750\" \/>\n\t<meta property=\"og:image:height\" content=\"1036\" \/>\n\t<meta property=\"og:image:type\" content=\"image\/jpeg\" \/>\n<meta name=\"author\" content=\"Andal\u00e1n\" \/>\n<meta name=\"twitter:card\" content=\"summary_large_image\" \/>\n<meta name=\"twitter:label1\" content=\"Escrito por\" \/>\n\t<meta name=\"twitter:data1\" content=\"Andal\u00e1n\" \/>\n\t<meta name=\"twitter:label2\" content=\"Tiempo de lectura\" \/>\n\t<meta name=\"twitter:data2\" content=\"4 minutos\" \/>\n<script type=\"application\/ld+json\" class=\"yoast-schema-graph\">{\"@context\":\"https:\/\/schema.org\",\"@graph\":[{\"@type\":\"WebPage\",\"@id\":\"https:\/\/www.andalan.es\/?p=15075\",\"url\":\"https:\/\/www.andalan.es\/?p=15075\",\"name\":\"Nuestras artes - Andal\u00e1n.es\",\"isPartOf\":{\"@id\":\"https:\/\/www.andalan.es\/#website\"},\"primaryImageOfPage\":{\"@id\":\"https:\/\/www.andalan.es\/?p=15075#primaryimage\"},\"image\":{\"@id\":\"https:\/\/www.andalan.es\/?p=15075#primaryimage\"},\"thumbnailUrl\":\"https:\/\/www.andalan.es\/wp-content\/uploads\/4-Belchite-por-Gervasio-S\u00e1nchez.jpg\",\"datePublished\":\"2019-04-25T11:02:56+00:00\",\"dateModified\":\"2022-03-02T16:09:08+00:00\",\"author\":{\"@id\":\"https:\/\/www.andalan.es\/#\/schema\/person\/d91b6ba549757f41431f8d99ed604c79\"},\"breadcrumb\":{\"@id\":\"https:\/\/www.andalan.es\/?p=15075#breadcrumb\"},\"inLanguage\":\"es\",\"potentialAction\":[{\"@type\":\"ReadAction\",\"target\":[\"https:\/\/www.andalan.es\/?p=15075\"]}]},{\"@type\":\"ImageObject\",\"inLanguage\":\"es\",\"@id\":\"https:\/\/www.andalan.es\/?p=15075#primaryimage\",\"url\":\"https:\/\/www.andalan.es\/wp-content\/uploads\/4-Belchite-por-Gervasio-S\u00e1nchez.jpg\",\"contentUrl\":\"https:\/\/www.andalan.es\/wp-content\/uploads\/4-Belchite-por-Gervasio-S\u00e1nchez.jpg\",\"width\":750,\"height\":1036},{\"@type\":\"BreadcrumbList\",\"@id\":\"https:\/\/www.andalan.es\/?p=15075#breadcrumb\",\"itemListElement\":[{\"@type\":\"ListItem\",\"position\":1,\"name\":\"andal\u00e1n.es\",\"item\":\"https:\/\/www.andalan.es\/\"},{\"@type\":\"ListItem\",\"position\":2,\"name\":\"Nuestras artes\"}]},{\"@type\":\"WebSite\",\"@id\":\"https:\/\/www.andalan.es\/#website\",\"url\":\"https:\/\/www.andalan.es\/\",\"name\":\"Andal\u00e1n.es\",\"description\":\"Andal\u00e1n.es\",\"potentialAction\":[{\"@type\":\"SearchAction\",\"target\":{\"@type\":\"EntryPoint\",\"urlTemplate\":\"https:\/\/www.andalan.es\/?s={search_term_string}\"},\"query-input\":{\"@type\":\"PropertyValueSpecification\",\"valueRequired\":true,\"valueName\":\"search_term_string\"}}],\"inLanguage\":\"es\"},{\"@type\":\"Person\",\"@id\":\"https:\/\/www.andalan.es\/#\/schema\/person\/d91b6ba549757f41431f8d99ed604c79\",\"name\":\"Andal\u00e1n\",\"url\":\"https:\/\/www.andalan.es\/?author=1\"}]}<\/script>\n<!-- \/ Yoast SEO plugin. -->","yoast_head_json":{"title":"Nuestras artes - Andal\u00e1n.es","robots":{"index":"index","follow":"follow","max-snippet":"max-snippet:-1","max-image-preview":"max-image-preview:large","max-video-preview":"max-video-preview:-1"},"canonical":"https:\/\/www.andalan.es\/?p=15075","og_locale":"es_ES","og_type":"article","og_title":"Nuestras artes - Andal\u00e1n.es","og_description":"La primavera lleg\u00f3 con grandes, hermosas exposiciones, libros, discos, de que damos alguna noticia.","og_url":"https:\/\/www.andalan.es\/?p=15075","og_site_name":"Andal\u00e1n.es","article_published_time":"2019-04-25T11:02:56+00:00","article_modified_time":"2022-03-02T16:09:08+00:00","og_image":[{"width":750,"height":1036,"url":"https:\/\/www.andalan.es\/wp-content\/uploads\/4-Belchite-por-Gervasio-S\u00e1nchez.jpg","type":"image\/jpeg"}],"author":"Andal\u00e1n","twitter_card":"summary_large_image","twitter_misc":{"Escrito por":"Andal\u00e1n","Tiempo de lectura":"4 minutos"},"schema":{"@context":"https:\/\/schema.org","@graph":[{"@type":"WebPage","@id":"https:\/\/www.andalan.es\/?p=15075","url":"https:\/\/www.andalan.es\/?p=15075","name":"Nuestras artes - Andal\u00e1n.es","isPartOf":{"@id":"https:\/\/www.andalan.es\/#website"},"primaryImageOfPage":{"@id":"https:\/\/www.andalan.es\/?p=15075#primaryimage"},"image":{"@id":"https:\/\/www.andalan.es\/?p=15075#primaryimage"},"thumbnailUrl":"https:\/\/www.andalan.es\/wp-content\/uploads\/4-Belchite-por-Gervasio-S\u00e1nchez.jpg","datePublished":"2019-04-25T11:02:56+00:00","dateModified":"2022-03-02T16:09:08+00:00","author":{"@id":"https:\/\/www.andalan.es\/#\/schema\/person\/d91b6ba549757f41431f8d99ed604c79"},"breadcrumb":{"@id":"https:\/\/www.andalan.es\/?p=15075#breadcrumb"},"inLanguage":"es","potentialAction":[{"@type":"ReadAction","target":["https:\/\/www.andalan.es\/?p=15075"]}]},{"@type":"ImageObject","inLanguage":"es","@id":"https:\/\/www.andalan.es\/?p=15075#primaryimage","url":"https:\/\/www.andalan.es\/wp-content\/uploads\/4-Belchite-por-Gervasio-S\u00e1nchez.jpg","contentUrl":"https:\/\/www.andalan.es\/wp-content\/uploads\/4-Belchite-por-Gervasio-S\u00e1nchez.jpg","width":750,"height":1036},{"@type":"BreadcrumbList","@id":"https:\/\/www.andalan.es\/?p=15075#breadcrumb","itemListElement":[{"@type":"ListItem","position":1,"name":"andal\u00e1n.es","item":"https:\/\/www.andalan.es\/"},{"@type":"ListItem","position":2,"name":"Nuestras artes"}]},{"@type":"WebSite","@id":"https:\/\/www.andalan.es\/#website","url":"https:\/\/www.andalan.es\/","name":"Andal\u00e1n.es","description":"Andal\u00e1n.es","potentialAction":[{"@type":"SearchAction","target":{"@type":"EntryPoint","urlTemplate":"https:\/\/www.andalan.es\/?s={search_term_string}"},"query-input":{"@type":"PropertyValueSpecification","valueRequired":true,"valueName":"search_term_string"}}],"inLanguage":"es"},{"@type":"Person","@id":"https:\/\/www.andalan.es\/#\/schema\/person\/d91b6ba549757f41431f8d99ed604c79","name":"Andal\u00e1n","url":"https:\/\/www.andalan.es\/?author=1"}]}},"_links":{"self":[{"href":"https:\/\/www.andalan.es\/index.php?rest_route=\/wp\/v2\/posts\/15075","targetHints":{"allow":["GET"]}}],"collection":[{"href":"https:\/\/www.andalan.es\/index.php?rest_route=\/wp\/v2\/posts"}],"about":[{"href":"https:\/\/www.andalan.es\/index.php?rest_route=\/wp\/v2\/types\/post"}],"author":[{"embeddable":true,"href":"https:\/\/www.andalan.es\/index.php?rest_route=\/wp\/v2\/users\/1"}],"replies":[{"embeddable":true,"href":"https:\/\/www.andalan.es\/index.php?rest_route=%2Fwp%2Fv2%2Fcomments&post=15075"}],"version-history":[{"count":1,"href":"https:\/\/www.andalan.es\/index.php?rest_route=\/wp\/v2\/posts\/15075\/revisions"}],"predecessor-version":[{"id":15082,"href":"https:\/\/www.andalan.es\/index.php?rest_route=\/wp\/v2\/posts\/15075\/revisions\/15082"}],"wp:featuredmedia":[{"embeddable":true,"href":"https:\/\/www.andalan.es\/index.php?rest_route=\/wp\/v2\/media\/15078"}],"wp:attachment":[{"href":"https:\/\/www.andalan.es\/index.php?rest_route=%2Fwp%2Fv2%2Fmedia&parent=15075"}],"wp:term":[{"taxonomy":"category","embeddable":true,"href":"https:\/\/www.andalan.es\/index.php?rest_route=%2Fwp%2Fv2%2Fcategories&post=15075"},{"taxonomy":"post_tag","embeddable":true,"href":"https:\/\/www.andalan.es\/index.php?rest_route=%2Fwp%2Fv2%2Ftags&post=15075"},{"taxonomy":"serie","embeddable":true,"href":"https:\/\/www.andalan.es\/index.php?rest_route=%2Fwp%2Fv2%2Fserie&post=15075"}],"curies":[{"name":"wp","href":"https:\/\/api.w.org\/{rel}","templated":true}]}}