{"id":15712,"date":"2020-05-03T09:56:02","date_gmt":"2020-05-03T08:56:02","guid":{"rendered":"http:\/\/www.andalan.es\/?p=15712"},"modified":"2022-03-02T17:09:24","modified_gmt":"2022-03-02T16:09:24","slug":"por-que-somos-tantos-y-tan-monarquicos-los-espanoles","status":"publish","type":"post","link":"https:\/\/www.andalan.es\/?p=15712","title":{"rendered":"\u00bfPor qu\u00e9 somos tantos y tan mon\u00e1rquicos los espa\u00f1oles?"},"content":{"rendered":"<p><img decoding=\"async\" class=\"n3VNCb\" src=\"https:\/\/historiacuartoeso.files.wordpress.com\/2010\/02\/familia-de-carlos-iv1.jpg\" alt=\"Personajes de \u201cLa familia de Carlos IV\u201d. Francisco de Goya ...\" \/><\/p>\n<p>Retrato de la Familia de Carlos IV. Francisco de Goya<\/p>\n<p>&nbsp;<\/p>\n<p>Resulta sorprendente que todav\u00eda haya tantos y tan mon\u00e1rquicos en Espa\u00f1a. Si fu\u00e9ramos medianamente conocedores de las actuaciones de los reyes en nuestra historia, es probable, mejor, es seguro que este sentimiento se reducir\u00eda a la m\u00ednima expresi\u00f3n. Por ello, voy a referirme a continuaci\u00f3n a algunos comportamientos de nuestros personajes regios: a los de nuestra historia contempor\u00e1nea. Podr\u00edamos iniciar esta historia de los Borbones, con Felipe V, Luis I, Carlos III y Carlos IV, este \u00faltimo representado con un gran parecido f\u00edsico con nuestro Rey em\u00e9rito, en el extraordinario cuadro <em>La Familia de Carlos IV<\/em>, realizado por Francisco de Goya. Mas la extensi\u00f3n de este art\u00edculo, me imposibilita hablar de ellos, aunque de Carlos IV, no puedo resistirme a citar la vergonzosa actuaci\u00f3n de su esposa Mar\u00eda Luisa, amante de Godoy con la aquiescencia y benepl\u00e1cito del Rey, al que de simple Guardia de Corps la Reina lo convirti\u00f3 con todo tipo de prebendas en el aut\u00e9ntico due\u00f1o de Espa\u00f1a.<\/p>\n<p><strong>Fernando VII<\/strong> fue sin ning\u00fan tipo de dudas el m\u00e1s taimado, el m\u00e1s cruel y el m\u00e1s da\u00f1ino. En tiempos de la Guerra de la Independencia, mientras los espa\u00f1oles estaban luchando a muerte con el ej\u00e9rcito franc\u00e9s invasor, su actuaci\u00f3n fue vergonzosa. El 2 de abril de 1808 Fernando public\u00f3 un decreto condenando la malignidad de quienes pretend\u00edan crear malestar a los franceses. Tras la marcha de toda la familia real a Francia siguiendo los designios de Napole\u00f3n, las escenas que tuvieron lugar en Bayona fueron de una abyecta bajeza, cediendo tanto Carlos IV y Fernando VII todos sus derechos el emperador franc\u00e9s. Luego Fernando, su hermano Carlos y su t\u00edo Antonio marcharon a su cautiverio de Valen\u00e7ay, donde mostraron las m\u00e1s repulsivas pruebas de su vileza moral. Fernando felicitar\u00eda a Napole\u00f3n por sus victorias militares sobre los espa\u00f1oles. M\u00e1s tarde le escribir\u00eda: \u201cMi gran deseo es ser hijo adoptivo de S.M. el emperador, nuestro augusto soberano. Yo me creo digno de esta adopci\u00f3n, que ser\u00eda, verdaderamente la felicidad de mi vida, dado mi amor a la sagrada persona de S.M.I. y R\u201d. El mismo Napole\u00f3n se sorprendi\u00f3 de tal servilismo. Como dice<strong> Josep Fontana<\/strong>, \u201cNo merece la pena dedicar m\u00e1s tiempo a estos personajillos y a sus miserias, la historia de Espa\u00f1a discurr\u00eda en estos momentos muy lejos de los salones de Valen\u00e7ay, donde Fernando y su t\u00edo Antonio entreten\u00edan sus ocios en labores de aguja y bordado\u201d. \u00a0Una vez lleg\u00f3 a Espa\u00f1a Fernando, por el que hab\u00edan luchado y muerto los espa\u00f1oles, muchos zaragozanos, no en vano fue llamado \u201cEl Deseado\u201d, el 4 de marzo de 1814 impuso el famoso decreto, por el cual \u201cdeclaraba la Constituci\u00f3n de 1812 y los decretos de las Cortes de C\u00e1diz nulos y de ning\u00fan valor y efecto, ahora ni en tiempo alguno, como si no hubieran pasado jam\u00e1s tales actos y se quitasen de en medio de los tiempos, y sin obligaci\u00f3n en mis pueblos y mis s\u00fabditos a cumplirlos ni guardarlos\u201d. Como se\u00f1ala el catedr\u00e1tico de la Universidad de Zaragoza <strong>Manuel Ram\u00edrez <\/strong>en su libro <em>Espa\u00f1a en sus ocasiones perdidas y la Democracia mejorable<\/em> \u00a0\u201cEs dif\u00edcil encontrar en nuestra historia una expresi\u00f3n tan rotunda de negar el pasado: Como si no hubiesen pasado jam\u00e1s tales actos\u2026 Es borrar la historia\u201d. En los actos conmemorativos del bicentenario de la Constituci\u00f3n de C\u00e1diz, Juan Carlos I tuvo una buena ocasi\u00f3n de disculparse por la actuaci\u00f3n de uno de sus antecesores. A continuaci\u00f3n lleg\u00f3 la represi\u00f3n y el exilio para los espa\u00f1oles. Con el levantamiento de Riego en 1820, reimplantada la Constituci\u00f3n de C\u00e1diz, obligado por las circunstancias el bellaco Fernando dijo \u201cmarchemos todos y yo el primero por la senda constitucional\u201d, cuando a la vez estaba instando a los monarcas europeos a que le restablecieran como monarca absoluto, objetivo que alcanz\u00f3 con la llegada de los Cien Mil Hijos de San Luis. Nueva represi\u00f3n y exilio. Triste, lamentable y cruel fue todo el reinado de Fernando, mas como si no se sintiera satisfecho por tanto da\u00f1o hecho en vida a tantos espa\u00f1oles, por su ineptitud nos dej\u00f3 a su muerte planteada una guerra fratricida.<\/p>\n<p>Ahora nos referiremos a su hija, <strong>Isabel II<\/strong>. De verdad, no s\u00e9 por d\u00f3nde iniciar. Que esta \u201cse\u00f1ora\u201d tuviera el poder de Espa\u00f1a durante 25 a\u00f1os, lo padecieron en sus propias carnes los espa\u00f1oles. Su actuaci\u00f3n pol\u00edtica fue lamentable. Llegaban a la jefatura del gobierno, no aquellos dotados de cualidades pol\u00edticas, sino aquellos m\u00e1s dotados para satisfacer las inagotables apetencias sexuales de la reina. La sucesi\u00f3n de sus amantes es interminable. Si alguien quiere regodearse con la larga lista de ellos, adem\u00e1s de conocer de una manera espl\u00e9ndida las vicisitudes de este reinado, puede leer el extraordinario libro<em> Isabel II Una Biograf\u00eda (1830-1904)<\/em> de la catedr\u00e1tica de la Universidad de Valencia<strong> Isabel Burdiel<\/strong>. Sus juergas nocturnas en el restaurante\u00a0Lhardy, de la carrera de San Jer\u00f3nimo, ha permitido que los actuales propietarios del establecimiento sigan conservando un cors\u00e9 que la Reina para aliviarse se dej\u00f3 olvidado en un div\u00e1n. \u00a0Tras la Revoluci\u00f3n de septiembre de 1868 tuvo que exiliarse, Muri\u00f3 en Par\u00eds en 1904, al recibir la noticia su nieto Alfonso XIII, Maura le aconsej\u00f3 que no se mezclase con aquella muerte. Por ello, no fue a Par\u00eds a recoger el cad\u00e1ver y este fue enviado directamente a El Escorial.<\/p>\n<p>El 14 de enero de 1875 entraba triunfalmente en Madrid como Rey, <strong>Alfonso XII<\/strong>, hijo de Isabel II, el padre \u00a0parece que fue un capit\u00e1n de ingenieros llamado Enrique Puigmolt\u00f3, aunque el oficial fue el desdichado Francisco de As\u00eds. \u00a0Una an\u00e9cdota muy expresiva del sentir cambiante de los espa\u00f1oles, cuando descend\u00eda en un brioso corcel blanco por las calles de Madrid, ante los estridentes v\u00edtores que no dejaba de lanzarle un paisano que corr\u00eda a su lado, le hicieron inclinarse a Alfonso XII para decirle: \u201cPero, hombre, \u00a1que se va a quedar usted ronco!\u201d, a lo que el entusiasta replic\u00f3. \u201c\u00a1Que va! \u00a1Si me hubiera o\u00eddo cuando echamos a su madre\u2026!\u201d. Fue mujeriego empedernido, algo muy com\u00fan en su familia, circunstancia que en ning\u00fan momento denunci\u00f3 la jerarqu\u00eda cat\u00f3lica, tan inflexible con la conducta sexual del resto de los espa\u00f1oles. Los amor\u00edos de los reyes en Espa\u00f1a eran y son vistos con indulgencia; a veces, con casi un m\u00e9rito. Sin embargo, el m\u00e1s leve desliz de una reina no se perdona.<\/p>\n<p>Si nos fijamos en <strong>Alfonso XIII<\/strong>, tambi\u00e9n con una vida licenciosa, propici\u00f3 y legitim\u00f3 el golpe de Estado de Miguel Primo de Rivera en septiembre de 1923. Seg\u00fan todos los indicios para paralizar el Expediente Picasso, relacionado con el Desastre de Annual, que pod\u00eda salpicarle. Una vez instaurada la Dictadura, en un viaje que realiz\u00f3 Alfonso XIII a la Italia de Mussolini present\u00f3 a Miguel Primo de Rivera, como su Mussolini particular. Su figura ha sido discutida por los historiadores, mas lo que parece evidente que su ideolog\u00eda pol\u00edtica fue siempre autoritaria y antidemocr\u00e1tica, por lo que no tuvo inconveniente en recurrir al ej\u00e9rcito para salvaguardar su Corona, sin llegar a entender que la dictadura que apoy\u00f3 no iba a ser un mero par\u00e9ntesis, sino el principio del fin de la Monarqu\u00eda.<\/p>\n<p>En cuanto a nuestro Rey em\u00e9rito,\u00a0 no debemos olvidar su designaci\u00f3n por el Dictador, al que por cierto en su primer discurso oficial como Rey dedic\u00f3 las siguientes palabras, de las que todav\u00eda &#8211;que yo sepa&#8211; no se ha arrepentido: \u201cUna figura excepcional entra en la Historia, con respeto y gratitud quiero recordar su figura. Es de pueblos grandes y nobles saber recordar a quienes dedicaron su vida al servicio de un ideal. Espa\u00f1a nunca podr\u00e1 olvidar a quien como soldado y estadista ha consagrado toda su vida a su servicio\u201d. Mas las alabanzas continuaron incluso en tiempo de democracia, tal como se\u00f1ala<strong> Vicen\u00e7 Navarro<\/strong>. As\u00ed, el 18 de Julio de 1978, la Casa del Rey public\u00f3 el siguiente texto: \u201cHoy se conmemora el aniversario del Alzamiento Nacional que dio a Espa\u00f1a la victoria contra el odio y la miseria, la victoria contra la anarqu\u00eda, la victoria para llevar la paz y el bienestar a todos los espa\u00f1oles. Surgi\u00f3 el Ej\u00e9rcito, escuela de virtudes nacionales, y a su cabeza el General\u00edsimo Franco, forjador de la gran obra de regeneraci\u00f3n\u201d. Pues muy bien. Y luego dicen conspicuos historiadores que nuestra Transici\u00f3n fue mod\u00e9lica.<\/p>\n<p>A pesar del extraordinario blindaje medi\u00e1tico y constitucional, recientes comportamientos nada ejemplares de algunos de sus propios miembros, como la cacer\u00eda del Rey em\u00e9rito de Boswana, sus l\u00edos de faldas, la cabra siempre tira al monte; los regalos desinteresados recibidos de empresarios \u00a0espa\u00f1oles y de los jeques del petr\u00f3leo,\u00a0 el caso de Urdangarin, la desinculpaci\u00f3n de la infanta Cristina, condujeron inexorablemente a un desprestigio galopante e irreversible de la monarqu\u00eda, tal como manifestaron los sondeos del CIS.<\/p>\n<p><strong>En cuanto al actual Felipe VI, solo quiero referirme a un detalle suficientemente significativo. Fue proclamado Rey el 19 de junio de 2014. Y cuatro a\u00f1os despu\u00e9s el<\/strong><strong> BOE de 4 de julio de 2018 public\u00f3 la concesi\u00f3n del t\u00edtulo de duquesa de Franco, con Grandeza de Espa\u00f1a, a Carmen Mart\u00ednez-Bordi\u00fa Franco<\/strong>, tras el fallecimiento de su madre, Carmen Polo, a quien Juan Carlos I otorg\u00f3, en noviembre de 1975, tal t\u00edtulo. \u00bfTal concesi\u00f3n est\u00e1 relacionada con su discurso anteriormente mencionado de proclamaci\u00f3n como Rey de 22 de noviembre de 1975? Y el 4 de julio de 2018 era Rey Felipe VI. Lo recuerdo, por si a alguno le hab\u00eda pasado desapercibido que el 4 de julio de 2018 el Rey era ya Felipe VI.<\/p>\n<p><strong>\u00a0Reproduzco la Disposici\u00f3n del BOE 4 de julio-2018<\/strong><\/p>\n<p><em>III. OTRAS DISPOSICIONES MINISTERIO DE JUSTICIA 9313 Orden JUS\/708\/2018, de 31 de mayo, por la que se manda expedir, sin perjuicio de tercero de mejor derecho, Real Carta de Sucesi\u00f3n en el t\u00edtulo de Duque de Franco, con Grandeza de Espa\u00f1a, a favor de do\u00f1a Mar\u00eda del Carmen Mart\u00ednez-Bordi\u00fa Franco. De conformidad con lo previsto en el Real Decreto de 27 de mayo de 1912, este Ministerio, <strong>en nombre de S.M. el Rey<\/strong>, ha tenido a bien disponer que, previo pago del impuesto correspondiente, se expida, sin perjuicio de tercero de mejor derecho, Real Carta de Sucesi\u00f3n en el t\u00edtulo de Duque de Franco, con Grandeza de Espa\u00f1a, a favor de do\u00f1a Mar\u00eda del Carmen Mart\u00ednez-Bordi\u00fa Franco, por fallecimiento de su madre, do\u00f1a Carmen Franco Polo. Madrid, 31 de mayo de 2018.\u2013El Ministro de Justicia, Rafael Catal\u00e1 Polo<\/em><\/p>\n<p>En cuanto a estos t\u00edtulos nobiliarios vinculados con la dictadura franquista, ya en 2009, <strong>\u00d3scar L\u00f3pez Fonseca<\/strong> en su art\u00edculo <em>Los 39 nobles de Franco a\u00fan conservan sus t\u00edtulos<\/em>, se\u00f1ala c\u00f3mo el dictador recompens\u00f3 a los militares que le ayudaron a ganar la Guerra, a destacados falangistas y a empresarios adictos al r\u00e9gimen, adem\u00e1s de cient\u00edficos y a un cardenal italiano. T\u00edtulos que a\u00fan hoy est\u00e1n en el listado de \u00abgrandezas y t\u00edtulos del reino\u00bb en el registro del Ministerio de Justicia. Ah\u00ed van: Mola, Yag\u00fce, Queipo de Llano, Moscard\u00f3, Saliquet, Varela, D\u00e1vila y Kindel\u00e1n, Carrero Blanco, conde de Alc\u00e1zar\u2026 La vigencia de estos t\u00edtulos la denunci\u00f3 en 2009 la Asociaci\u00f3n para la Recuperaci\u00f3n de la Memoria Hist\u00f3rica (ARMH). Su presidente, Emilio Silva, critic\u00f3: \u00abEs incomprensible que tras 30 a\u00f1os de democracia todav\u00eda tengan honores los que se levantaron contra un Gobierno leg\u00edtimo. Es como si a Tejero le nombraran conde del 23-F\u00bb.<\/p>\n<p>Por todo lo expuesto, me resulta muy complicado de entender que todav\u00eda persista tanto sentimiento mon\u00e1rquico en amplios sectores de la sociedad espa\u00f1ola. De verdad, no lo entiendo. Pero, a pesar de todo seguimos tantos y tan \u00a0mon\u00e1rquicos. \u00bfSomos masoquistas?<\/p>\n","protected":false},"excerpt":{"rendered":"<p>Retrato de la Familia de Carlos IV. Francisco de Goya [&#8230;]<\/p>\n","protected":false},"author":876,"featured_media":17679,"comment_status":"closed","ping_status":"closed","sticky":false,"template":"","format":"standard","meta":{"_acf_changed":false,"footnotes":""},"categories":[3963],"tags":[4509,2779,4177,2489,3092,2960,1234],"serie":[7630],"class_list":["post-15712","post","type-post","status-publish","format-standard","has-post-thumbnail","hentry","category-historia-y-politica","tag-alfonso-xii","tag-alfonso-xiii","tag-carlos-iv","tag-felipe-vi","tag-fernando-vii","tag-isabel-ii","tag-juan-carlos-i","serie-candido-marquesan-millan"],"acf":[],"yoast_head":"<!-- This site is optimized with the Yoast SEO plugin v26.1.1 - https:\/\/yoast.com\/wordpress\/plugins\/seo\/ -->\n<title>\u00bfPor qu\u00e9 somos tantos y tan mon\u00e1rquicos los espa\u00f1oles? - Andal\u00e1n.es<\/title>\n<meta name=\"robots\" content=\"index, follow, max-snippet:-1, max-image-preview:large, max-video-preview:-1\" \/>\n<link rel=\"canonical\" href=\"https:\/\/www.andalan.es\/?p=15712\" \/>\n<meta property=\"og:locale\" content=\"es_ES\" \/>\n<meta property=\"og:type\" content=\"article\" \/>\n<meta property=\"og:title\" content=\"\u00bfPor qu\u00e9 somos tantos y tan mon\u00e1rquicos los espa\u00f1oles? - Andal\u00e1n.es\" \/>\n<meta property=\"og:description\" content=\"Retrato de la Familia de Carlos IV. Francisco de Goya [...]\" \/>\n<meta property=\"og:url\" content=\"https:\/\/www.andalan.es\/?p=15712\" \/>\n<meta property=\"og:site_name\" content=\"Andal\u00e1n.es\" \/>\n<meta property=\"article:published_time\" content=\"2020-05-03T08:56:02+00:00\" \/>\n<meta property=\"article:modified_time\" content=\"2022-03-02T16:09:24+00:00\" \/>\n<meta property=\"og:image\" content=\"https:\/\/www.andalan.es\/wp-content\/uploads\/ico_documentos2.jpg\" \/>\n\t<meta property=\"og:image:width\" content=\"150\" \/>\n\t<meta property=\"og:image:height\" content=\"150\" \/>\n\t<meta property=\"og:image:type\" content=\"image\/jpeg\" \/>\n<meta name=\"author\" content=\"C\u00e1ndido Marques\u00e1n Mill\u00e1n\" \/>\n<meta name=\"twitter:card\" content=\"summary_large_image\" \/>\n<meta name=\"twitter:label1\" content=\"Escrito por\" \/>\n\t<meta name=\"twitter:data1\" content=\"C\u00e1ndido Marques\u00e1n Mill\u00e1n\" \/>\n\t<meta name=\"twitter:label2\" content=\"Tiempo de lectura\" \/>\n\t<meta name=\"twitter:data2\" content=\"10 minutos\" \/>\n<script type=\"application\/ld+json\" class=\"yoast-schema-graph\">{\"@context\":\"https:\/\/schema.org\",\"@graph\":[{\"@type\":\"WebPage\",\"@id\":\"https:\/\/www.andalan.es\/?p=15712\",\"url\":\"https:\/\/www.andalan.es\/?p=15712\",\"name\":\"\u00bfPor qu\u00e9 somos tantos y tan mon\u00e1rquicos los espa\u00f1oles? - Andal\u00e1n.es\",\"isPartOf\":{\"@id\":\"https:\/\/www.andalan.es\/#website\"},\"primaryImageOfPage\":{\"@id\":\"https:\/\/www.andalan.es\/?p=15712#primaryimage\"},\"image\":{\"@id\":\"https:\/\/www.andalan.es\/?p=15712#primaryimage\"},\"thumbnailUrl\":\"https:\/\/www.andalan.es\/wp-content\/uploads\/ico_documentos2.jpg\",\"datePublished\":\"2020-05-03T08:56:02+00:00\",\"dateModified\":\"2022-03-02T16:09:24+00:00\",\"author\":{\"@id\":\"https:\/\/www.andalan.es\/#\/schema\/person\/ed0ee1026d7888329b1dddbc2a407b8f\"},\"breadcrumb\":{\"@id\":\"https:\/\/www.andalan.es\/?p=15712#breadcrumb\"},\"inLanguage\":\"es\",\"potentialAction\":[{\"@type\":\"ReadAction\",\"target\":[\"https:\/\/www.andalan.es\/?p=15712\"]}]},{\"@type\":\"ImageObject\",\"inLanguage\":\"es\",\"@id\":\"https:\/\/www.andalan.es\/?p=15712#primaryimage\",\"url\":\"https:\/\/www.andalan.es\/wp-content\/uploads\/ico_documentos2.jpg\",\"contentUrl\":\"https:\/\/www.andalan.es\/wp-content\/uploads\/ico_documentos2.jpg\",\"width\":150,\"height\":150},{\"@type\":\"BreadcrumbList\",\"@id\":\"https:\/\/www.andalan.es\/?p=15712#breadcrumb\",\"itemListElement\":[{\"@type\":\"ListItem\",\"position\":1,\"name\":\"andal\u00e1n.es\",\"item\":\"https:\/\/www.andalan.es\/\"},{\"@type\":\"ListItem\",\"position\":2,\"name\":\"\u00bfPor qu\u00e9 somos tantos y tan mon\u00e1rquicos los espa\u00f1oles?\"}]},{\"@type\":\"WebSite\",\"@id\":\"https:\/\/www.andalan.es\/#website\",\"url\":\"https:\/\/www.andalan.es\/\",\"name\":\"Andal\u00e1n.es\",\"description\":\"Andal\u00e1n.es\",\"potentialAction\":[{\"@type\":\"SearchAction\",\"target\":{\"@type\":\"EntryPoint\",\"urlTemplate\":\"https:\/\/www.andalan.es\/?s={search_term_string}\"},\"query-input\":{\"@type\":\"PropertyValueSpecification\",\"valueRequired\":true,\"valueName\":\"search_term_string\"}}],\"inLanguage\":\"es\"},{\"@type\":\"Person\",\"@id\":\"https:\/\/www.andalan.es\/#\/schema\/person\/ed0ee1026d7888329b1dddbc2a407b8f\",\"name\":\"C\u00e1ndido Marques\u00e1n Mill\u00e1n\",\"url\":\"https:\/\/www.andalan.es\/?author=876\"}]}<\/script>\n<!-- \/ Yoast SEO plugin. -->","yoast_head_json":{"title":"\u00bfPor qu\u00e9 somos tantos y tan mon\u00e1rquicos los espa\u00f1oles? - Andal\u00e1n.es","robots":{"index":"index","follow":"follow","max-snippet":"max-snippet:-1","max-image-preview":"max-image-preview:large","max-video-preview":"max-video-preview:-1"},"canonical":"https:\/\/www.andalan.es\/?p=15712","og_locale":"es_ES","og_type":"article","og_title":"\u00bfPor qu\u00e9 somos tantos y tan mon\u00e1rquicos los espa\u00f1oles? - Andal\u00e1n.es","og_description":"Retrato de la Familia de Carlos IV. Francisco de Goya [...]","og_url":"https:\/\/www.andalan.es\/?p=15712","og_site_name":"Andal\u00e1n.es","article_published_time":"2020-05-03T08:56:02+00:00","article_modified_time":"2022-03-02T16:09:24+00:00","og_image":[{"width":150,"height":150,"url":"https:\/\/www.andalan.es\/wp-content\/uploads\/ico_documentos2.jpg","type":"image\/jpeg"}],"author":"C\u00e1ndido Marques\u00e1n Mill\u00e1n","twitter_card":"summary_large_image","twitter_misc":{"Escrito por":"C\u00e1ndido Marques\u00e1n Mill\u00e1n","Tiempo de lectura":"10 minutos"},"schema":{"@context":"https:\/\/schema.org","@graph":[{"@type":"WebPage","@id":"https:\/\/www.andalan.es\/?p=15712","url":"https:\/\/www.andalan.es\/?p=15712","name":"\u00bfPor qu\u00e9 somos tantos y tan mon\u00e1rquicos los espa\u00f1oles? - Andal\u00e1n.es","isPartOf":{"@id":"https:\/\/www.andalan.es\/#website"},"primaryImageOfPage":{"@id":"https:\/\/www.andalan.es\/?p=15712#primaryimage"},"image":{"@id":"https:\/\/www.andalan.es\/?p=15712#primaryimage"},"thumbnailUrl":"https:\/\/www.andalan.es\/wp-content\/uploads\/ico_documentos2.jpg","datePublished":"2020-05-03T08:56:02+00:00","dateModified":"2022-03-02T16:09:24+00:00","author":{"@id":"https:\/\/www.andalan.es\/#\/schema\/person\/ed0ee1026d7888329b1dddbc2a407b8f"},"breadcrumb":{"@id":"https:\/\/www.andalan.es\/?p=15712#breadcrumb"},"inLanguage":"es","potentialAction":[{"@type":"ReadAction","target":["https:\/\/www.andalan.es\/?p=15712"]}]},{"@type":"ImageObject","inLanguage":"es","@id":"https:\/\/www.andalan.es\/?p=15712#primaryimage","url":"https:\/\/www.andalan.es\/wp-content\/uploads\/ico_documentos2.jpg","contentUrl":"https:\/\/www.andalan.es\/wp-content\/uploads\/ico_documentos2.jpg","width":150,"height":150},{"@type":"BreadcrumbList","@id":"https:\/\/www.andalan.es\/?p=15712#breadcrumb","itemListElement":[{"@type":"ListItem","position":1,"name":"andal\u00e1n.es","item":"https:\/\/www.andalan.es\/"},{"@type":"ListItem","position":2,"name":"\u00bfPor qu\u00e9 somos tantos y tan mon\u00e1rquicos los espa\u00f1oles?"}]},{"@type":"WebSite","@id":"https:\/\/www.andalan.es\/#website","url":"https:\/\/www.andalan.es\/","name":"Andal\u00e1n.es","description":"Andal\u00e1n.es","potentialAction":[{"@type":"SearchAction","target":{"@type":"EntryPoint","urlTemplate":"https:\/\/www.andalan.es\/?s={search_term_string}"},"query-input":{"@type":"PropertyValueSpecification","valueRequired":true,"valueName":"search_term_string"}}],"inLanguage":"es"},{"@type":"Person","@id":"https:\/\/www.andalan.es\/#\/schema\/person\/ed0ee1026d7888329b1dddbc2a407b8f","name":"C\u00e1ndido Marques\u00e1n Mill\u00e1n","url":"https:\/\/www.andalan.es\/?author=876"}]}},"_links":{"self":[{"href":"https:\/\/www.andalan.es\/index.php?rest_route=\/wp\/v2\/posts\/15712","targetHints":{"allow":["GET"]}}],"collection":[{"href":"https:\/\/www.andalan.es\/index.php?rest_route=\/wp\/v2\/posts"}],"about":[{"href":"https:\/\/www.andalan.es\/index.php?rest_route=\/wp\/v2\/types\/post"}],"author":[{"embeddable":true,"href":"https:\/\/www.andalan.es\/index.php?rest_route=\/wp\/v2\/users\/876"}],"replies":[{"embeddable":true,"href":"https:\/\/www.andalan.es\/index.php?rest_route=%2Fwp%2Fv2%2Fcomments&post=15712"}],"version-history":[{"count":1,"href":"https:\/\/www.andalan.es\/index.php?rest_route=\/wp\/v2\/posts\/15712\/revisions"}],"predecessor-version":[{"id":15713,"href":"https:\/\/www.andalan.es\/index.php?rest_route=\/wp\/v2\/posts\/15712\/revisions\/15713"}],"wp:featuredmedia":[{"embeddable":true,"href":"https:\/\/www.andalan.es\/index.php?rest_route=\/wp\/v2\/media\/17679"}],"wp:attachment":[{"href":"https:\/\/www.andalan.es\/index.php?rest_route=%2Fwp%2Fv2%2Fmedia&parent=15712"}],"wp:term":[{"taxonomy":"category","embeddable":true,"href":"https:\/\/www.andalan.es\/index.php?rest_route=%2Fwp%2Fv2%2Fcategories&post=15712"},{"taxonomy":"post_tag","embeddable":true,"href":"https:\/\/www.andalan.es\/index.php?rest_route=%2Fwp%2Fv2%2Ftags&post=15712"},{"taxonomy":"serie","embeddable":true,"href":"https:\/\/www.andalan.es\/index.php?rest_route=%2Fwp%2Fv2%2Fserie&post=15712"}],"curies":[{"name":"wp","href":"https:\/\/api.w.org\/{rel}","templated":true}]}}