{"id":15869,"date":"2020-08-20T15:50:10","date_gmt":"2020-08-20T14:50:10","guid":{"rendered":"http:\/\/www.andalan.es\/?p=15869"},"modified":"2022-03-02T17:09:28","modified_gmt":"2022-03-02T16:09:28","slug":"visitando-museos-ii-otros-museos-espanoles","status":"publish","type":"post","link":"https:\/\/www.andalan.es\/?p=15869","title":{"rendered":"Visitando museos II: Otros museos espa\u00f1oles"},"content":{"rendered":"<p><strong>Seguimos reproduciendo esta serie, con el segundo de dos art\u00edculos de Eloy Fern\u00e1ndez Clemente aparecidos en El Peri\u00f3dico de Arag\u00f3n hace semanas. <\/strong><\/p>\n<p><strong>\u00a0<\/strong><\/p>\n<p>Madrid no s\u00f3lo por ser la mayor ciudad y capital de Espa\u00f1a, sino tambi\u00e9n porque desde hace cuatro siglos los reyes y la aristocracia, y luego la gran burgues\u00eda, han sido la principal demanda a los artistas, sobre todo de retratos, y gusto por tener colecciones que, en ocasiones, han permitido grandes operaciones financieras, en subastas o, hace poco fue noticia, evadiendo al extranjero obras principales, lo que se persigue con eficacia por la polic\u00eda.<\/p>\n<p>Muy cerca del Prado, formando un tri\u00e1ngulo muy oportuno para visitantes y turistas, fueron creciendo hace ya unos cuantos lustros, dos importantes museos m\u00e1s:<\/p>\n<p><strong>El Reina Sof\u00eda<\/strong>, que celebraba la nueva democracia, agradec\u00eda a la discreta reina su apoyo a las artes, y mostraba mucho del arte contempor\u00e1neo, complemento perfecto del Prado, pues. Bien preparado para visitas on line,<\/p>\n<p><a href=\"https:\/\/www.museoreinasofia.es\/coleccion\/obras-destacadas\">https:\/\/www.museoreinasofia.es\/coleccion\/obras-destacadas<\/a><\/p>\n<p>Ofrece entrevistas y v\u00eddeos <a href=\"https:\/\/www.museoreinasofia.es\/multimedia\">https:\/\/www.museoreinasofia.es\/multimedia<\/a><\/p>\n<p>Y trata con especial mimo su obra emblem\u00e1tica: El Guernica:<\/p>\n<p><a href=\"https:\/\/www.museoreinasofia.es\/coleccion\/obra\/guernica\">https:\/\/www.museoreinasofia.es\/coleccion\/obra\/guernica<\/a><\/p>\n<p>Recuerdo que conoc\u00ed a Concha Lomba cuando trabajaba all\u00ed, nos presentaron Gonzalo y Marisol Borr\u00e1s, en uno de aquellos viajes a ver exposiciones y acaso algo de teatro.<\/p>\n<p>&nbsp;<\/p>\n<p><img decoding=\"async\" class=\"aligncenter wp-image-15870\" src=\"http:\/\/www.andalan.es\/wp-content\/uploads\/2-El-Guernica-de-Picasso-1024x464.jpg\" alt=\"\" width=\"1200\" height=\"543\" srcset=\"https:\/\/www.andalan.es\/wp-content\/uploads\/2-El-Guernica-de-Picasso-150x68.jpg 150w, https:\/\/www.andalan.es\/wp-content\/uploads\/2-El-Guernica-de-Picasso-200x91.jpg 200w, https:\/\/www.andalan.es\/wp-content\/uploads\/2-El-Guernica-de-Picasso-300x136.jpg 300w, https:\/\/www.andalan.es\/wp-content\/uploads\/2-El-Guernica-de-Picasso-400x181.jpg 400w, https:\/\/www.andalan.es\/wp-content\/uploads\/2-El-Guernica-de-Picasso-600x272.jpg 600w, https:\/\/www.andalan.es\/wp-content\/uploads\/2-El-Guernica-de-Picasso-768x348.jpg 768w, https:\/\/www.andalan.es\/wp-content\/uploads\/2-El-Guernica-de-Picasso-800x362.jpg 800w, https:\/\/www.andalan.es\/wp-content\/uploads\/2-El-Guernica-de-Picasso-1024x464.jpg 1024w, https:\/\/www.andalan.es\/wp-content\/uploads\/2-El-Guernica-de-Picasso-1200x543.jpg 1200w, https:\/\/www.andalan.es\/wp-content\/uploads\/2-El-Guernica-de-Picasso-1536x695.jpg 1536w, https:\/\/www.andalan.es\/wp-content\/uploads\/2-El-Guernica-de-Picasso.jpg 2105w\" sizes=\"(max-width: 1200px) 100vw, 1200px\" \/><\/p>\n<p>&nbsp;<\/p>\n<p>El otro gran museo es el<strong> Thyssen-Borznemisza<\/strong>, resultado de un acuerdo de alto valor econ\u00f3mico y tambi\u00e9n simb\u00f3lico, entre el bar\u00f3n a\u00fan vivo, y que ha seguido forzando su viuda, sabedora de la importancia que tiene para Espa\u00f1a esa colecci\u00f3n excepcional de un coleccionista europeo bien relacionado.<\/p>\n<p><strong>\u00a0<\/strong><a href=\"https:\/\/www.museothyssen.org\/\">https:\/\/www.museothyssen.org\/<\/a><\/p>\n<p>Sus p\u00e1ginas permiten conocer lo principal, preocupaci\u00f3n siempre de las personas apresuradas:<\/p>\n<p><a href=\"https:\/\/www.museothyssen.org\/coleccion\/obras-maestras\">https:\/\/www.museothyssen.org\/coleccion\/obras-maestras<\/a><\/p>\n<p>Pero tambi\u00e9n, con motivo de una reciente exposici\u00f3n, un recorrido virtual por Rembrandt y el retrato en Amsterdam:<\/p>\n<p><a href=\"https:\/\/www.museothyssen.org\/exposiciones\/rembrandt-retrato-amsterdam-1590-1670\">https:\/\/www.museothyssen.org\/exposiciones\/rembrandt-retrato-amsterdam-1590-1670<\/a><\/p>\n<p>Otros muchos museos residen en Madrid: uno de mis preferidos es el profundamente renovado, espl\u00e9ndido Arqueol\u00f3gico Nacional. Otro,\u00a0 de arte, el L\u00e1zaro Galdiano (que durante muchos a\u00f1os dirigi\u00f3 el zaragozano Jos\u00e9 Cam\u00f3n Aznar) <a href=\"https:\/\/artsandculture.google.com\/partner\/museo-lazaro-galdiano\">https:\/\/artsandculture.google.com\/partner\/museo-lazaro-galdiano<\/a>; Otros, el Cerralbo, el precioso dedicado a Sorolla <a href=\"http:\/\/www.culturaydeporte.gob.es\/msorolla\/inicio.html\">http:\/\/www.culturaydeporte.gob.es\/msorolla\/inicio.html<\/a>, los de arte romano, artes decorativas, etc.<\/p>\n<p>Otros temas ocupan a los dedicados a arte de Am\u00e9rica, Naval, de Antropolog\u00eda <a href=\"https:\/\/artsandculture.google.com\/partner\/museo-nacional-de-antropologia-madrid\">https:\/\/artsandculture.google.com\/partner\/museo-nacional-de-antropologia-madrid<\/a>, Romanticismo, Sefard\u00ed, Traje, del ferrocarril, o, cuando se abra finalmente, el Palacio de Liria de los duques de Alba. Y salas de exposiciones temporales como las de las fundaciones de Telef\u00f3nica y el Banco de Santander.<\/p>\n<p>***<\/p>\n<p>En el resto de Espa\u00f1a hay museos igualmente magn\u00edficos, que resumir\u00e9 al m\u00e1ximo: Considerado como el \u201cPrado peque\u00f1o\u201d, segundo en importancia en el pa\u00eds, est\u00e1 el de Sevilla, rico en zurbaranes y murillos:<\/p>\n<p><a href=\"https:\/\/artsandculture.google.com\/partner\/museo-de-bellas-artes-de-sevilla\">https:\/\/artsandculture.google.com\/partner\/museo-de-bellas-artes-de-sevilla<\/a><\/p>\n<p>En Barcelona, el Nacional de Arte de Catalu\u00f1a, que conserva salas del rom\u00e1nico aragon\u00e9s, all\u00ed trasladado: <a href=\"https:\/\/artsandculture.google.com\/partner\/museu-nacional-dart-de-catalunya\">https:\/\/artsandculture.google.com\/partner\/museu-nacional-dart-de-catalunya<\/a>; y el Picasso, <a href=\"http:\/\/www.museupicasso.bcn.cat\/es\">http:\/\/www.museupicasso.bcn.cat\/es<\/a><\/p>\n<p>En el Pa\u00eds Vasco, Bilbao acert\u00f3 con el emblem\u00e1tico Guggenheim y supo cuidar muy bien el precioso y no tan peque\u00f1o de Bellas Artes, donde hay bastante pintura medieval aragonesa: <a href=\"https:\/\/artsandculture.google.com\/partner\/museo-de-bellas-artes-de-bilbao\">https:\/\/artsandculture.google.com\/partner\/museo-de-bellas-artes-de-bilbao<\/a>. A\u00f1adamos el peque\u00f1o pero estupendo de Arte Contempor\u00e1neo de Vitoria, que organiz\u00f3 y dirigi\u00f3 el aragon\u00e9s Pedro Sancrist\u00f3val.<\/p>\n<p>Otros casos importantes son el espectacular de M\u00e1laga, que ha reunido muestras importantes permanentes provenientes del Pompidou, L\u2019Ermitage, Carmen Thyssen, que se a\u00f1aden al Arqueol\u00f3gico y otros, o el dedicado Picasso, nacido en esa ciudad. Lo mismo que hizo Palma de Mallorca con Mir\u00f3, <a href=\"https:\/\/miromallorca.com\/es\/\">https:\/\/miromallorca.com\/es\/<\/a><\/p>\n<p>Valencia acert\u00f3 con el IVAM: Instituto Valenciano de Arte Moderno, que tuvo entre sus primeros directores, a Carmel Alborch y Juan Manuel Bonet.<\/p>\n<p>Vale la pena una visita a la p\u00e1gina de los Reales Sitios, <a href=\"https:\/\/www.patrimonionacional.es\/\">https:\/\/www.patrimonionacional.es\/<\/a><\/p>\n<p>Y una muy especial a ese conjunto monumental que es El Escorial:<\/p>\n<p><a href=\"https:\/\/elviajero.elpais.com\/elviajero\/2020\/02\/27\/actualidad\/1582799254_817217.html\">https:\/\/elviajero.elpais.com\/elviajero\/2020\/02\/27\/actualidad\/1582799254_817217.html<\/a><\/p>\n<p>Y por supuesto a enclaves como La Alhambra, el P\u00f3rtico de la Gloria o ver al Greco en el Santa Cruz de Toledo. Otros grandes, monogr\u00e1ficos, son el de \u201cart nouveau\u201d en Salamanca: <a href=\"https:\/\/artsandculture.google.com\/partner\/museo-art-nouveau-y-art-deco-casa-lis\">https:\/\/artsandculture.google.com\/partner\/museo-art-nouveau-y-art-deco-casa-lis<\/a> el de arte romano en M\u00e9rida: <a href=\"https:\/\/artsandculture.google.com\/partner\/museo-nacional-de-arte-romano\">https:\/\/artsandculture.google.com\/partner\/museo-nacional-de-arte-romano<\/a><\/p>\n<p>El de rom\u00e1nico en Aguilar de Camp\u00f3o, auspiciado por ese gran humorista que es el arquitecto Peridis,\u00a0 <a href=\"https:\/\/artsandculture.google.com\/partner\/fundaci%C3%B3n-santa-mar%C3%ADa-la-real\">https:\/\/artsandculture.google.com\/partner\/fundaci%C3%B3n-santa-mar%C3%ADa-la-real<\/a><\/p>\n<p>El de Dal\u00ed, en Figueras; el de Casals en El Vendrell:<\/p>\n<p><a href=\"https:\/\/artsandculture.google.com\/partner\/vil%C2%B7la-museu-pau-casals\">https:\/\/artsandculture.google.com\/partner\/vil%C2%B7la-museu-pau-casals<\/a><\/p>\n<p>el de Sitges, dedicado al arte Rom\u00e1ntico:<\/p>\n<p><a href=\"https:\/\/artsandculture.google.com\/partner\/museo-romantico-de-sitges\">https:\/\/artsandculture.google.com\/partner\/museo-romantico-de-sitges<\/a><\/p>\n<p>Citemos, en fin, el de escultura en Valladolid, o el de la evoluci\u00f3n humana en Burgos <a href=\"https:\/\/artsandculture.google.com\/partner\/museo-de-la-evolucion-humana\">https:\/\/artsandculture.google.com\/partner\/museo-de-la-evolucion-humana<\/a><\/p>\n<p>Cu\u00e1ntos paseos propician esos nombres y lugares, estos enlaces, y otros muchos que el autodidactca encontrar\u00e1.<\/p>\n","protected":false},"excerpt":{"rendered":"<p>Seguimos reproduciendo esta serie, con el segundo de dos art\u00edculos de Eloy Fern\u00e1ndez Clemente aparecidos en El Peri\u00f3dico de Arag\u00f3n hace semanas.<\/p>\n","protected":false},"author":1,"featured_media":15870,"comment_status":"closed","ping_status":"closed","sticky":false,"template":"","format":"standard","meta":{"_acf_changed":false,"footnotes":""},"categories":[1302],"tags":[6718,6712,4196,6711,4264,6721,1096,6717,6115,5636,6714,5482,4661,4180,6720,6716,6719,5749,6713,299,6715],"serie":[7671],"class_list":["post-15869","post","type-post","status-publish","format-standard","has-post-thumbnail","hentry","category-sala-de-arte","tag-carmel-alborch","tag-carmen-thyssen","tag-concha-lomba","tag-duques-de-alba","tag-el-greco","tag-georges-pompidou","tag-gonzalo-borras","tag-joan-miro","tag-joaquin-sorolla","tag-jose-camon-aznar","tag-jose-lazaro-galdiano","tag-juan-manuel-bonet","tag-marisol-barrera","tag-pablo-picasso","tag-pau-calsals","tag-pedro-sancristoval","tag-peridis","tag-reina-sofia","tag-rembrandt-van-rijn","tag-salvador-dali","tag-solomon-r-guggenheim","serie-eloy-fernandez-clemente"],"acf":[],"yoast_head":"<!-- This site is optimized with the Yoast SEO plugin v26.1.1 - https:\/\/yoast.com\/wordpress\/plugins\/seo\/ -->\n<title>Visitando museos II: Otros museos espa\u00f1oles - Andal\u00e1n.es<\/title>\n<meta name=\"robots\" content=\"index, follow, max-snippet:-1, max-image-preview:large, max-video-preview:-1\" \/>\n<link rel=\"canonical\" href=\"https:\/\/www.andalan.es\/?p=15869\" \/>\n<meta property=\"og:locale\" content=\"es_ES\" \/>\n<meta property=\"og:type\" content=\"article\" \/>\n<meta property=\"og:title\" content=\"Visitando museos II: Otros museos espa\u00f1oles - Andal\u00e1n.es\" \/>\n<meta property=\"og:description\" content=\"Seguimos reproduciendo esta serie, con el segundo de dos art\u00edculos de Eloy Fern\u00e1ndez Clemente aparecidos en El Peri\u00f3dico de Arag\u00f3n hace semanas.\" \/>\n<meta property=\"og:url\" content=\"https:\/\/www.andalan.es\/?p=15869\" \/>\n<meta property=\"og:site_name\" content=\"Andal\u00e1n.es\" \/>\n<meta property=\"article:published_time\" content=\"2020-08-20T14:50:10+00:00\" \/>\n<meta property=\"article:modified_time\" content=\"2022-03-02T16:09:28+00:00\" \/>\n<meta property=\"og:image\" content=\"https:\/\/www.andalan.es\/wp-content\/uploads\/2-El-Guernica-de-Picasso.jpg\" \/>\n\t<meta property=\"og:image:width\" content=\"2105\" \/>\n\t<meta property=\"og:image:height\" content=\"953\" \/>\n\t<meta property=\"og:image:type\" content=\"image\/jpeg\" \/>\n<meta name=\"author\" content=\"Andal\u00e1n\" \/>\n<meta name=\"twitter:card\" content=\"summary_large_image\" \/>\n<meta name=\"twitter:label1\" content=\"Escrito por\" \/>\n\t<meta name=\"twitter:data1\" content=\"Andal\u00e1n\" \/>\n\t<meta name=\"twitter:label2\" content=\"Tiempo de lectura\" \/>\n\t<meta name=\"twitter:data2\" content=\"4 minutos\" \/>\n<script type=\"application\/ld+json\" class=\"yoast-schema-graph\">{\"@context\":\"https:\/\/schema.org\",\"@graph\":[{\"@type\":\"WebPage\",\"@id\":\"https:\/\/www.andalan.es\/?p=15869\",\"url\":\"https:\/\/www.andalan.es\/?p=15869\",\"name\":\"Visitando museos II: Otros museos espa\u00f1oles - Andal\u00e1n.es\",\"isPartOf\":{\"@id\":\"https:\/\/www.andalan.es\/#website\"},\"primaryImageOfPage\":{\"@id\":\"https:\/\/www.andalan.es\/?p=15869#primaryimage\"},\"image\":{\"@id\":\"https:\/\/www.andalan.es\/?p=15869#primaryimage\"},\"thumbnailUrl\":\"https:\/\/www.andalan.es\/wp-content\/uploads\/2-El-Guernica-de-Picasso.jpg\",\"datePublished\":\"2020-08-20T14:50:10+00:00\",\"dateModified\":\"2022-03-02T16:09:28+00:00\",\"author\":{\"@id\":\"https:\/\/www.andalan.es\/#\/schema\/person\/d91b6ba549757f41431f8d99ed604c79\"},\"breadcrumb\":{\"@id\":\"https:\/\/www.andalan.es\/?p=15869#breadcrumb\"},\"inLanguage\":\"es\",\"potentialAction\":[{\"@type\":\"ReadAction\",\"target\":[\"https:\/\/www.andalan.es\/?p=15869\"]}]},{\"@type\":\"ImageObject\",\"inLanguage\":\"es\",\"@id\":\"https:\/\/www.andalan.es\/?p=15869#primaryimage\",\"url\":\"https:\/\/www.andalan.es\/wp-content\/uploads\/2-El-Guernica-de-Picasso.jpg\",\"contentUrl\":\"https:\/\/www.andalan.es\/wp-content\/uploads\/2-El-Guernica-de-Picasso.jpg\",\"width\":2105,\"height\":953},{\"@type\":\"BreadcrumbList\",\"@id\":\"https:\/\/www.andalan.es\/?p=15869#breadcrumb\",\"itemListElement\":[{\"@type\":\"ListItem\",\"position\":1,\"name\":\"andal\u00e1n.es\",\"item\":\"https:\/\/www.andalan.es\/\"},{\"@type\":\"ListItem\",\"position\":2,\"name\":\"Visitando museos II: Otros museos espa\u00f1oles\"}]},{\"@type\":\"WebSite\",\"@id\":\"https:\/\/www.andalan.es\/#website\",\"url\":\"https:\/\/www.andalan.es\/\",\"name\":\"Andal\u00e1n.es\",\"description\":\"Andal\u00e1n.es\",\"potentialAction\":[{\"@type\":\"SearchAction\",\"target\":{\"@type\":\"EntryPoint\",\"urlTemplate\":\"https:\/\/www.andalan.es\/?s={search_term_string}\"},\"query-input\":{\"@type\":\"PropertyValueSpecification\",\"valueRequired\":true,\"valueName\":\"search_term_string\"}}],\"inLanguage\":\"es\"},{\"@type\":\"Person\",\"@id\":\"https:\/\/www.andalan.es\/#\/schema\/person\/d91b6ba549757f41431f8d99ed604c79\",\"name\":\"Andal\u00e1n\",\"url\":\"https:\/\/www.andalan.es\/?author=1\"}]}<\/script>\n<!-- \/ Yoast SEO plugin. -->","yoast_head_json":{"title":"Visitando museos II: Otros museos espa\u00f1oles - Andal\u00e1n.es","robots":{"index":"index","follow":"follow","max-snippet":"max-snippet:-1","max-image-preview":"max-image-preview:large","max-video-preview":"max-video-preview:-1"},"canonical":"https:\/\/www.andalan.es\/?p=15869","og_locale":"es_ES","og_type":"article","og_title":"Visitando museos II: Otros museos espa\u00f1oles - Andal\u00e1n.es","og_description":"Seguimos reproduciendo esta serie, con el segundo de dos art\u00edculos de Eloy Fern\u00e1ndez Clemente aparecidos en El Peri\u00f3dico de Arag\u00f3n hace semanas.","og_url":"https:\/\/www.andalan.es\/?p=15869","og_site_name":"Andal\u00e1n.es","article_published_time":"2020-08-20T14:50:10+00:00","article_modified_time":"2022-03-02T16:09:28+00:00","og_image":[{"width":2105,"height":953,"url":"https:\/\/www.andalan.es\/wp-content\/uploads\/2-El-Guernica-de-Picasso.jpg","type":"image\/jpeg"}],"author":"Andal\u00e1n","twitter_card":"summary_large_image","twitter_misc":{"Escrito por":"Andal\u00e1n","Tiempo de lectura":"4 minutos"},"schema":{"@context":"https:\/\/schema.org","@graph":[{"@type":"WebPage","@id":"https:\/\/www.andalan.es\/?p=15869","url":"https:\/\/www.andalan.es\/?p=15869","name":"Visitando museos II: Otros museos espa\u00f1oles - Andal\u00e1n.es","isPartOf":{"@id":"https:\/\/www.andalan.es\/#website"},"primaryImageOfPage":{"@id":"https:\/\/www.andalan.es\/?p=15869#primaryimage"},"image":{"@id":"https:\/\/www.andalan.es\/?p=15869#primaryimage"},"thumbnailUrl":"https:\/\/www.andalan.es\/wp-content\/uploads\/2-El-Guernica-de-Picasso.jpg","datePublished":"2020-08-20T14:50:10+00:00","dateModified":"2022-03-02T16:09:28+00:00","author":{"@id":"https:\/\/www.andalan.es\/#\/schema\/person\/d91b6ba549757f41431f8d99ed604c79"},"breadcrumb":{"@id":"https:\/\/www.andalan.es\/?p=15869#breadcrumb"},"inLanguage":"es","potentialAction":[{"@type":"ReadAction","target":["https:\/\/www.andalan.es\/?p=15869"]}]},{"@type":"ImageObject","inLanguage":"es","@id":"https:\/\/www.andalan.es\/?p=15869#primaryimage","url":"https:\/\/www.andalan.es\/wp-content\/uploads\/2-El-Guernica-de-Picasso.jpg","contentUrl":"https:\/\/www.andalan.es\/wp-content\/uploads\/2-El-Guernica-de-Picasso.jpg","width":2105,"height":953},{"@type":"BreadcrumbList","@id":"https:\/\/www.andalan.es\/?p=15869#breadcrumb","itemListElement":[{"@type":"ListItem","position":1,"name":"andal\u00e1n.es","item":"https:\/\/www.andalan.es\/"},{"@type":"ListItem","position":2,"name":"Visitando museos II: Otros museos espa\u00f1oles"}]},{"@type":"WebSite","@id":"https:\/\/www.andalan.es\/#website","url":"https:\/\/www.andalan.es\/","name":"Andal\u00e1n.es","description":"Andal\u00e1n.es","potentialAction":[{"@type":"SearchAction","target":{"@type":"EntryPoint","urlTemplate":"https:\/\/www.andalan.es\/?s={search_term_string}"},"query-input":{"@type":"PropertyValueSpecification","valueRequired":true,"valueName":"search_term_string"}}],"inLanguage":"es"},{"@type":"Person","@id":"https:\/\/www.andalan.es\/#\/schema\/person\/d91b6ba549757f41431f8d99ed604c79","name":"Andal\u00e1n","url":"https:\/\/www.andalan.es\/?author=1"}]}},"_links":{"self":[{"href":"https:\/\/www.andalan.es\/index.php?rest_route=\/wp\/v2\/posts\/15869","targetHints":{"allow":["GET"]}}],"collection":[{"href":"https:\/\/www.andalan.es\/index.php?rest_route=\/wp\/v2\/posts"}],"about":[{"href":"https:\/\/www.andalan.es\/index.php?rest_route=\/wp\/v2\/types\/post"}],"author":[{"embeddable":true,"href":"https:\/\/www.andalan.es\/index.php?rest_route=\/wp\/v2\/users\/1"}],"replies":[{"embeddable":true,"href":"https:\/\/www.andalan.es\/index.php?rest_route=%2Fwp%2Fv2%2Fcomments&post=15869"}],"version-history":[{"count":1,"href":"https:\/\/www.andalan.es\/index.php?rest_route=\/wp\/v2\/posts\/15869\/revisions"}],"predecessor-version":[{"id":15871,"href":"https:\/\/www.andalan.es\/index.php?rest_route=\/wp\/v2\/posts\/15869\/revisions\/15871"}],"wp:featuredmedia":[{"embeddable":true,"href":"https:\/\/www.andalan.es\/index.php?rest_route=\/wp\/v2\/media\/15870"}],"wp:attachment":[{"href":"https:\/\/www.andalan.es\/index.php?rest_route=%2Fwp%2Fv2%2Fmedia&parent=15869"}],"wp:term":[{"taxonomy":"category","embeddable":true,"href":"https:\/\/www.andalan.es\/index.php?rest_route=%2Fwp%2Fv2%2Fcategories&post=15869"},{"taxonomy":"post_tag","embeddable":true,"href":"https:\/\/www.andalan.es\/index.php?rest_route=%2Fwp%2Fv2%2Ftags&post=15869"},{"taxonomy":"serie","embeddable":true,"href":"https:\/\/www.andalan.es\/index.php?rest_route=%2Fwp%2Fv2%2Fserie&post=15869"}],"curies":[{"name":"wp","href":"https:\/\/api.w.org\/{rel}","templated":true}]}}