{"id":15928,"date":"2020-09-30T11:05:38","date_gmt":"2020-09-30T10:05:38","guid":{"rendered":"http:\/\/www.andalan.es\/?p=15928"},"modified":"2022-03-02T17:09:30","modified_gmt":"2022-03-02T16:09:30","slug":"la-transcendencia-de-lo-real","status":"publish","type":"post","link":"https:\/\/www.andalan.es\/?p=15928","title":{"rendered":"La transcendencia de lo real"},"content":{"rendered":"<p>En su obra\u00a0<em>El arte de amar<\/em>, el destacado psicoanalista, psic\u00f3logo social y fil\u00f3sofo humanista Erich\u00a0Fromm,\u00a0explica que \u201cLas actitudes del padre y de la madre hacia el ni\u00f1o corresponden a las propias necesidades de \u00e9ste. El infante necesita el amor incondicional y el cuidado de la madre, tanto fisiol\u00f3gica como ps\u00edquicamente. Despu\u00e9s de los seis a\u00f1os, el ni\u00f1o comienza a necesitar el amor del padre, su autoridad y su gu\u00eda. La funci\u00f3n de la madre es darle seguridad en la vida; la del padre, <img decoding=\"async\" class=\"size-medium wp-image-15929 alignright\" src=\"http:\/\/www.andalan.es\/wp-content\/uploads\/9788432236990-175x300.jpg\" alt=\"\" width=\"175\" height=\"300\" srcset=\"https:\/\/www.andalan.es\/wp-content\/uploads\/9788432236990-87x150.jpg 87w, https:\/\/www.andalan.es\/wp-content\/uploads\/9788432236990-175x300.jpg 175w, https:\/\/www.andalan.es\/wp-content\/uploads\/9788432236990-400x686.jpg 400w, https:\/\/www.andalan.es\/wp-content\/uploads\/9788432236990.jpg 552w\" sizes=\"(max-width: 175px) 100vw, 175px\" \/>ense\u00f1arle y guiarlo en la soluci\u00f3n de los problemas que le plantea la sociedad particular en la que ha nacido\u201d. El destino, a veces puede ser cruel, y en un abrir y cerrar de ojos, todo aquello que es conocido y querido por nosotros- familia, amigos, pareja- puede desaparecer, generando otra realidad paralela a la que nosotros conocemos. Son los a\u00f1os setenta en una ciudad peque\u00f1a, Plasencia. Rosa y Juan, apenas unos adolescentes, emprenden un viaje en coche a Portugal, a una cl\u00ednica abortista clandestina, en el trayecto, un inesperado accidente hace que Juan muera. Esta es la introducci\u00f3n de la nueva novela del escritor zaragozano Ignacio Mart\u00ednez de Pis\u00f3n, <em>Fin de temporada<\/em>, que, como es habitual en los \u00faltimos a\u00f1os, publica con la editorial Seix Barral.<\/p>\n<p>Veinte a\u00f1os despu\u00e9s, Rosa e Iv\u00e1n, su hijo, aparecen en el otro extremo de la pen\u00ednsula, regentando un camping en la Costa Dorada, junto a Mabel, personaje que ejerce de \u201cbascula\u201d, de term\u00f3metro entre madre e hijo: \u201cRosa y Mabel ten\u00edan al menos una cosa en com\u00fan: hab\u00edan podido elegir su vida despu\u00e9s de que la vida siempre eligiera por ellas. Y no es que esa vida que hab\u00edan elegido fuera gran cosa, pero era suya. Arrastradas hasta all\u00ed por distintos aluviones, era inevitable que sintonizaran, porque compart\u00edan los mismos sedimentos de fracasos e infortunios\u201d.<\/p>\n<p>A lo largo de los siguientes cap\u00edtulos, veremos el intento de Iv\u00e1n, que ya tiene la edad de su padre cuando muri\u00f3, de empezar a independizarse y ver que puede tener una vida al margen de su posesiva madre. Hasta ese momento \u201cla vida de esa madre y ese hijo se resum\u00eda as\u00ed: siempre juntos los dos, de aqu\u00ed para all\u00e1, no teniendo a nadie m\u00e1s, teni\u00e9ndose \u00fanicamente el uno al otro\u201d. En su libro<em>\u00a0El factor madre: c\u00f3mo el legado emocional de tu madre afecta en tu vida<\/em>, el Psic\u00f3logo estadounidense Stephen\u00a0Poulter, se\u00f1ala que: \u201cla madre\u00a0puede ser nuestra primera experiencia de amor, pero dependiendo de c\u00f3mo se d\u00e9 ese v\u00ednculo, pueden convertirnos en personas m\u00e1s ansiosas, necesitadas, irascibles o depresivas. Caracter\u00edsticas que nos impactan en todos los aspectos de la vida y en la forma en la que nos vinculamos con la propia madre y con los dem\u00e1s\u201d.\u00a0 En esta partida de ajedrez, queda una pieza m\u00e1s por aparecer, C\u00e9line, la novia francesa de Iv\u00e1n, que es de Toulose- un gui\u00f1o del autor hacia los republicanos espa\u00f1oles exiliados-, para que se acabe abriendo la caja de pandora: \u201cEn una relaci\u00f3n tan posesiva hab\u00eda poco sitio para terceras personas. C\u00e9line hab\u00eda tenido la sensaci\u00f3n de estar cometiendo una profanaci\u00f3n, al irrumpir en un territorio ajeno y sagrado. Entre Iv\u00e1n y Rosa percib\u00eda un v\u00ednculo profundo, oscuro, ancestral, como en las viejas pinturas de la maternidad y el descendimiento\u201d.<\/p>\n<p>&nbsp;<\/p>\n<p>La ruptura entre madre e hijo, nos permite ver a un Iv\u00e1n, en busca de su identidad, recorriendo las diferentes ciudades en las que hab\u00eda vivido con su madre: Bilbao, Logro\u00f1o, Torrelavega,\u00a0 Gij\u00f3n, Jaca..etc.. Conociendo a su familia paterna, en Plasencia, en donde \u201cqueda fascinado con la que podr\u00eda haber sido su otra vida\u201d,\u00a0 ser\u00e1 Alberto, el primo y mejor amigo de su padre, el que ayude a Iv\u00e1n, a enfrentarse a sus propios demonios:\u201cNo eres el mismo si sabes unas cosas que si no las sabes. Saber nos hace diferentes, nos convierte en otras personas\u201d. He incluso, parece que el protagonista acabe llegando a su propia conclusi\u00f3n: \u201cDesde antes de mi nacimiento, como si fuera el pecado original, pesaba sobre m\u00ed un maleficio. Ese maleficio dec\u00eda que yo jam\u00e1s podr\u00eda vivir en un mundo en el que viviera mi padre y viceversa. Que en el planeta hab\u00eda sitio para uno u otro, pero en ning\u00fan caso para los dos a la vez. Que el universo, por muy grande que fuera, nunca habr\u00eda un hueco para ambos. Que en la eternidad no compartir\u00edamos un solo minuto\u201d. Aunque en esta novela no todo es lo que parece.<\/p>\n<p>Ignacio Mart\u00ednez de Pis\u00f3n,\u00a0 vuelve a tratar en esta novela, uno de los temas predilectos, las familias. Quiz\u00e1s, en esta ocasi\u00f3n, la novedad sea \u00a0la maternidad, tema que hasta ahora no aparece en su obra. \u00a0Es por ello que nos encontrarnos ante su novela m\u00e1s intimista. Los personajes de esta trama, cada uno a su manera, y, como si en el fondo se tratara de una moraleja, deber\u00e1n descubrir cosas sobre la vida, \u00a0sobre s\u00ed mismos, y sobre los dem\u00e1s \u00a0que desconoc\u00edan por completo. Como afirma el propio autor: \u201cal final el pasado siempre acaba encontr\u00e1ndote\u2026\u201d.<\/p>\n<p><strong>Ignacio Mart\u00ednez de Pis\u00f3n. Fin de temporada. Seix Barral. Barcelona, 2020. 376 pgns<\/strong><\/p>\n<p>&nbsp;<\/p>\n<p>&nbsp;<\/p>\n<p>&nbsp;<\/p>\n<p>&nbsp;<\/p>\n<p>&nbsp;<\/p>\n<p>&nbsp;<\/p>\n<p>&nbsp;<\/p>\n<p>&nbsp;<\/p>\n<p>&nbsp;<\/p>\n","protected":false},"excerpt":{"rendered":"<p>En su obra\u00a0El arte de amar, el destacado psicoanalista, psic\u00f3logo [&#8230;]<\/p>\n","protected":false},"author":877,"featured_media":17679,"comment_status":"closed","ping_status":"closed","sticky":false,"template":"","format":"standard","meta":{"_acf_changed":false,"footnotes":""},"categories":[40],"tags":[947],"serie":[7531],"class_list":["post-15928","post","type-post","status-publish","format-standard","has-post-thumbnail","hentry","category-publicaciones","tag-ignacio-martinez-de-pison","serie-jose-antonio-val-lisa"],"acf":[],"yoast_head":"<!-- This site is optimized with the Yoast SEO plugin v26.1.1 - https:\/\/yoast.com\/wordpress\/plugins\/seo\/ -->\n<title>La transcendencia de lo real - Andal\u00e1n.es<\/title>\n<meta name=\"robots\" content=\"index, follow, max-snippet:-1, max-image-preview:large, max-video-preview:-1\" \/>\n<link rel=\"canonical\" href=\"https:\/\/www.andalan.es\/?p=15928\" \/>\n<meta property=\"og:locale\" content=\"es_ES\" \/>\n<meta property=\"og:type\" content=\"article\" \/>\n<meta property=\"og:title\" content=\"La transcendencia de lo real - Andal\u00e1n.es\" \/>\n<meta property=\"og:description\" content=\"En su obra\u00a0El arte de amar, el destacado psicoanalista, psic\u00f3logo [...]\" \/>\n<meta property=\"og:url\" content=\"https:\/\/www.andalan.es\/?p=15928\" \/>\n<meta property=\"og:site_name\" content=\"Andal\u00e1n.es\" \/>\n<meta property=\"article:published_time\" content=\"2020-09-30T10:05:38+00:00\" \/>\n<meta property=\"article:modified_time\" content=\"2022-03-02T16:09:30+00:00\" \/>\n<meta property=\"og:image\" content=\"https:\/\/www.andalan.es\/wp-content\/uploads\/ico_documentos2.jpg\" \/>\n\t<meta property=\"og:image:width\" content=\"150\" \/>\n\t<meta property=\"og:image:height\" content=\"150\" \/>\n\t<meta property=\"og:image:type\" content=\"image\/jpeg\" \/>\n<meta name=\"author\" content=\"Jos\u00e9 Antonio Val Lisa\" \/>\n<meta name=\"twitter:card\" content=\"summary_large_image\" \/>\n<meta name=\"twitter:label1\" content=\"Escrito por\" \/>\n\t<meta name=\"twitter:data1\" content=\"Jos\u00e9 Antonio Val Lisa\" \/>\n\t<meta name=\"twitter:label2\" content=\"Tiempo de lectura\" \/>\n\t<meta name=\"twitter:data2\" content=\"5 minutos\" \/>\n<script type=\"application\/ld+json\" class=\"yoast-schema-graph\">{\"@context\":\"https:\/\/schema.org\",\"@graph\":[{\"@type\":\"WebPage\",\"@id\":\"https:\/\/www.andalan.es\/?p=15928\",\"url\":\"https:\/\/www.andalan.es\/?p=15928\",\"name\":\"La transcendencia de lo real - Andal\u00e1n.es\",\"isPartOf\":{\"@id\":\"https:\/\/www.andalan.es\/#website\"},\"primaryImageOfPage\":{\"@id\":\"https:\/\/www.andalan.es\/?p=15928#primaryimage\"},\"image\":{\"@id\":\"https:\/\/www.andalan.es\/?p=15928#primaryimage\"},\"thumbnailUrl\":\"https:\/\/www.andalan.es\/wp-content\/uploads\/ico_documentos2.jpg\",\"datePublished\":\"2020-09-30T10:05:38+00:00\",\"dateModified\":\"2022-03-02T16:09:30+00:00\",\"author\":{\"@id\":\"https:\/\/www.andalan.es\/#\/schema\/person\/932ed9cf5ca8b77d2038446052c278a0\"},\"breadcrumb\":{\"@id\":\"https:\/\/www.andalan.es\/?p=15928#breadcrumb\"},\"inLanguage\":\"es\",\"potentialAction\":[{\"@type\":\"ReadAction\",\"target\":[\"https:\/\/www.andalan.es\/?p=15928\"]}]},{\"@type\":\"ImageObject\",\"inLanguage\":\"es\",\"@id\":\"https:\/\/www.andalan.es\/?p=15928#primaryimage\",\"url\":\"https:\/\/www.andalan.es\/wp-content\/uploads\/ico_documentos2.jpg\",\"contentUrl\":\"https:\/\/www.andalan.es\/wp-content\/uploads\/ico_documentos2.jpg\",\"width\":150,\"height\":150},{\"@type\":\"BreadcrumbList\",\"@id\":\"https:\/\/www.andalan.es\/?p=15928#breadcrumb\",\"itemListElement\":[{\"@type\":\"ListItem\",\"position\":1,\"name\":\"andal\u00e1n.es\",\"item\":\"https:\/\/www.andalan.es\/\"},{\"@type\":\"ListItem\",\"position\":2,\"name\":\"La transcendencia de lo real\"}]},{\"@type\":\"WebSite\",\"@id\":\"https:\/\/www.andalan.es\/#website\",\"url\":\"https:\/\/www.andalan.es\/\",\"name\":\"Andal\u00e1n.es\",\"description\":\"Andal\u00e1n.es\",\"potentialAction\":[{\"@type\":\"SearchAction\",\"target\":{\"@type\":\"EntryPoint\",\"urlTemplate\":\"https:\/\/www.andalan.es\/?s={search_term_string}\"},\"query-input\":{\"@type\":\"PropertyValueSpecification\",\"valueRequired\":true,\"valueName\":\"search_term_string\"}}],\"inLanguage\":\"es\"},{\"@type\":\"Person\",\"@id\":\"https:\/\/www.andalan.es\/#\/schema\/person\/932ed9cf5ca8b77d2038446052c278a0\",\"name\":\"Jos\u00e9 Antonio Val Lisa\",\"url\":\"https:\/\/www.andalan.es\/?author=877\"}]}<\/script>\n<!-- \/ Yoast SEO plugin. -->","yoast_head_json":{"title":"La transcendencia de lo real - Andal\u00e1n.es","robots":{"index":"index","follow":"follow","max-snippet":"max-snippet:-1","max-image-preview":"max-image-preview:large","max-video-preview":"max-video-preview:-1"},"canonical":"https:\/\/www.andalan.es\/?p=15928","og_locale":"es_ES","og_type":"article","og_title":"La transcendencia de lo real - Andal\u00e1n.es","og_description":"En su obra\u00a0El arte de amar, el destacado psicoanalista, psic\u00f3logo [...]","og_url":"https:\/\/www.andalan.es\/?p=15928","og_site_name":"Andal\u00e1n.es","article_published_time":"2020-09-30T10:05:38+00:00","article_modified_time":"2022-03-02T16:09:30+00:00","og_image":[{"width":150,"height":150,"url":"https:\/\/www.andalan.es\/wp-content\/uploads\/ico_documentos2.jpg","type":"image\/jpeg"}],"author":"Jos\u00e9 Antonio Val Lisa","twitter_card":"summary_large_image","twitter_misc":{"Escrito por":"Jos\u00e9 Antonio Val Lisa","Tiempo de lectura":"5 minutos"},"schema":{"@context":"https:\/\/schema.org","@graph":[{"@type":"WebPage","@id":"https:\/\/www.andalan.es\/?p=15928","url":"https:\/\/www.andalan.es\/?p=15928","name":"La transcendencia de lo real - Andal\u00e1n.es","isPartOf":{"@id":"https:\/\/www.andalan.es\/#website"},"primaryImageOfPage":{"@id":"https:\/\/www.andalan.es\/?p=15928#primaryimage"},"image":{"@id":"https:\/\/www.andalan.es\/?p=15928#primaryimage"},"thumbnailUrl":"https:\/\/www.andalan.es\/wp-content\/uploads\/ico_documentos2.jpg","datePublished":"2020-09-30T10:05:38+00:00","dateModified":"2022-03-02T16:09:30+00:00","author":{"@id":"https:\/\/www.andalan.es\/#\/schema\/person\/932ed9cf5ca8b77d2038446052c278a0"},"breadcrumb":{"@id":"https:\/\/www.andalan.es\/?p=15928#breadcrumb"},"inLanguage":"es","potentialAction":[{"@type":"ReadAction","target":["https:\/\/www.andalan.es\/?p=15928"]}]},{"@type":"ImageObject","inLanguage":"es","@id":"https:\/\/www.andalan.es\/?p=15928#primaryimage","url":"https:\/\/www.andalan.es\/wp-content\/uploads\/ico_documentos2.jpg","contentUrl":"https:\/\/www.andalan.es\/wp-content\/uploads\/ico_documentos2.jpg","width":150,"height":150},{"@type":"BreadcrumbList","@id":"https:\/\/www.andalan.es\/?p=15928#breadcrumb","itemListElement":[{"@type":"ListItem","position":1,"name":"andal\u00e1n.es","item":"https:\/\/www.andalan.es\/"},{"@type":"ListItem","position":2,"name":"La transcendencia de lo real"}]},{"@type":"WebSite","@id":"https:\/\/www.andalan.es\/#website","url":"https:\/\/www.andalan.es\/","name":"Andal\u00e1n.es","description":"Andal\u00e1n.es","potentialAction":[{"@type":"SearchAction","target":{"@type":"EntryPoint","urlTemplate":"https:\/\/www.andalan.es\/?s={search_term_string}"},"query-input":{"@type":"PropertyValueSpecification","valueRequired":true,"valueName":"search_term_string"}}],"inLanguage":"es"},{"@type":"Person","@id":"https:\/\/www.andalan.es\/#\/schema\/person\/932ed9cf5ca8b77d2038446052c278a0","name":"Jos\u00e9 Antonio Val Lisa","url":"https:\/\/www.andalan.es\/?author=877"}]}},"_links":{"self":[{"href":"https:\/\/www.andalan.es\/index.php?rest_route=\/wp\/v2\/posts\/15928","targetHints":{"allow":["GET"]}}],"collection":[{"href":"https:\/\/www.andalan.es\/index.php?rest_route=\/wp\/v2\/posts"}],"about":[{"href":"https:\/\/www.andalan.es\/index.php?rest_route=\/wp\/v2\/types\/post"}],"author":[{"embeddable":true,"href":"https:\/\/www.andalan.es\/index.php?rest_route=\/wp\/v2\/users\/877"}],"replies":[{"embeddable":true,"href":"https:\/\/www.andalan.es\/index.php?rest_route=%2Fwp%2Fv2%2Fcomments&post=15928"}],"version-history":[{"count":1,"href":"https:\/\/www.andalan.es\/index.php?rest_route=\/wp\/v2\/posts\/15928\/revisions"}],"predecessor-version":[{"id":15930,"href":"https:\/\/www.andalan.es\/index.php?rest_route=\/wp\/v2\/posts\/15928\/revisions\/15930"}],"wp:featuredmedia":[{"embeddable":true,"href":"https:\/\/www.andalan.es\/index.php?rest_route=\/wp\/v2\/media\/17679"}],"wp:attachment":[{"href":"https:\/\/www.andalan.es\/index.php?rest_route=%2Fwp%2Fv2%2Fmedia&parent=15928"}],"wp:term":[{"taxonomy":"category","embeddable":true,"href":"https:\/\/www.andalan.es\/index.php?rest_route=%2Fwp%2Fv2%2Fcategories&post=15928"},{"taxonomy":"post_tag","embeddable":true,"href":"https:\/\/www.andalan.es\/index.php?rest_route=%2Fwp%2Fv2%2Ftags&post=15928"},{"taxonomy":"serie","embeddable":true,"href":"https:\/\/www.andalan.es\/index.php?rest_route=%2Fwp%2Fv2%2Fserie&post=15928"}],"curies":[{"name":"wp","href":"https:\/\/api.w.org\/{rel}","templated":true}]}}