{"id":15979,"date":"2020-10-24T11:58:35","date_gmt":"2020-10-24T10:58:35","guid":{"rendered":"http:\/\/www.andalan.es\/?p=15979"},"modified":"2022-03-02T17:09:31","modified_gmt":"2022-03-02T16:09:31","slug":"el-macabro-dance-de-la-historia-en-un-estudio-de-caso","status":"publish","type":"post","link":"https:\/\/www.andalan.es\/?p=15979","title":{"rendered":"El macabro dance de la Historia en un estudio de caso"},"content":{"rendered":"<p>Ladrillo a ladrillo hasta levantar un potente edificio, una s\u00f3lida formaci\u00f3n. As\u00ed ha trabajado el autor este libro de factura artesanal que tiene casi cuarenta a\u00f1os de estudio detr\u00e1s. Constituye el n\u00famero veinte de la <em>Colecci\u00f3n Es un decir<\/em>, de editorial Comuniter, a la que termina por consolidar. Si alguien desea alzar una construcci\u00f3n alternativa, tendr\u00e1 que buscar nueva documentaci\u00f3n, rastrear otras fuentes\u2026 pero lo tiene francamente dif\u00edcil, por no decir imposible, dada la intensividad de la monograf\u00eda que comentamos. A la tozudez de los hechos, la lectura de ingente cantidad de documentos, la disciplinada ordenaci\u00f3n, el cumplimiento cabal del oficio de historiar, solo podr\u00e1n oponerse conjuros y patra\u00f1as a lo P\u00edo Moa pero ya no ser\u00e1 en el campo del conocimiento ni de la Historia cuya materia prima es el tiempo, y un dilatado y sincero di\u00e1logo con los muertos. Aprovecha Ballar\u00edn todos los resortes de la narraci\u00f3n total para terminar sabiendo de la realidad m\u00e1s que aquellos que la vivieron (y sufrieron).<\/p>\n<p>Un breve periodo cronol\u00f3gico (1931-1939), menos de una d\u00e9cada; una concisa concreci\u00f3n espacial (\u00c9pila, en realidad la comarca aragonesa de Valdejal\u00f3n) y el resultado que se nos brinda es un paradigm\u00e1tico <em>estudio de caso<\/em> sobre un tema \u2013la Rep\u00fablica y la guerra civil &#8211; del que tanta y tanta bibliograf\u00eda se ha generado desde los sesenta del pasado siglo. Archivos municipales e hist\u00f3rico-provinciales, auton\u00f3micos y nacionales, entrevistas y testimonios orales, fuentes hemerogr\u00e1ficas y de organizaciones de todo pelaje, precisa y espec\u00edfica bibliograf\u00eda constituyen la urdimbre de este <em>Paso adelante, cien atr\u00e1s<\/em>.<\/p>\n<p>&nbsp;<\/p>\n<p><strong>Un autor<\/strong><\/p>\n<p>Mientras le\u00eda y anotaba estas seiscientas p\u00e1ginas pude comprender que hab\u00eda en ellas mucho de desembocadura, de delta, porque aqu\u00ed se ha solidificado y objetivado la formaci\u00f3n toda de Ballar\u00edn Aured (\u00c9pila, 1953). Miembro de la Secci\u00f3n de Historia de la Fundaci\u00f3n de Investigaciones Marxistas, coordinador un tiempo de la FIM <em>Rey del Corral<\/em>, secretario del Foro por la Memoria de Arag\u00f3n y participante en el Consejo Asesor de la C\u00e1tedra de la Memoria Hist\u00f3rica del Siglo XX de la Universidad Complutense, D. Manuel ha publicado \u2013como autor o coordinador- una decena de libros y otros tantos art\u00edculos acerca de \u00c9pila y Valdejal\u00f3n, sobre la historia del Partido Comunista aragon\u00e9s (recuerdo la rese\u00f1a que realic\u00e9 para la revista <em>XIX y Veinte<\/em> del libro que coordin\u00f3, dedicado a Vicente Cazcarra); ha dedicado sus esfuerzos a fundamentales aspectos de la Rep\u00fablica y la Guerra Civil en Arag\u00f3n (recu\u00e9rdese <em>La raz\u00f3n en marcha. Cr\u00f3nica del Frente Popular de Zaragoza<\/em>) y, nos parece fundamental, codirigido entre 2007 y 2010 la edici\u00f3n de tres libros que tienen como objeto la II Rep\u00fablica, editados por las Cortes de Arag\u00f3n y la Fundaci\u00f3n Rey Corral.<\/p>\n<p>&nbsp;<\/p>\n<p><strong>Un contenido<\/strong><\/p>\n<p>Se estructura en tres partes. El primero de los cap\u00edtulos, <em>La sociedad y econom\u00eda epilenses<\/em>, da cuenta del escenario y los actores: demograf\u00eda, urbanismo, econom\u00eda, estructura social y organizaci\u00f3n societaria y cultural, tensiones sociales manifestadas. El Antiguo R\u00e9gimen est\u00e1 presente todav\u00eda en la localidad y se deja ver en los altos \u00edndices de mortalidad infantil, el sometimiento a recurrentes epidemias, el analfabetismo (que alcanzaba al 46 % del censo electoral) y, sobre todo, en el desigual reparto de la riqueza: mientras una cuarta parte de la poblaci\u00f3n debe conformarse con escasos jornales, un tercio de la riqueza r\u00fastica se ve acaparada por una veintena de linajudos propietarios absentistas. Destaquemos de entre todos a Alfonso de Silva Campbell, duque de H\u00edjar, conde de Aranda, cuatro veces Grande de Espa\u00f1a y heredero de los se\u00f1ores temporales de \u00c9pila; su Casa entroncar\u00e1 directamente en 1920 con los Alba\u00a0 y terminar\u00e1 siendo nombrado en 1937 jefe de Renovaci\u00f3n Espa\u00f1ola. Hasta aqu\u00ed, nota com\u00fan a muchos pueblos de Espa\u00f1a. Sin embargo, un hecho marcar\u00e1 desde los inicios de la pasada centuria a esta peque\u00f1a Rusia zarista en escala: la presencia de la Azucarera del Jal\u00f3n, Destiler\u00eda del Jal\u00f3n y la Harinera. \u00c9pila, y tambi\u00e9n la regi\u00f3n, se incorporar\u00e1 abruptamente a la segunda fase de la revoluci\u00f3n industrial y reorganizar\u00e1 en cierto modo el trabajo agr\u00edcola con la dedicaci\u00f3n al cultivo remolachero. Desde entonces \u2013data de 1904 la creaci\u00f3n de la mencionada Azucarera -, la poblaci\u00f3n crecer\u00e1 en tres d\u00e9cadas hasta un 55 %, se har\u00e1 palmaria la zonificaci\u00f3n urbana y se ir\u00e1n conformando agrupaciones y organizaciones sindicales, de labradores y de partido que recoger\u00e1n los diversos intereses encontrados en una lucha de clases manifiesta (solo la CNT contar\u00e1 con setecientos afiliados en 1931).<\/p>\n<p>Los siguientes cap\u00edtulos que completan la obra (<em>El d\u00eda a d\u00eda de la actividad sociopol\u00edtica durante la II Rep\u00fablica<\/em> y <em>Bajo el fascismo<\/em>) siguen un riguroso esquema cronol\u00f3gico que va del mandato radical-socialista al bienio negro para concluir en la etapa frentepopulista, cercenada por el triunfo de la sublevaci\u00f3n en la localidad y sus consecuencias que alcanzan hasta el retorno de la guerra de los vencedores y algunos de los vencidos. Es la historia de unos anhelos de cambio acumulados durante los poco m\u00e1s de cinco a\u00f1os del periodo republicano y la frustraci\u00f3n de los mismos por un franquismo que comienza en \u00c9pila en 1936. El relato cobra ritmos, sucesivos <em>allegros<\/em> y <em>andantes<\/em> que sintonizan con el tiempo acelerado de la d\u00e9cada para concluir en el macabro dance de la represi\u00f3n, una campa\u00f1a de exterminio que se dej\u00f3 notar m\u00e1s, si cabe, como consecuencia de la implantaci\u00f3n de las organizaciones proletarias y la fuerte conflictividad social del periodo republicano y aun del anterior. \u00c9pila no estuvo en el frente de la guerra pero un aire de violencia campamental cubri\u00f3 toda la villa y a sus habitantes.<\/p>\n<p>Es puntillosa la cr\u00f3nica de los acontecimientos que van del cambio de r\u00e9gimen a las sucesivas citas electorales pasando por la crisis econ\u00f3mica, las huelgas (como la frustrada de 1932 y su \u201cDomingo sangriento\u201d), las diversas iniciativas municipales y las disputas entre manifestaciones y procesiones con el trasfondo de la producci\u00f3n de trigo, la vid, la cosecha de remolacha o la producci\u00f3n de az\u00facar. Los caminos se hacen de ida y vuelta, como el caso del triunfo de la derecha en octubre, \u201cel oto\u00f1o de la Rep\u00fablica\u201d, que terminar\u00e1 en las elecciones ganadas por la izquierda y que dan comienzo al gobierno democr\u00e1tico del Frente Popular, cinco meses que \u201cfueron algunos de los m\u00e1s pr\u00f3digos en acontecimientos pol\u00edticos de la historia contempor\u00e1nea espa\u00f1ola\u201d (p. 317).<\/p>\n<p>El golpe de estado, su fracaso y la subsiguiente guerra civil no tuvieron otro objetivo que subvertir no solo el periodo republicano inmediatamente anterior sino hasta la propia Restauraci\u00f3n porque, al decir del marqu\u00e9s viudo de Camarasa y conde de Ricla, como consecuencia de la aprobaci\u00f3n cuarenta a\u00f1os antes del sufragio universal masculino, \u201cresultaba natural que el reba\u00f1o se hubiera impuesto sobre el pastor\u201d (p. 249). A estos efectos, no recuerdo haber le\u00eddo una descripci\u00f3n m\u00e1s trepidante y precisa de todo el sistema represivo seguido en una poblaci\u00f3n que durante la guerra qued\u00f3 situada en la zona rebelde. Excluir, aniquilar, delatar, esquilmar, cambiar en busca de la supervivencia f\u00edsica\u2026 todo un abanico de comportamientos humanos bajo el paraguas de una violencia inusitada.<\/p>\n<p>&nbsp;<\/p>\n<p><strong>Unos nombres<\/strong><\/p>\n<p>En el libro est\u00e1n entreverados hasta ochenta cuadros con distinto objeto (directivos de distintas organizaciones, evoluci\u00f3n demogr\u00e1fica, parque de veh\u00edculos, afectados por los expedientes de responsabilidades pol\u00edticas\u2026) que se completan con un rico anexo en el que figuran los precios de algunos art\u00edculos y servicios durante los a\u00f1os treinta; tensiones sociales en la comarca; y relaci\u00f3n de los vecinos de \u00c9pila asesinados entre 1936 y 1942, al que sumar otro sobre los valdejalonenses fusilados y aquellos con antecedentes pol\u00edtico-sociales. Tambi\u00e9n se completa con un anexo fotogr\u00e1fico en el que ponemos rostro a algunos de los personajes. Porque es este tambi\u00e9n un libro de nombres: se pone nombre a las v\u00edctimas; se pone nombre a los verdugos; se apellida de igual modo al falangista o al cura, que informan desfavorablemente sobre un reo, que al fusilado tras un consejo de guerra o tiroteado en una cuneta. Hay en todo ello una redenci\u00f3n de la v\u00edctima que deja de ser para siempre an\u00f3nima y restituye la dignidad arrebatada.<\/p>\n<p>&nbsp;<\/p>\n<p><strong>Conclusi\u00f3n<\/strong><\/p>\n<p>Los libros se escriben y se publican para ser le\u00eddos. Y este bien que lo merece. Porque est\u00e1 presidido por un af\u00e1n de verdad y comprensi\u00f3n. Porque esa verdad escueta, ligada a fuentes ricas e incontestables, deja la interpretaci\u00f3n en manos del lector. Porque rescata del olvido un apasionante momento de la historia del pa\u00eds que debe ser conocido por las generaciones que nos siguen. Y porque delata cu\u00e1nto desorden y desgobierno trajeron quienes dec\u00edan actuar en nombre del orden y la civilizaci\u00f3n. Hay en esta \u2018obligaci\u00f3n\u2019 de saber un imperativo moral que no puede dejar de escucharse. El localismo historiogr\u00e1fico es ret\u00f3rico, conmemorativo, anecd\u00f3tico y confunde \u201cvariedad\u201d con \u201cexcepcionalidad\u201d. La verdadera historia local, sin embargo, se centra en personas, lugares o hechos concretos pero en contante di\u00e1logo con la historia comarcal y nacional lo que permite hacer m\u00e1s comprensible y variado el entramado general a trav\u00e9s de una realidad concreta. Esta es la naturaleza de este \u201cestudio de caso\u201d y su macabro dance de la Historia, <em>Un paso adelante y cien atr\u00e1s<\/em>.<\/p>\n<p>&nbsp;<\/p>\n<p>&nbsp;<\/p>\n<p><img decoding=\"async\" class=\"size-large wp-image-15980 alignleft\" src=\"http:\/\/www.andalan.es\/wp-content\/uploads\/2-Ballar\u00edn-\u00c9pila-707x1024.jpg\" alt=\"\" width=\"640\" height=\"927\" srcset=\"https:\/\/www.andalan.es\/wp-content\/uploads\/2-Ballar\u00edn-\u00c9pila-103x150.jpg 103w, https:\/\/www.andalan.es\/wp-content\/uploads\/2-Ballar\u00edn-\u00c9pila-200x290.jpg 200w, https:\/\/www.andalan.es\/wp-content\/uploads\/2-Ballar\u00edn-\u00c9pila-207x300.jpg 207w, https:\/\/www.andalan.es\/wp-content\/uploads\/2-Ballar\u00edn-\u00c9pila-400x580.jpg 400w, https:\/\/www.andalan.es\/wp-content\/uploads\/2-Ballar\u00edn-\u00c9pila-414x600.jpg 414w, https:\/\/www.andalan.es\/wp-content\/uploads\/2-Ballar\u00edn-\u00c9pila-600x870.jpg 600w, https:\/\/www.andalan.es\/wp-content\/uploads\/2-Ballar\u00edn-\u00c9pila-707x1024.jpg 707w, https:\/\/www.andalan.es\/wp-content\/uploads\/2-Ballar\u00edn-\u00c9pila.jpg 750w\" sizes=\"(max-width: 640px) 100vw, 640px\" \/>Manuel Ballar\u00edn Aured<\/p>\n<p><em>Un paso adelante, cien atr\u00e1s. \u00c9pila, 1931-1939<\/em><\/p>\n<p>Ed. Comuniter, <em>Colecci\u00f3n Es un decir<\/em>, n\u00ba 20<\/p>\n<p>Zaragoza, abril 2020<\/p>\n<p>617 p\u00e1gs.<\/p>\n","protected":false},"excerpt":{"rendered":"<p>Ladrillo a ladrillo hasta levantar un potente edificio, una s\u00f3lida [&#8230;]<\/p>\n","protected":false},"author":1,"featured_media":15980,"comment_status":"closed","ping_status":"closed","sticky":false,"template":"","format":"standard","meta":{"_acf_changed":false,"footnotes":""},"categories":[40],"tags":[6806,3992,6808,6807,6805,6803,6804,305],"serie":[7705],"class_list":["post-15979","post","type-post","status-publish","format-standard","has-post-thumbnail","hentry","category-publicaciones","tag-alfonso-de-silva-campbell","tag-carlos-mas-arrondo","tag-conde-de-aranda-marques-viudo-de-camarasa-y-conde-de-ricla","tag-duque-de-hijar","tag-jose-antonio-rey-corral","tag-manuel-ballarin-aured","tag-pio-moa","tag-vicente-cazcarra","serie-carlos-mas-arrondo"],"acf":[],"yoast_head":"<!-- This site is optimized with the Yoast SEO plugin v26.1.1 - https:\/\/yoast.com\/wordpress\/plugins\/seo\/ -->\n<title>El macabro dance de la Historia en un estudio de caso - Andal\u00e1n.es<\/title>\n<meta name=\"robots\" content=\"index, follow, max-snippet:-1, max-image-preview:large, max-video-preview:-1\" \/>\n<link rel=\"canonical\" href=\"https:\/\/www.andalan.es\/?p=15979\" \/>\n<meta property=\"og:locale\" content=\"es_ES\" \/>\n<meta property=\"og:type\" content=\"article\" \/>\n<meta property=\"og:title\" content=\"El macabro dance de la Historia en un estudio de caso - Andal\u00e1n.es\" \/>\n<meta property=\"og:description\" content=\"Ladrillo a ladrillo hasta levantar un potente edificio, una s\u00f3lida [...]\" \/>\n<meta property=\"og:url\" content=\"https:\/\/www.andalan.es\/?p=15979\" \/>\n<meta property=\"og:site_name\" content=\"Andal\u00e1n.es\" \/>\n<meta property=\"article:published_time\" content=\"2020-10-24T10:58:35+00:00\" \/>\n<meta property=\"article:modified_time\" content=\"2022-03-02T16:09:31+00:00\" \/>\n<meta property=\"og:image\" content=\"https:\/\/www.andalan.es\/wp-content\/uploads\/2-Ballar\u00edn-\u00c9pila.jpg\" \/>\n\t<meta property=\"og:image:width\" content=\"750\" \/>\n\t<meta property=\"og:image:height\" content=\"1087\" \/>\n\t<meta property=\"og:image:type\" content=\"image\/jpeg\" \/>\n<meta name=\"author\" content=\"Andal\u00e1n\" \/>\n<meta name=\"twitter:card\" content=\"summary_large_image\" \/>\n<meta name=\"twitter:label1\" content=\"Escrito por\" \/>\n\t<meta name=\"twitter:data1\" content=\"Andal\u00e1n\" \/>\n\t<meta name=\"twitter:label2\" content=\"Tiempo de lectura\" \/>\n\t<meta name=\"twitter:data2\" content=\"8 minutos\" \/>\n<script type=\"application\/ld+json\" class=\"yoast-schema-graph\">{\"@context\":\"https:\/\/schema.org\",\"@graph\":[{\"@type\":\"WebPage\",\"@id\":\"https:\/\/www.andalan.es\/?p=15979\",\"url\":\"https:\/\/www.andalan.es\/?p=15979\",\"name\":\"El macabro dance de la Historia en un estudio de caso - Andal\u00e1n.es\",\"isPartOf\":{\"@id\":\"https:\/\/www.andalan.es\/#website\"},\"primaryImageOfPage\":{\"@id\":\"https:\/\/www.andalan.es\/?p=15979#primaryimage\"},\"image\":{\"@id\":\"https:\/\/www.andalan.es\/?p=15979#primaryimage\"},\"thumbnailUrl\":\"https:\/\/www.andalan.es\/wp-content\/uploads\/2-Ballar\u00edn-\u00c9pila.jpg\",\"datePublished\":\"2020-10-24T10:58:35+00:00\",\"dateModified\":\"2022-03-02T16:09:31+00:00\",\"author\":{\"@id\":\"https:\/\/www.andalan.es\/#\/schema\/person\/d91b6ba549757f41431f8d99ed604c79\"},\"breadcrumb\":{\"@id\":\"https:\/\/www.andalan.es\/?p=15979#breadcrumb\"},\"inLanguage\":\"es\",\"potentialAction\":[{\"@type\":\"ReadAction\",\"target\":[\"https:\/\/www.andalan.es\/?p=15979\"]}]},{\"@type\":\"ImageObject\",\"inLanguage\":\"es\",\"@id\":\"https:\/\/www.andalan.es\/?p=15979#primaryimage\",\"url\":\"https:\/\/www.andalan.es\/wp-content\/uploads\/2-Ballar\u00edn-\u00c9pila.jpg\",\"contentUrl\":\"https:\/\/www.andalan.es\/wp-content\/uploads\/2-Ballar\u00edn-\u00c9pila.jpg\",\"width\":750,\"height\":1087},{\"@type\":\"BreadcrumbList\",\"@id\":\"https:\/\/www.andalan.es\/?p=15979#breadcrumb\",\"itemListElement\":[{\"@type\":\"ListItem\",\"position\":1,\"name\":\"andal\u00e1n.es\",\"item\":\"https:\/\/www.andalan.es\/\"},{\"@type\":\"ListItem\",\"position\":2,\"name\":\"El macabro dance de la Historia en un estudio de caso\"}]},{\"@type\":\"WebSite\",\"@id\":\"https:\/\/www.andalan.es\/#website\",\"url\":\"https:\/\/www.andalan.es\/\",\"name\":\"Andal\u00e1n.es\",\"description\":\"Andal\u00e1n.es\",\"potentialAction\":[{\"@type\":\"SearchAction\",\"target\":{\"@type\":\"EntryPoint\",\"urlTemplate\":\"https:\/\/www.andalan.es\/?s={search_term_string}\"},\"query-input\":{\"@type\":\"PropertyValueSpecification\",\"valueRequired\":true,\"valueName\":\"search_term_string\"}}],\"inLanguage\":\"es\"},{\"@type\":\"Person\",\"@id\":\"https:\/\/www.andalan.es\/#\/schema\/person\/d91b6ba549757f41431f8d99ed604c79\",\"name\":\"Andal\u00e1n\",\"url\":\"https:\/\/www.andalan.es\/?author=1\"}]}<\/script>\n<!-- \/ Yoast SEO plugin. -->","yoast_head_json":{"title":"El macabro dance de la Historia en un estudio de caso - Andal\u00e1n.es","robots":{"index":"index","follow":"follow","max-snippet":"max-snippet:-1","max-image-preview":"max-image-preview:large","max-video-preview":"max-video-preview:-1"},"canonical":"https:\/\/www.andalan.es\/?p=15979","og_locale":"es_ES","og_type":"article","og_title":"El macabro dance de la Historia en un estudio de caso - Andal\u00e1n.es","og_description":"Ladrillo a ladrillo hasta levantar un potente edificio, una s\u00f3lida [...]","og_url":"https:\/\/www.andalan.es\/?p=15979","og_site_name":"Andal\u00e1n.es","article_published_time":"2020-10-24T10:58:35+00:00","article_modified_time":"2022-03-02T16:09:31+00:00","og_image":[{"width":750,"height":1087,"url":"https:\/\/www.andalan.es\/wp-content\/uploads\/2-Ballar\u00edn-\u00c9pila.jpg","type":"image\/jpeg"}],"author":"Andal\u00e1n","twitter_card":"summary_large_image","twitter_misc":{"Escrito por":"Andal\u00e1n","Tiempo de lectura":"8 minutos"},"schema":{"@context":"https:\/\/schema.org","@graph":[{"@type":"WebPage","@id":"https:\/\/www.andalan.es\/?p=15979","url":"https:\/\/www.andalan.es\/?p=15979","name":"El macabro dance de la Historia en un estudio de caso - Andal\u00e1n.es","isPartOf":{"@id":"https:\/\/www.andalan.es\/#website"},"primaryImageOfPage":{"@id":"https:\/\/www.andalan.es\/?p=15979#primaryimage"},"image":{"@id":"https:\/\/www.andalan.es\/?p=15979#primaryimage"},"thumbnailUrl":"https:\/\/www.andalan.es\/wp-content\/uploads\/2-Ballar\u00edn-\u00c9pila.jpg","datePublished":"2020-10-24T10:58:35+00:00","dateModified":"2022-03-02T16:09:31+00:00","author":{"@id":"https:\/\/www.andalan.es\/#\/schema\/person\/d91b6ba549757f41431f8d99ed604c79"},"breadcrumb":{"@id":"https:\/\/www.andalan.es\/?p=15979#breadcrumb"},"inLanguage":"es","potentialAction":[{"@type":"ReadAction","target":["https:\/\/www.andalan.es\/?p=15979"]}]},{"@type":"ImageObject","inLanguage":"es","@id":"https:\/\/www.andalan.es\/?p=15979#primaryimage","url":"https:\/\/www.andalan.es\/wp-content\/uploads\/2-Ballar\u00edn-\u00c9pila.jpg","contentUrl":"https:\/\/www.andalan.es\/wp-content\/uploads\/2-Ballar\u00edn-\u00c9pila.jpg","width":750,"height":1087},{"@type":"BreadcrumbList","@id":"https:\/\/www.andalan.es\/?p=15979#breadcrumb","itemListElement":[{"@type":"ListItem","position":1,"name":"andal\u00e1n.es","item":"https:\/\/www.andalan.es\/"},{"@type":"ListItem","position":2,"name":"El macabro dance de la Historia en un estudio de caso"}]},{"@type":"WebSite","@id":"https:\/\/www.andalan.es\/#website","url":"https:\/\/www.andalan.es\/","name":"Andal\u00e1n.es","description":"Andal\u00e1n.es","potentialAction":[{"@type":"SearchAction","target":{"@type":"EntryPoint","urlTemplate":"https:\/\/www.andalan.es\/?s={search_term_string}"},"query-input":{"@type":"PropertyValueSpecification","valueRequired":true,"valueName":"search_term_string"}}],"inLanguage":"es"},{"@type":"Person","@id":"https:\/\/www.andalan.es\/#\/schema\/person\/d91b6ba549757f41431f8d99ed604c79","name":"Andal\u00e1n","url":"https:\/\/www.andalan.es\/?author=1"}]}},"_links":{"self":[{"href":"https:\/\/www.andalan.es\/index.php?rest_route=\/wp\/v2\/posts\/15979","targetHints":{"allow":["GET"]}}],"collection":[{"href":"https:\/\/www.andalan.es\/index.php?rest_route=\/wp\/v2\/posts"}],"about":[{"href":"https:\/\/www.andalan.es\/index.php?rest_route=\/wp\/v2\/types\/post"}],"author":[{"embeddable":true,"href":"https:\/\/www.andalan.es\/index.php?rest_route=\/wp\/v2\/users\/1"}],"replies":[{"embeddable":true,"href":"https:\/\/www.andalan.es\/index.php?rest_route=%2Fwp%2Fv2%2Fcomments&post=15979"}],"version-history":[{"count":1,"href":"https:\/\/www.andalan.es\/index.php?rest_route=\/wp\/v2\/posts\/15979\/revisions"}],"predecessor-version":[{"id":15981,"href":"https:\/\/www.andalan.es\/index.php?rest_route=\/wp\/v2\/posts\/15979\/revisions\/15981"}],"wp:featuredmedia":[{"embeddable":true,"href":"https:\/\/www.andalan.es\/index.php?rest_route=\/wp\/v2\/media\/15980"}],"wp:attachment":[{"href":"https:\/\/www.andalan.es\/index.php?rest_route=%2Fwp%2Fv2%2Fmedia&parent=15979"}],"wp:term":[{"taxonomy":"category","embeddable":true,"href":"https:\/\/www.andalan.es\/index.php?rest_route=%2Fwp%2Fv2%2Fcategories&post=15979"},{"taxonomy":"post_tag","embeddable":true,"href":"https:\/\/www.andalan.es\/index.php?rest_route=%2Fwp%2Fv2%2Ftags&post=15979"},{"taxonomy":"serie","embeddable":true,"href":"https:\/\/www.andalan.es\/index.php?rest_route=%2Fwp%2Fv2%2Fserie&post=15979"}],"curies":[{"name":"wp","href":"https:\/\/api.w.org\/{rel}","templated":true}]}}