{"id":16990,"date":"2022-02-06T11:50:57","date_gmt":"2022-02-06T10:50:57","guid":{"rendered":"http:\/\/www.andalan.es\/?p=16990"},"modified":"2022-03-02T17:10:02","modified_gmt":"2022-03-02T16:10:02","slug":"con-la-iglesia-hemos-topado","status":"publish","type":"post","link":"https:\/\/www.andalan.es\/?p=16990","title":{"rendered":"Con la Iglesia hemos topado"},"content":{"rendered":"<p class=\"article-body__text article-body__text--entry article-body__text-middle\"><img decoding=\"async\" class=\"n3VNCb\" src=\"https:\/\/static1.abc.es\/media\/opinion\/2022\/02\/02\/iglesiaedi-U30866115970BAH--1200x630@abc.png\" alt=\"Editorial ABC: Todos los abusos sexuales, dentro y fuera de la Iglesia\" \/>Espa\u00f1a es un pa\u00eds extra\u00f1o, un tanto peculiar. Es un pa\u00eds excepcional. En esta Espa\u00f1a nuestra existen algunas instituciones intocables. No se te ocurra criticarlas, porque corres el peligro de ser acusado de antipatriota, o incluso, de ser denunciado. Me refiero al Altar, el Trono, el Sable, la Toga y el Dinero. Tales instituciones muy ensambladas se autoprotegen. Nuestra historia muestra que todas ellas han supuesto un gran obst\u00e1culo para el progreso del pa\u00eds. As\u00ed calific\u00f3 el historiador <strong>Juan Pro<\/strong> el retorno de <strong>Fernando VII<\/strong> en 1814: \u00abla opci\u00f3n de mantener a los Borbones demostr\u00f3 ser un suicidio pol\u00edtico para cuantos luchaban por las libertades y por un estado representativo\u00bb. La Iglesia cat\u00f3lica calific\u00f3 como \u00abcruzada nacional\u00bb al golpe militar\u00bb \u2013uno de los primeros prelados en hacerlo fue <strong>Rigoberto Dom\u00e9nech<\/strong>, arzobispo de Zaragoza\u2013 y apoy\u00f3 incondicionalmente a la dictadura; y ya en democracia se opuso al divorcio, al aborto, al matrimonio homosexual y la eutanasia; y no ha criticado las acciones ejemplares del Em\u00e9rito o los chats de jubilados del Ej\u00e9rcito, que hablaban de fusilar a 26 millones de espa\u00f1oles, adem\u00e1s de instar a un golpe militar.<\/p>\n<div class=\"article-body--seo-closed\">\n<p class=\"article-body__text \">Dos generales implantaron dos dictaduras en el siglo XX. La justicia no ha hecho nada por investigar los cr\u00edmenes del franquismo. Los empresarios no han sido llevados a los tribunales por financiar la caja B de un Partido, paradigma del patriotismo. \u00bfAlguna responsabilidad habr\u00e1n tenido los gerifaltes de los Consejos de Administraci\u00f3n de las grandes constructoras beneficiadas con las concesiones de grandes obras p\u00fablicas? Algunos empresarios regalan yates al Rey. \u00bfPor altruismo? \u00bfO por alg\u00fan beneficio en Oriente Medio? <strong>Felipe VI<\/strong> se decant\u00f3 por una opci\u00f3n religiosa el pasado 25 de julio: \u00abHoy, en la Catedral donde convergen todos los caminos y donde habita para la eternidad el Ap\u00f3stol Santiago, renovamos la ofrenda de un pueblo que quiere ser agradecido\u00bb. Pero, vamos a ver, \u00bfcon qu\u00e9 derecho puede realizar una ofrenda al ap\u00f3stol Santiago en nombre de todos los espa\u00f1oles, sean estos cat\u00f3licos, protestantes, musulmanes, ateos, agn\u00f3sticos&#8230;? Pues, \u00bfno estamos en un Estado aconfesional, como establece nuestra Constituci\u00f3n en su art\u00edculo 16.3?<\/p>\n<p class=\"article-body__text \">Pero, hoy me referir\u00e9 a la Iglesia cat\u00f3lica espa\u00f1ola y a un tema muy escabroso. El testimonio del escritor y ganador del Premio Nadal de 2018, <strong>Alejando Palomas<\/strong>, en la Cadena Ser es estremecedor, al denunciar los abusos sexuales, que sufri\u00f3 cuando era ni\u00f1o a manos de un religioso. A trav\u00e9s del secretario general de la Conferencia Episcopal Espa\u00f1ola, monse\u00f1or <strong>Luis Arg\u00fcello<\/strong>, ha descartado \u2013hasta el momento\u2013 investigar de verdad los abusos sexuales a menores cometidos por religiosos. Este posicionamiento contrasta con el reconocimiento que el papa <strong>Francisco<\/strong> ha hecho de los errores de la Iglesia en el manejo de las denuncias de abuso, con su llamada a terminar con la negligencia frente a estos actos, y con los profundos procesos impulsados en otros pa\u00edses para conocer la verdad, erradicar esta lacra y reparar el da\u00f1o a las v\u00edctimas. En Francia la Iglesia cat\u00f3lica reconoci\u00f3 su responsabilidad institucional y la dimensi\u00f3n sist\u00e9mica de los ataques; ya que unas 330.000 personas sufrieron abusos por unos 3.200 religiosos en los \u00faltimos 60 a\u00f1os.<\/p>\n<div id=\"nlt_signup_botton\" class=\"article-body__text nx-piano--offer nx-piano--offer--signup-button-body\"><\/div>\n<p class=\"article-body__text \">El Presidente de la Conferencia Episcopal Francesa, <strong>\u00c9ric Moulins-Beaufort<\/strong> ha reconocido su responsabilidad institucional, y su culpabilidad por falta de control interno y el haber cerrado los ojos ante el problema. Por ello, afirm\u00f3 que es un deber de justicia una reparaci\u00f3n. El episcopado franc\u00e9s ha declarado que vender\u00e1n bienes, y si es necesario, se solicitar\u00e1n pr\u00e9stamos para hacer las indemnizaciones precisas. En Alemania la Iglesia financi\u00f3 un estudi\u00f3 que hall\u00f3 3. 677 casos entre 1946 y 2014. En Estados Unidos muchas di\u00f3cesis se han declarado en bancarrota por las indemnizaciones a los sobrevivientes de los abusos. En Espa\u00f1a la Iglesia Cat\u00f3lica apenas reconoce 220 episodios de abusos de este tipo de 2001 a la fecha. \u00bfLos religiosos espa\u00f1oles son m\u00e1s castos que los franceses, alemanes o norteamericanos?<\/p>\n<p class=\"article-body__text \">\u00bfLa nula disposici\u00f3n de la c\u00fapula clerical hisp\u00e1nica para esclarecer y subsanar estos delitos sexuales est\u00e1 relacionada con su enorme poder econ\u00f3mico e influencia pol\u00edtica, medi\u00e1tica y social de que disfruta? No hay que olvidar que en Espa\u00f1a la Iglesia cat\u00f3lica ha gozado siempre de grandes privilegios en la dictadura y tambi\u00e9n la democracia ha sido muy generosa con ella, estando fuertemente subvencionada por el Estado. Seg\u00fan Europa Laica, el pago de salarios y costos sociales de las 19.000 personas que imparten religi\u00f3n en los centros educativos asciende a 600 millones de euros anuales; si a\u00f1adimos todas las subvenciones y exenciones fiscales, el aporte estatal asciende a 11.000 millones de euros al a\u00f1o, m\u00e1s de 1% del producto interno bruto. La persistencia de estos subsidios, su arrogancia y displicencia ante el sufrimiento de las v\u00edctimas de abuso sexual, y la pasividad de las autoridades pol\u00edticas \u2013hasta ahora\u2013 y judiciales, nos retrotraen a tiempos pasados de triste recuerdo. Parece que se va a constituir una Comisi\u00f3n de investigaci\u00f3n en el Congreso. \u00a1Qu\u00e9 menos! A ver si nos dejamos de consideraciones pol\u00edticas.<\/p>\n<p class=\"article-body__text \">Esclarecer y castigar estos delitos no es de derechas ni de izquierdas. Es una cuesti\u00f3n de dignidad. Una sociedad digna no puede permanecer pasiva ante unos hechos tan vergonzosos.<\/p>\n<\/div>\n<p>Publicado en El Peri\u00f3dico de Arag\u00f3n, 5 de febrero de 2022<\/p>\n","protected":false},"excerpt":{"rendered":"<p>Espa\u00f1a es un pa\u00eds extra\u00f1o, un tanto peculiar. Es un [&#8230;]<\/p>\n","protected":false},"author":876,"featured_media":17679,"comment_status":"closed","ping_status":"closed","sticky":false,"template":"","format":"standard","meta":{"_acf_changed":false,"footnotes":""},"categories":[1062],"tags":[7484],"serie":[7630],"class_list":["post-16990","post","type-post","status-publish","format-standard","has-post-thumbnail","hentry","category-obscenidades","tag-alejandro-palomas","serie-candido-marquesan-millan"],"acf":[],"yoast_head":"<!-- This site is optimized with the Yoast SEO plugin v26.1.1 - https:\/\/yoast.com\/wordpress\/plugins\/seo\/ -->\n<title>Con la Iglesia hemos topado - Andal\u00e1n.es<\/title>\n<meta name=\"robots\" content=\"index, follow, max-snippet:-1, max-image-preview:large, max-video-preview:-1\" \/>\n<link rel=\"canonical\" href=\"https:\/\/www.andalan.es\/?p=16990\" \/>\n<meta property=\"og:locale\" content=\"es_ES\" \/>\n<meta property=\"og:type\" content=\"article\" \/>\n<meta property=\"og:title\" content=\"Con la Iglesia hemos topado - Andal\u00e1n.es\" \/>\n<meta property=\"og:description\" content=\"Espa\u00f1a es un pa\u00eds extra\u00f1o, un tanto peculiar. Es un [...]\" \/>\n<meta property=\"og:url\" content=\"https:\/\/www.andalan.es\/?p=16990\" \/>\n<meta property=\"og:site_name\" content=\"Andal\u00e1n.es\" \/>\n<meta property=\"article:published_time\" content=\"2022-02-06T10:50:57+00:00\" \/>\n<meta property=\"article:modified_time\" content=\"2022-03-02T16:10:02+00:00\" \/>\n<meta property=\"og:image\" content=\"https:\/\/www.andalan.es\/wp-content\/uploads\/ico_documentos2.jpg\" \/>\n\t<meta property=\"og:image:width\" content=\"150\" \/>\n\t<meta property=\"og:image:height\" content=\"150\" \/>\n\t<meta property=\"og:image:type\" content=\"image\/jpeg\" \/>\n<meta name=\"author\" content=\"C\u00e1ndido Marques\u00e1n Mill\u00e1n\" \/>\n<meta name=\"twitter:card\" content=\"summary_large_image\" \/>\n<meta name=\"twitter:label1\" content=\"Escrito por\" \/>\n\t<meta name=\"twitter:data1\" content=\"C\u00e1ndido Marques\u00e1n Mill\u00e1n\" \/>\n\t<meta name=\"twitter:label2\" content=\"Tiempo de lectura\" \/>\n\t<meta name=\"twitter:data2\" content=\"5 minutos\" \/>\n<script type=\"application\/ld+json\" class=\"yoast-schema-graph\">{\"@context\":\"https:\/\/schema.org\",\"@graph\":[{\"@type\":\"WebPage\",\"@id\":\"https:\/\/www.andalan.es\/?p=16990\",\"url\":\"https:\/\/www.andalan.es\/?p=16990\",\"name\":\"Con la Iglesia hemos topado - Andal\u00e1n.es\",\"isPartOf\":{\"@id\":\"https:\/\/www.andalan.es\/#website\"},\"primaryImageOfPage\":{\"@id\":\"https:\/\/www.andalan.es\/?p=16990#primaryimage\"},\"image\":{\"@id\":\"https:\/\/www.andalan.es\/?p=16990#primaryimage\"},\"thumbnailUrl\":\"https:\/\/www.andalan.es\/wp-content\/uploads\/ico_documentos2.jpg\",\"datePublished\":\"2022-02-06T10:50:57+00:00\",\"dateModified\":\"2022-03-02T16:10:02+00:00\",\"author\":{\"@id\":\"https:\/\/www.andalan.es\/#\/schema\/person\/ed0ee1026d7888329b1dddbc2a407b8f\"},\"breadcrumb\":{\"@id\":\"https:\/\/www.andalan.es\/?p=16990#breadcrumb\"},\"inLanguage\":\"es\",\"potentialAction\":[{\"@type\":\"ReadAction\",\"target\":[\"https:\/\/www.andalan.es\/?p=16990\"]}]},{\"@type\":\"ImageObject\",\"inLanguage\":\"es\",\"@id\":\"https:\/\/www.andalan.es\/?p=16990#primaryimage\",\"url\":\"https:\/\/www.andalan.es\/wp-content\/uploads\/ico_documentos2.jpg\",\"contentUrl\":\"https:\/\/www.andalan.es\/wp-content\/uploads\/ico_documentos2.jpg\",\"width\":150,\"height\":150},{\"@type\":\"BreadcrumbList\",\"@id\":\"https:\/\/www.andalan.es\/?p=16990#breadcrumb\",\"itemListElement\":[{\"@type\":\"ListItem\",\"position\":1,\"name\":\"andal\u00e1n.es\",\"item\":\"https:\/\/www.andalan.es\/\"},{\"@type\":\"ListItem\",\"position\":2,\"name\":\"Con la Iglesia hemos topado\"}]},{\"@type\":\"WebSite\",\"@id\":\"https:\/\/www.andalan.es\/#website\",\"url\":\"https:\/\/www.andalan.es\/\",\"name\":\"Andal\u00e1n.es\",\"description\":\"Andal\u00e1n.es\",\"potentialAction\":[{\"@type\":\"SearchAction\",\"target\":{\"@type\":\"EntryPoint\",\"urlTemplate\":\"https:\/\/www.andalan.es\/?s={search_term_string}\"},\"query-input\":{\"@type\":\"PropertyValueSpecification\",\"valueRequired\":true,\"valueName\":\"search_term_string\"}}],\"inLanguage\":\"es\"},{\"@type\":\"Person\",\"@id\":\"https:\/\/www.andalan.es\/#\/schema\/person\/ed0ee1026d7888329b1dddbc2a407b8f\",\"name\":\"C\u00e1ndido Marques\u00e1n Mill\u00e1n\",\"url\":\"https:\/\/www.andalan.es\/?author=876\"}]}<\/script>\n<!-- \/ Yoast SEO plugin. -->","yoast_head_json":{"title":"Con la Iglesia hemos topado - Andal\u00e1n.es","robots":{"index":"index","follow":"follow","max-snippet":"max-snippet:-1","max-image-preview":"max-image-preview:large","max-video-preview":"max-video-preview:-1"},"canonical":"https:\/\/www.andalan.es\/?p=16990","og_locale":"es_ES","og_type":"article","og_title":"Con la Iglesia hemos topado - Andal\u00e1n.es","og_description":"Espa\u00f1a es un pa\u00eds extra\u00f1o, un tanto peculiar. Es un [...]","og_url":"https:\/\/www.andalan.es\/?p=16990","og_site_name":"Andal\u00e1n.es","article_published_time":"2022-02-06T10:50:57+00:00","article_modified_time":"2022-03-02T16:10:02+00:00","og_image":[{"width":150,"height":150,"url":"https:\/\/www.andalan.es\/wp-content\/uploads\/ico_documentos2.jpg","type":"image\/jpeg"}],"author":"C\u00e1ndido Marques\u00e1n Mill\u00e1n","twitter_card":"summary_large_image","twitter_misc":{"Escrito por":"C\u00e1ndido Marques\u00e1n Mill\u00e1n","Tiempo de lectura":"5 minutos"},"schema":{"@context":"https:\/\/schema.org","@graph":[{"@type":"WebPage","@id":"https:\/\/www.andalan.es\/?p=16990","url":"https:\/\/www.andalan.es\/?p=16990","name":"Con la Iglesia hemos topado - Andal\u00e1n.es","isPartOf":{"@id":"https:\/\/www.andalan.es\/#website"},"primaryImageOfPage":{"@id":"https:\/\/www.andalan.es\/?p=16990#primaryimage"},"image":{"@id":"https:\/\/www.andalan.es\/?p=16990#primaryimage"},"thumbnailUrl":"https:\/\/www.andalan.es\/wp-content\/uploads\/ico_documentos2.jpg","datePublished":"2022-02-06T10:50:57+00:00","dateModified":"2022-03-02T16:10:02+00:00","author":{"@id":"https:\/\/www.andalan.es\/#\/schema\/person\/ed0ee1026d7888329b1dddbc2a407b8f"},"breadcrumb":{"@id":"https:\/\/www.andalan.es\/?p=16990#breadcrumb"},"inLanguage":"es","potentialAction":[{"@type":"ReadAction","target":["https:\/\/www.andalan.es\/?p=16990"]}]},{"@type":"ImageObject","inLanguage":"es","@id":"https:\/\/www.andalan.es\/?p=16990#primaryimage","url":"https:\/\/www.andalan.es\/wp-content\/uploads\/ico_documentos2.jpg","contentUrl":"https:\/\/www.andalan.es\/wp-content\/uploads\/ico_documentos2.jpg","width":150,"height":150},{"@type":"BreadcrumbList","@id":"https:\/\/www.andalan.es\/?p=16990#breadcrumb","itemListElement":[{"@type":"ListItem","position":1,"name":"andal\u00e1n.es","item":"https:\/\/www.andalan.es\/"},{"@type":"ListItem","position":2,"name":"Con la Iglesia hemos topado"}]},{"@type":"WebSite","@id":"https:\/\/www.andalan.es\/#website","url":"https:\/\/www.andalan.es\/","name":"Andal\u00e1n.es","description":"Andal\u00e1n.es","potentialAction":[{"@type":"SearchAction","target":{"@type":"EntryPoint","urlTemplate":"https:\/\/www.andalan.es\/?s={search_term_string}"},"query-input":{"@type":"PropertyValueSpecification","valueRequired":true,"valueName":"search_term_string"}}],"inLanguage":"es"},{"@type":"Person","@id":"https:\/\/www.andalan.es\/#\/schema\/person\/ed0ee1026d7888329b1dddbc2a407b8f","name":"C\u00e1ndido Marques\u00e1n Mill\u00e1n","url":"https:\/\/www.andalan.es\/?author=876"}]}},"_links":{"self":[{"href":"https:\/\/www.andalan.es\/index.php?rest_route=\/wp\/v2\/posts\/16990","targetHints":{"allow":["GET"]}}],"collection":[{"href":"https:\/\/www.andalan.es\/index.php?rest_route=\/wp\/v2\/posts"}],"about":[{"href":"https:\/\/www.andalan.es\/index.php?rest_route=\/wp\/v2\/types\/post"}],"author":[{"embeddable":true,"href":"https:\/\/www.andalan.es\/index.php?rest_route=\/wp\/v2\/users\/876"}],"replies":[{"embeddable":true,"href":"https:\/\/www.andalan.es\/index.php?rest_route=%2Fwp%2Fv2%2Fcomments&post=16990"}],"version-history":[{"count":2,"href":"https:\/\/www.andalan.es\/index.php?rest_route=\/wp\/v2\/posts\/16990\/revisions"}],"predecessor-version":[{"id":16992,"href":"https:\/\/www.andalan.es\/index.php?rest_route=\/wp\/v2\/posts\/16990\/revisions\/16992"}],"wp:featuredmedia":[{"embeddable":true,"href":"https:\/\/www.andalan.es\/index.php?rest_route=\/wp\/v2\/media\/17679"}],"wp:attachment":[{"href":"https:\/\/www.andalan.es\/index.php?rest_route=%2Fwp%2Fv2%2Fmedia&parent=16990"}],"wp:term":[{"taxonomy":"category","embeddable":true,"href":"https:\/\/www.andalan.es\/index.php?rest_route=%2Fwp%2Fv2%2Fcategories&post=16990"},{"taxonomy":"post_tag","embeddable":true,"href":"https:\/\/www.andalan.es\/index.php?rest_route=%2Fwp%2Fv2%2Ftags&post=16990"},{"taxonomy":"serie","embeddable":true,"href":"https:\/\/www.andalan.es\/index.php?rest_route=%2Fwp%2Fv2%2Fserie&post=16990"}],"curies":[{"name":"wp","href":"https:\/\/api.w.org\/{rel}","templated":true}]}}