{"id":1914,"date":"2010-05-06T17:45:17","date_gmt":"2010-05-06T16:45:17","guid":{"rendered":"http:\/\/www.andalan.es\/?p=1914"},"modified":"2022-03-02T17:02:27","modified_gmt":"2022-03-02T16:02:27","slug":"la-condicion-del-escorpion","status":"publish","type":"post","link":"https:\/\/www.andalan.es\/?p=1914","title":{"rendered":"La condici\u00f3n del escorpi\u00f3n"},"content":{"rendered":"<p><a href=\"http:\/\/www.andalan.es\/wp-content\/uploads\/Scorpion_Frog.jpg\"><img decoding=\"async\" class=\"alignright size-medium wp-image-1915\" title=\"Scorpion_Frog\" src=\"http:\/\/www.andalan.es\/wp-content\/uploads\/Scorpion_Frog-300x196.jpg\" alt=\"\" width=\"300\" height=\"196\" srcset=\"https:\/\/www.andalan.es\/wp-content\/uploads\/Scorpion_Frog-150x98.jpg 150w, https:\/\/www.andalan.es\/wp-content\/uploads\/Scorpion_Frog-200x131.jpg 200w, https:\/\/www.andalan.es\/wp-content\/uploads\/Scorpion_Frog-300x196.jpg 300w, https:\/\/www.andalan.es\/wp-content\/uploads\/Scorpion_Frog-400x261.jpg 400w, https:\/\/www.andalan.es\/wp-content\/uploads\/Scorpion_Frog.jpg 587w\" sizes=\"(max-width: 300px) 100vw, 300px\" \/><\/a>Mientras los trabajadores de Grecia se rebelan en las calles, en una explosi\u00f3n de rabia incontenible, por los sacrificios que se les exigen con la excusa de remontar la quiebra de su pa\u00eds, los or\u00e1culos de la econom\u00eda internacional advierten a los espa\u00f1oles aquello de \u00abcuando veas las barbas de tu vecino pelar&#8230;\u00bb. Ninguno de estos profetas de las finanzas como Standard &amp; Poor&#8217;s o el Financial Times abrieron sus bocas para advertir sobre las consecuencias del modelo econ\u00f3mico desarrollado durante el periodo del gobierno del PP entre 1996 y el 2004. Las privatizaciones se fueron sucediendo sin que la eficiencia ni la rentabilidad de empresas como Endesa, Telef\u00f3nica o Repsol sirvieran para dar mejores servicios ni abaratar los costes al consumidor. Sin embargo, la liberalizaci\u00f3n de estos sectores produjo un enriquecimiento milagroso para una determinada clase, af\u00edn a los c\u00edrculos del poder, que exponencialmente, vieron aumentar su patrimonio con la efervescencia del mejor champ\u00e1n franc\u00e9s. El miedo, esa gran baza con la que cuenta la corriente neoconservadora, ha sido otro detonante imprescindible para que la ciudadan\u00eda nos trag\u00e1ramos la p\u00edldora de la necesidad de externalizar y concertar en sanidad y educaci\u00f3n. Dos pilares de la sociedad de bienestar que ya se dibujan como el pr\u00f3ximo pelotazo de los depredadores. A lo que hay que a\u00f1adir el clima de inseguridad creado en torno a la viabilidad de las pensiones p\u00fablicas con el premeditado objetivo de hacer aparecer a los planes de pensiones privados como la \u00fanica posibilidad de garantizarnos nuestra solvencia tras la jubilaci\u00f3n.<\/p>\n<p>Tampoco alertaron del peligro que supon\u00eda \u00abla ley del suelo\u00bb, en virtud a la cual, cada cent\u00edmetro urbano o natural de nuestro territorio era superficie susceptible de ser edificada despreciando tanto la degradaci\u00f3n del resto del entramado productivo, que qued\u00f3 focalizado en el ladrillo, como la explotaci\u00f3n del patrimonio medioambiental. La filosof\u00eda del cuerno de la abundancia cal\u00f3 en la mente de la poblaci\u00f3n que, haciendo gala de una extremada candidez, se convenci\u00f3 de que toda esa riqueza estaba al alcance de nuestra mano sin demasiado esfuerzo. Esto posibilit\u00f3 la etapa de corrupci\u00f3n m\u00e1s vergonzante de nuestra democracia y nos hizo participes de una guerra ilegal e inmoral de cuyo sangriento bot\u00edn quedamos finalmente excluidos.<\/p>\n<p>Ninguno de los augures que hoy pronostican nuestra ca\u00edda en desgracia, avisaron del desastre que la especulaci\u00f3n supon\u00eda para nuestro futuro. Tras el par\u00e9ntesis solicitado en la econom\u00eda del libremercado y la transfusi\u00f3n recibida por los estados, los piratas financieros refundan su vampiresco fest\u00edn exigi\u00e9ndonos, a la clase trabajadora, que doblemos la cerviz y nos sometamos d\u00f3cilmente a la injusticia para salvar sus muebles tras la quema de la casa com\u00fan.<\/p>\n<p>Un pensamiento \u00fanico, el de la resignaci\u00f3n y la inevitabilidad de una reforma laboral lacerante, que se ha extendido entre la prensa nacional, al margen de las ideolog\u00edas o las tendencias. Un \u00fanico mensaje que nos habla de responsabilidad, realismo y austeridad (la nuestra, claro) como respuesta a la necesidad de un mercado cada vez m\u00e1s competitivo. Algo que, personalmente, me lleva a sospechar que la unanimidad y el consenso nacen m\u00e1s de la escasa imaginaci\u00f3n para plantear alternativas que de un aut\u00e9ntico acto de fe en la recuperaci\u00f3n del sistema.<\/p>\n<p>Y ya que hablamos de la fe: \u00bfQu\u00e9 les parece la petici\u00f3n de ayuda de D\u00edaz-Ferr\u00e1n al ap\u00f3stol Santiago? En esta Espa\u00f1a de charanga y pandereta, que el capo de los capataces del cortijo implore ayuda de los santos para s\u00ed mismo y sus secuaces, \u00bfno les chirr\u00eda ni un poquito? En momentos como este, renegar\u00eda gustosamente de mi ate\u00edsmo militante para desear que Santiago escuchara sus plegarias y respondiera con un contundente botafumeirazo al cinismo del presidente de la patronal.<\/p>\n<p>Como en la f\u00e1bula del escorpi\u00f3n (l\u00e9ase tiburones financieros y empresariales) y la rana (l\u00e9ase los pagadores de sus excesos, o sea la clase trabajadora), se cumple escrupulosamente la moraleja que trata de ense\u00f1arnos. Tras ayudarles a pasar el r\u00edo del caos que la codicia y la especulaci\u00f3n abri\u00f3 ante su inexorable paso, rinden honor a su naturaleza y no titubean en clavar el aguij\u00f3n en las espaldas de sus salvadores. \u00bfEs que acaso nos queda alguna duda de cu\u00e1l es la aut\u00e9ntica condici\u00f3n de todos estos alacranes? \u00bfCu\u00e1nto veneno estamos dispuestos a soportar antes de desconfiar de sus ponzo\u00f1osas proposiciones?<\/p>\n","protected":false},"excerpt":{"rendered":"<p>Mientras los trabajadores de Grecia se rebelan en las calles, [&#8230;]<\/p>\n","protected":false},"author":27,"featured_media":1915,"comment_status":"open","ping_status":"open","sticky":false,"template":"","format":"standard","meta":{"_acf_changed":false,"footnotes":""},"categories":[6,12],"tags":[373,127,499],"serie":[7530],"class_list":["post-1914","post","type-post","status-publish","format-standard","has-post-thumbnail","hentry","category-cultura","category-politica","tag-economia","tag-gerardo-diaz-ferran","tag-grecia","serie-ana-cuevas-pascual"],"acf":[],"yoast_head":"<!-- This site is optimized with the Yoast SEO plugin v26.1.1 - https:\/\/yoast.com\/wordpress\/plugins\/seo\/ -->\n<title>La condici\u00f3n del escorpi\u00f3n - Andal\u00e1n.es<\/title>\n<meta name=\"robots\" content=\"index, follow, max-snippet:-1, max-image-preview:large, max-video-preview:-1\" \/>\n<link rel=\"canonical\" href=\"https:\/\/www.andalan.es\/?p=1914\" \/>\n<meta property=\"og:locale\" content=\"es_ES\" \/>\n<meta property=\"og:type\" content=\"article\" \/>\n<meta property=\"og:title\" content=\"La condici\u00f3n del escorpi\u00f3n - Andal\u00e1n.es\" \/>\n<meta property=\"og:description\" content=\"Mientras los trabajadores de Grecia se rebelan en las calles, [...]\" \/>\n<meta property=\"og:url\" content=\"https:\/\/www.andalan.es\/?p=1914\" \/>\n<meta property=\"og:site_name\" content=\"Andal\u00e1n.es\" \/>\n<meta property=\"article:published_time\" content=\"2010-05-06T16:45:17+00:00\" \/>\n<meta property=\"article:modified_time\" content=\"2022-03-02T16:02:27+00:00\" \/>\n<meta property=\"og:image\" content=\"https:\/\/www.andalan.es\/wp-content\/uploads\/Scorpion_Frog.jpg\" \/>\n\t<meta property=\"og:image:width\" content=\"587\" \/>\n\t<meta property=\"og:image:height\" content=\"384\" \/>\n\t<meta property=\"og:image:type\" content=\"image\/jpeg\" \/>\n<meta name=\"author\" content=\"Antonio Peir\u00f3\" \/>\n<meta name=\"twitter:card\" content=\"summary_large_image\" \/>\n<meta name=\"twitter:label1\" content=\"Escrito por\" \/>\n\t<meta name=\"twitter:data1\" content=\"Antonio Peir\u00f3\" \/>\n\t<meta name=\"twitter:label2\" content=\"Tiempo de lectura\" \/>\n\t<meta name=\"twitter:data2\" content=\"4 minutos\" \/>\n<script type=\"application\/ld+json\" class=\"yoast-schema-graph\">{\"@context\":\"https:\/\/schema.org\",\"@graph\":[{\"@type\":\"WebPage\",\"@id\":\"https:\/\/www.andalan.es\/?p=1914\",\"url\":\"https:\/\/www.andalan.es\/?p=1914\",\"name\":\"La condici\u00f3n del escorpi\u00f3n - Andal\u00e1n.es\",\"isPartOf\":{\"@id\":\"https:\/\/www.andalan.es\/#website\"},\"primaryImageOfPage\":{\"@id\":\"https:\/\/www.andalan.es\/?p=1914#primaryimage\"},\"image\":{\"@id\":\"https:\/\/www.andalan.es\/?p=1914#primaryimage\"},\"thumbnailUrl\":\"https:\/\/www.andalan.es\/wp-content\/uploads\/Scorpion_Frog.jpg\",\"datePublished\":\"2010-05-06T16:45:17+00:00\",\"dateModified\":\"2022-03-02T16:02:27+00:00\",\"author\":{\"@id\":\"https:\/\/www.andalan.es\/#\/schema\/person\/c623bca2076f162ded6d3629ec81cd4f\"},\"breadcrumb\":{\"@id\":\"https:\/\/www.andalan.es\/?p=1914#breadcrumb\"},\"inLanguage\":\"es\",\"potentialAction\":[{\"@type\":\"ReadAction\",\"target\":[\"https:\/\/www.andalan.es\/?p=1914\"]}]},{\"@type\":\"ImageObject\",\"inLanguage\":\"es\",\"@id\":\"https:\/\/www.andalan.es\/?p=1914#primaryimage\",\"url\":\"https:\/\/www.andalan.es\/wp-content\/uploads\/Scorpion_Frog.jpg\",\"contentUrl\":\"https:\/\/www.andalan.es\/wp-content\/uploads\/Scorpion_Frog.jpg\",\"width\":587,\"height\":384},{\"@type\":\"BreadcrumbList\",\"@id\":\"https:\/\/www.andalan.es\/?p=1914#breadcrumb\",\"itemListElement\":[{\"@type\":\"ListItem\",\"position\":1,\"name\":\"andal\u00e1n.es\",\"item\":\"https:\/\/www.andalan.es\/\"},{\"@type\":\"ListItem\",\"position\":2,\"name\":\"La condici\u00f3n del escorpi\u00f3n\"}]},{\"@type\":\"WebSite\",\"@id\":\"https:\/\/www.andalan.es\/#website\",\"url\":\"https:\/\/www.andalan.es\/\",\"name\":\"Andal\u00e1n.es\",\"description\":\"Andal\u00e1n.es\",\"potentialAction\":[{\"@type\":\"SearchAction\",\"target\":{\"@type\":\"EntryPoint\",\"urlTemplate\":\"https:\/\/www.andalan.es\/?s={search_term_string}\"},\"query-input\":{\"@type\":\"PropertyValueSpecification\",\"valueRequired\":true,\"valueName\":\"search_term_string\"}}],\"inLanguage\":\"es\"},{\"@type\":\"Person\",\"@id\":\"https:\/\/www.andalan.es\/#\/schema\/person\/c623bca2076f162ded6d3629ec81cd4f\",\"name\":\"Antonio Peir\u00f3\",\"url\":\"https:\/\/www.andalan.es\/?author=27\"}]}<\/script>\n<!-- \/ Yoast SEO plugin. -->","yoast_head_json":{"title":"La condici\u00f3n del escorpi\u00f3n - Andal\u00e1n.es","robots":{"index":"index","follow":"follow","max-snippet":"max-snippet:-1","max-image-preview":"max-image-preview:large","max-video-preview":"max-video-preview:-1"},"canonical":"https:\/\/www.andalan.es\/?p=1914","og_locale":"es_ES","og_type":"article","og_title":"La condici\u00f3n del escorpi\u00f3n - Andal\u00e1n.es","og_description":"Mientras los trabajadores de Grecia se rebelan en las calles, [...]","og_url":"https:\/\/www.andalan.es\/?p=1914","og_site_name":"Andal\u00e1n.es","article_published_time":"2010-05-06T16:45:17+00:00","article_modified_time":"2022-03-02T16:02:27+00:00","og_image":[{"width":587,"height":384,"url":"https:\/\/www.andalan.es\/wp-content\/uploads\/Scorpion_Frog.jpg","type":"image\/jpeg"}],"author":"Antonio Peir\u00f3","twitter_card":"summary_large_image","twitter_misc":{"Escrito por":"Antonio Peir\u00f3","Tiempo de lectura":"4 minutos"},"schema":{"@context":"https:\/\/schema.org","@graph":[{"@type":"WebPage","@id":"https:\/\/www.andalan.es\/?p=1914","url":"https:\/\/www.andalan.es\/?p=1914","name":"La condici\u00f3n del escorpi\u00f3n - Andal\u00e1n.es","isPartOf":{"@id":"https:\/\/www.andalan.es\/#website"},"primaryImageOfPage":{"@id":"https:\/\/www.andalan.es\/?p=1914#primaryimage"},"image":{"@id":"https:\/\/www.andalan.es\/?p=1914#primaryimage"},"thumbnailUrl":"https:\/\/www.andalan.es\/wp-content\/uploads\/Scorpion_Frog.jpg","datePublished":"2010-05-06T16:45:17+00:00","dateModified":"2022-03-02T16:02:27+00:00","author":{"@id":"https:\/\/www.andalan.es\/#\/schema\/person\/c623bca2076f162ded6d3629ec81cd4f"},"breadcrumb":{"@id":"https:\/\/www.andalan.es\/?p=1914#breadcrumb"},"inLanguage":"es","potentialAction":[{"@type":"ReadAction","target":["https:\/\/www.andalan.es\/?p=1914"]}]},{"@type":"ImageObject","inLanguage":"es","@id":"https:\/\/www.andalan.es\/?p=1914#primaryimage","url":"https:\/\/www.andalan.es\/wp-content\/uploads\/Scorpion_Frog.jpg","contentUrl":"https:\/\/www.andalan.es\/wp-content\/uploads\/Scorpion_Frog.jpg","width":587,"height":384},{"@type":"BreadcrumbList","@id":"https:\/\/www.andalan.es\/?p=1914#breadcrumb","itemListElement":[{"@type":"ListItem","position":1,"name":"andal\u00e1n.es","item":"https:\/\/www.andalan.es\/"},{"@type":"ListItem","position":2,"name":"La condici\u00f3n del escorpi\u00f3n"}]},{"@type":"WebSite","@id":"https:\/\/www.andalan.es\/#website","url":"https:\/\/www.andalan.es\/","name":"Andal\u00e1n.es","description":"Andal\u00e1n.es","potentialAction":[{"@type":"SearchAction","target":{"@type":"EntryPoint","urlTemplate":"https:\/\/www.andalan.es\/?s={search_term_string}"},"query-input":{"@type":"PropertyValueSpecification","valueRequired":true,"valueName":"search_term_string"}}],"inLanguage":"es"},{"@type":"Person","@id":"https:\/\/www.andalan.es\/#\/schema\/person\/c623bca2076f162ded6d3629ec81cd4f","name":"Antonio Peir\u00f3","url":"https:\/\/www.andalan.es\/?author=27"}]}},"_links":{"self":[{"href":"https:\/\/www.andalan.es\/index.php?rest_route=\/wp\/v2\/posts\/1914","targetHints":{"allow":["GET"]}}],"collection":[{"href":"https:\/\/www.andalan.es\/index.php?rest_route=\/wp\/v2\/posts"}],"about":[{"href":"https:\/\/www.andalan.es\/index.php?rest_route=\/wp\/v2\/types\/post"}],"author":[{"embeddable":true,"href":"https:\/\/www.andalan.es\/index.php?rest_route=\/wp\/v2\/users\/27"}],"replies":[{"embeddable":true,"href":"https:\/\/www.andalan.es\/index.php?rest_route=%2Fwp%2Fv2%2Fcomments&post=1914"}],"version-history":[{"count":6,"href":"https:\/\/www.andalan.es\/index.php?rest_route=\/wp\/v2\/posts\/1914\/revisions"}],"predecessor-version":[{"id":7283,"href":"https:\/\/www.andalan.es\/index.php?rest_route=\/wp\/v2\/posts\/1914\/revisions\/7283"}],"wp:featuredmedia":[{"embeddable":true,"href":"https:\/\/www.andalan.es\/index.php?rest_route=\/wp\/v2\/media\/1915"}],"wp:attachment":[{"href":"https:\/\/www.andalan.es\/index.php?rest_route=%2Fwp%2Fv2%2Fmedia&parent=1914"}],"wp:term":[{"taxonomy":"category","embeddable":true,"href":"https:\/\/www.andalan.es\/index.php?rest_route=%2Fwp%2Fv2%2Fcategories&post=1914"},{"taxonomy":"post_tag","embeddable":true,"href":"https:\/\/www.andalan.es\/index.php?rest_route=%2Fwp%2Fv2%2Ftags&post=1914"},{"taxonomy":"serie","embeddable":true,"href":"https:\/\/www.andalan.es\/index.php?rest_route=%2Fwp%2Fv2%2Fserie&post=1914"}],"curies":[{"name":"wp","href":"https:\/\/api.w.org\/{rel}","templated":true}]}}