{"id":2023,"date":"2010-05-21T11:18:25","date_gmt":"2010-05-21T10:18:25","guid":{"rendered":"http:\/\/www.andalan.es\/?p=2023"},"modified":"2022-03-02T17:02:30","modified_gmt":"2022-03-02T16:02:30","slug":"cambios-en-las-prensas-universitarias","status":"publish","type":"post","link":"https:\/\/www.andalan.es\/?p=2023","title":{"rendered":"Cambios en las Prensas Universitarias"},"content":{"rendered":"<div id=\"attachment_2021\" style=\"width: 190px\" class=\"wp-caption alignleft\"><a href=\"http:\/\/www.andalan.es\/wp-content\/uploads\/A.-Perez-Lasheras.jpg\"><img decoding=\"async\" aria-describedby=\"caption-attachment-2021\" class=\"size-medium wp-image-2021 \" title=\"Antonio P\u00e9rez Lasheras\" src=\"http:\/\/www.andalan.es\/wp-content\/uploads\/A.-Perez-Lasheras-200x300.jpg\" alt=\"\" width=\"180\" height=\"270\" srcset=\"https:\/\/www.andalan.es\/wp-content\/uploads\/A.-Perez-Lasheras-100x150.jpg 100w, https:\/\/www.andalan.es\/wp-content\/uploads\/A.-Perez-Lasheras-200x300.jpg 200w, https:\/\/www.andalan.es\/wp-content\/uploads\/A.-Perez-Lasheras.jpg 300w\" sizes=\"(max-width: 180px) 100vw, 180px\" \/><\/a><p id=\"caption-attachment-2021\" class=\"wp-caption-text\">Antonio P\u00e9rez Lasheras<\/p><\/div>\n<p>\u00a0Se ha producido, tras una d\u00e9cada de excelentes realizaciones con Antonio P\u00e9rez Lasheras al frente de las mismas, un relevo (el bien ganado descanso, la felicitaci\u00f3n por la obra muy bien hecha), en el que le sucede Pedro R\u00fajula, al que deseamos y estamos seguros, semejantes \u00e9xitos. Antonio ha llevado la peque\u00f1a editorial universitaria a un rango eminente, ocupando en los \u00faltimos a\u00f1os la presidencia del eficaz consorcio entre la mayor\u00eda de esos servicios y otras instituciones editoras semejantes. La gran difusi\u00f3n conjunta en cat\u00e1logos, publicidad, presencia en los grandes foros editoriales del mundo hispano y del europeo, pero sobre todo el esfuerzo por mejorar a\u00fan m\u00e1s el rigor y calidad de sus productos, han hecho en pocos a\u00f1os del conjunto, y en concreto de nuestras PUZ un referente obligado entre las mejores editoriales.\u00a0<\/p>\n<p>\u00a0Muestra de ese bienhacer son un par de libros recientes: el del historiador V\u00edctor Lucea, ya bregado en la buena historia local, en la investigaci\u00f3n en archivos arcanos y lejanos, que nos ofrece en <em>El pueblo en movimiento.<\/em> <em>La protesta social en Arag\u00f3n (1885-1917)<\/em> un fresco espl\u00e9ndido de una \u00e9poca de las menos estudiadas de nuestra \u00e9poca contempor\u00e1nea, de una profundidad y unos logros metodol\u00f3gicos y conceptuales asombrosos.\u00a0<\/p>\n<p>\u00a0Y el de Gaspar Mairal, <em>Tiempos de la cultura (Ensayos de antropolog\u00eda hist\u00f3rica).<\/em> El autor, disc\u00edpulo de Carmelo Lis\u00f3n Tolosana, y sin duda nuestro principal antrop\u00f3logo, recoge una gavilla de art\u00edculos en revistas cient\u00edficas, en que ha ido exponiendo sus originales reflexiones sobre su disciplina y el pasado, basadas en trabajos de campo, muy a pie de obra, durante veinte a\u00f1os en muy diversos escenarios aragoneses. Una peque\u00f1a obra maestra.\u00a0<\/p>\n<div class=\"mceTemp\">\n<div id=\"attachment_2022\" style=\"width: 280px\" class=\"wp-caption alignleft\"><a href=\"http:\/\/www.andalan.es\/wp-content\/uploads\/Pedro-R\u00fajula.jpg\"><img decoding=\"async\" aria-describedby=\"caption-attachment-2022\" class=\"size-medium wp-image-2022 \" title=\"Pedro R\u00fajula\" src=\"http:\/\/www.andalan.es\/wp-content\/uploads\/Pedro-R\u00fajula-300x246.jpg\" alt=\"\" width=\"270\" height=\"221\" srcset=\"https:\/\/www.andalan.es\/wp-content\/uploads\/Pedro-R\u00fajula-150x123.jpg 150w, https:\/\/www.andalan.es\/wp-content\/uploads\/Pedro-R\u00fajula-300x246.jpg 300w, https:\/\/www.andalan.es\/wp-content\/uploads\/Pedro-R\u00fajula-400x328.jpg 400w, https:\/\/www.andalan.es\/wp-content\/uploads\/Pedro-R\u00fajula.jpg 450w\" sizes=\"(max-width: 270px) 100vw, 270px\" \/><\/a><p id=\"caption-attachment-2022\" class=\"wp-caption-text\">Pedro R\u00fajula<\/p><\/div>\n<p>Aunque no los ha editado las PUZ, cumple citar aqu\u00ed, por la conexi\u00f3n con los estudios de Mairal, los coordinados por Jorge Abril Aznar bajo el t\u00edtulo <em>Identidad compartida. Cultura y religiosidad popular en Arag\u00f3n<\/em>, \u00faltima publicaci\u00f3n del Centro de Estudios sobre la Despoblaci\u00f3n y desarrollo de \u00e1reas rurales (CEDDAR), en el que se re\u00fanen trabajos de tan estimables y queridos estudiosos como Alberto Serrano Dolader, \u00c1ngel Gari, Josefina Roma, Luc\u00eda P\u00e9rez y otros muchos, sobre el Arag\u00f3n m\u00e1gico y legendario, diversos aspectos populares, la fiesta, o casos comarcales y locales.<\/p>\n<div class=\"mceTemp\">\u00a0<\/div>\n<p>\u00a0<\/p>\n<div class=\"mceTemp\">\u00a0<a href=\"http:\/\/www.andalan.es\/wp-content\/uploads\/Gaspar-Mairal.jpg\"><img decoding=\"async\" class=\"size-medium wp-image-2027 aligncenter\" title=\"Gaspar-Mairal\" src=\"http:\/\/www.andalan.es\/wp-content\/uploads\/Gaspar-Mairal-211x300.jpg\" alt=\"\" width=\"211\" height=\"300\" srcset=\"https:\/\/www.andalan.es\/wp-content\/uploads\/Gaspar-Mairal-105x150.jpg 105w, https:\/\/www.andalan.es\/wp-content\/uploads\/Gaspar-Mairal-211x300.jpg 211w, https:\/\/www.andalan.es\/wp-content\/uploads\/Gaspar-Mairal-400x568.jpg 400w, https:\/\/www.andalan.es\/wp-content\/uploads\/Gaspar-Mairal.jpg 500w\" sizes=\"(max-width: 211px) 100vw, 211px\" \/><\/a><\/div>\n<p>\u00a0<\/p>\n<p style=\"text-align: center;\">\u00a0<a href=\"http:\/\/www.andalan.es\/wp-content\/uploads\/CEDDAR.jpg\"><img decoding=\"async\" class=\"size-medium wp-image-2025 aligncenter\" title=\"CEDDAR\" src=\"http:\/\/www.andalan.es\/wp-content\/uploads\/CEDDAR-220x300.jpg\" alt=\"\" width=\"220\" height=\"300\" srcset=\"https:\/\/www.andalan.es\/wp-content\/uploads\/CEDDAR-110x150.jpg 110w, https:\/\/www.andalan.es\/wp-content\/uploads\/CEDDAR-220x300.jpg 220w, https:\/\/www.andalan.es\/wp-content\/uploads\/CEDDAR-400x544.jpg 400w, https:\/\/www.andalan.es\/wp-content\/uploads\/CEDDAR.jpg 500w\" sizes=\"(max-width: 220px) 100vw, 220px\" \/><\/a>\u00a0<\/p>\n<p style=\"text-align: center;\">\n<div class=\"mceTemp\">\u00a0<a href=\"http:\/\/www.andalan.es\/wp-content\/uploads\/H\u00aa-contempor\u00e1nea.jpg\"><img decoding=\"async\" class=\"size-medium wp-image-2026 aligncenter\" title=\"H\u00aa-contempor\u00e1nea\" src=\"http:\/\/www.andalan.es\/wp-content\/uploads\/H\u00aa-contempor\u00e1nea-209x300.jpg\" alt=\"\" width=\"209\" height=\"300\" srcset=\"https:\/\/www.andalan.es\/wp-content\/uploads\/H\u00aa-contempor\u00e1nea-104x150.jpg 104w, https:\/\/www.andalan.es\/wp-content\/uploads\/H\u00aa-contempor\u00e1nea-209x300.jpg 209w, https:\/\/www.andalan.es\/wp-content\/uploads\/H\u00aa-contempor\u00e1nea-400x573.jpg 400w, https:\/\/www.andalan.es\/wp-content\/uploads\/H\u00aa-contempor\u00e1nea.jpg 500w\" sizes=\"(max-width: 209px) 100vw, 209px\" \/><\/a><\/div>\n<\/p>\n<\/div>\n","protected":false},"excerpt":{"rendered":"<p>Se ha producido, tras una d\u00e9cada de excelentes realizaciones con Antonio P\u00e9rez Lasheras al frente de las mismas, un relevo (el bien ganado descanso, la felicitaci\u00f3n por la obra muy bien hecha), en el que le sucede Pedro R\u00fajula, al que deseamos y estamos seguros, semejantes \u00e9xitos. Antonio ha llevado la peque\u00f1a editorial universitaria a un rango eminente, ocupando en los \u00faltimos a\u00f1os la presidencia del eficaz consorcio entre la mayor\u00eda de esos servicios y otras instituciones editoras semejantes. La gran difusi\u00f3n conjunta en cat\u00e1logos, publicidad, presencia en los grandes foros editoriales del mundo hispano y del europeo, pero sobre todo el esfuerzo por mejorar a\u00fan m\u00e1s el rigor y calidad de sus productos, han hecho en pocos a\u00f1os del conjunto, y en concreto de nuestras PUZ un referente obligado entre las mejores editoriales. <\/p>\n","protected":false},"author":179,"featured_media":2028,"comment_status":"open","ping_status":"open","sticky":false,"template":"","format":"standard","meta":{"_acf_changed":false,"footnotes":""},"categories":[6,40],"tags":[529,532,533,530,534,531],"serie":[7671],"class_list":["post-2023","post","type-post","status-publish","format-standard","has-post-thumbnail","hentry","category-cultura","category-publicaciones","tag-antonio-perez-lasheras","tag-gaspar-mairal","tag-jorge-abril-aznar","tag-pedro-rujula","tag-prensas-universitarias","tag-victor-lucea","serie-eloy-fernandez-clemente"],"acf":[],"yoast_head":"<!-- This site is optimized with the Yoast SEO plugin v26.1.1 - https:\/\/yoast.com\/wordpress\/plugins\/seo\/ -->\n<title>Cambios en las Prensas Universitarias - Andal\u00e1n.es<\/title>\n<meta name=\"robots\" content=\"index, follow, max-snippet:-1, max-image-preview:large, max-video-preview:-1\" \/>\n<link rel=\"canonical\" href=\"https:\/\/www.andalan.es\/?p=2023\" \/>\n<meta property=\"og:locale\" content=\"es_ES\" \/>\n<meta property=\"og:type\" content=\"article\" \/>\n<meta property=\"og:title\" content=\"Cambios en las Prensas Universitarias - Andal\u00e1n.es\" \/>\n<meta property=\"og:description\" content=\"Se ha producido, tras una d\u00e9cada de excelentes realizaciones con Antonio P\u00e9rez Lasheras al frente de las mismas, un relevo (el bien ganado descanso, la felicitaci\u00f3n por la obra muy bien hecha), en el que le sucede Pedro R\u00fajula, al que deseamos y estamos seguros, semejantes \u00e9xitos. Antonio ha llevado la peque\u00f1a editorial universitaria a un rango eminente, ocupando en los \u00faltimos a\u00f1os la presidencia del eficaz consorcio entre la mayor\u00eda de esos servicios y otras instituciones editoras semejantes. La gran difusi\u00f3n conjunta en cat\u00e1logos, publicidad, presencia en los grandes foros editoriales del mundo hispano y del europeo, pero sobre todo el esfuerzo por mejorar a\u00fan m\u00e1s el rigor y calidad de sus productos, han hecho en pocos a\u00f1os del conjunto, y en concreto de nuestras PUZ un referente obligado entre las mejores editoriales.\" \/>\n<meta property=\"og:url\" content=\"https:\/\/www.andalan.es\/?p=2023\" \/>\n<meta property=\"og:site_name\" content=\"Andal\u00e1n.es\" \/>\n<meta property=\"article:published_time\" content=\"2010-05-21T10:18:25+00:00\" \/>\n<meta property=\"article:modified_time\" content=\"2022-03-02T16:02:30+00:00\" \/>\n<meta property=\"og:image\" content=\"https:\/\/www.andalan.es\/wp-content\/uploads\/PUZ_th.jpg\" \/>\n\t<meta property=\"og:image:width\" content=\"150\" \/>\n\t<meta property=\"og:image:height\" content=\"150\" \/>\n\t<meta property=\"og:image:type\" content=\"image\/jpeg\" \/>\n<meta name=\"author\" content=\"andalan\" \/>\n<meta name=\"twitter:card\" content=\"summary_large_image\" \/>\n<meta name=\"twitter:label1\" content=\"Escrito por\" \/>\n\t<meta name=\"twitter:data1\" content=\"andalan\" \/>\n\t<meta name=\"twitter:label2\" content=\"Tiempo de lectura\" \/>\n\t<meta name=\"twitter:data2\" content=\"2 minutos\" \/>\n<script type=\"application\/ld+json\" class=\"yoast-schema-graph\">{\"@context\":\"https:\/\/schema.org\",\"@graph\":[{\"@type\":\"WebPage\",\"@id\":\"https:\/\/www.andalan.es\/?p=2023\",\"url\":\"https:\/\/www.andalan.es\/?p=2023\",\"name\":\"Cambios en las Prensas Universitarias - Andal\u00e1n.es\",\"isPartOf\":{\"@id\":\"https:\/\/www.andalan.es\/#website\"},\"primaryImageOfPage\":{\"@id\":\"https:\/\/www.andalan.es\/?p=2023#primaryimage\"},\"image\":{\"@id\":\"https:\/\/www.andalan.es\/?p=2023#primaryimage\"},\"thumbnailUrl\":\"https:\/\/www.andalan.es\/wp-content\/uploads\/PUZ_th.jpg\",\"datePublished\":\"2010-05-21T10:18:25+00:00\",\"dateModified\":\"2022-03-02T16:02:30+00:00\",\"author\":{\"@id\":\"https:\/\/www.andalan.es\/#\/schema\/person\/189570f0a697e984f7a6f3c458cc6ab8\"},\"breadcrumb\":{\"@id\":\"https:\/\/www.andalan.es\/?p=2023#breadcrumb\"},\"inLanguage\":\"es\",\"potentialAction\":[{\"@type\":\"ReadAction\",\"target\":[\"https:\/\/www.andalan.es\/?p=2023\"]}]},{\"@type\":\"ImageObject\",\"inLanguage\":\"es\",\"@id\":\"https:\/\/www.andalan.es\/?p=2023#primaryimage\",\"url\":\"https:\/\/www.andalan.es\/wp-content\/uploads\/PUZ_th.jpg\",\"contentUrl\":\"https:\/\/www.andalan.es\/wp-content\/uploads\/PUZ_th.jpg\",\"width\":150,\"height\":150},{\"@type\":\"BreadcrumbList\",\"@id\":\"https:\/\/www.andalan.es\/?p=2023#breadcrumb\",\"itemListElement\":[{\"@type\":\"ListItem\",\"position\":1,\"name\":\"andal\u00e1n.es\",\"item\":\"https:\/\/www.andalan.es\/\"},{\"@type\":\"ListItem\",\"position\":2,\"name\":\"Cambios en las Prensas Universitarias\"}]},{\"@type\":\"WebSite\",\"@id\":\"https:\/\/www.andalan.es\/#website\",\"url\":\"https:\/\/www.andalan.es\/\",\"name\":\"Andal\u00e1n.es\",\"description\":\"Andal\u00e1n.es\",\"potentialAction\":[{\"@type\":\"SearchAction\",\"target\":{\"@type\":\"EntryPoint\",\"urlTemplate\":\"https:\/\/www.andalan.es\/?s={search_term_string}\"},\"query-input\":{\"@type\":\"PropertyValueSpecification\",\"valueRequired\":true,\"valueName\":\"search_term_string\"}}],\"inLanguage\":\"es\"},{\"@type\":\"Person\",\"@id\":\"https:\/\/www.andalan.es\/#\/schema\/person\/189570f0a697e984f7a6f3c458cc6ab8\",\"name\":\"andalan\",\"url\":\"https:\/\/www.andalan.es\/?author=179\"}]}<\/script>\n<!-- \/ Yoast SEO plugin. -->","yoast_head_json":{"title":"Cambios en las Prensas Universitarias - Andal\u00e1n.es","robots":{"index":"index","follow":"follow","max-snippet":"max-snippet:-1","max-image-preview":"max-image-preview:large","max-video-preview":"max-video-preview:-1"},"canonical":"https:\/\/www.andalan.es\/?p=2023","og_locale":"es_ES","og_type":"article","og_title":"Cambios en las Prensas Universitarias - Andal\u00e1n.es","og_description":"Se ha producido, tras una d\u00e9cada de excelentes realizaciones con Antonio P\u00e9rez Lasheras al frente de las mismas, un relevo (el bien ganado descanso, la felicitaci\u00f3n por la obra muy bien hecha), en el que le sucede Pedro R\u00fajula, al que deseamos y estamos seguros, semejantes \u00e9xitos. Antonio ha llevado la peque\u00f1a editorial universitaria a un rango eminente, ocupando en los \u00faltimos a\u00f1os la presidencia del eficaz consorcio entre la mayor\u00eda de esos servicios y otras instituciones editoras semejantes. La gran difusi\u00f3n conjunta en cat\u00e1logos, publicidad, presencia en los grandes foros editoriales del mundo hispano y del europeo, pero sobre todo el esfuerzo por mejorar a\u00fan m\u00e1s el rigor y calidad de sus productos, han hecho en pocos a\u00f1os del conjunto, y en concreto de nuestras PUZ un referente obligado entre las mejores editoriales.","og_url":"https:\/\/www.andalan.es\/?p=2023","og_site_name":"Andal\u00e1n.es","article_published_time":"2010-05-21T10:18:25+00:00","article_modified_time":"2022-03-02T16:02:30+00:00","og_image":[{"width":150,"height":150,"url":"https:\/\/www.andalan.es\/wp-content\/uploads\/PUZ_th.jpg","type":"image\/jpeg"}],"author":"andalan","twitter_card":"summary_large_image","twitter_misc":{"Escrito por":"andalan","Tiempo de lectura":"2 minutos"},"schema":{"@context":"https:\/\/schema.org","@graph":[{"@type":"WebPage","@id":"https:\/\/www.andalan.es\/?p=2023","url":"https:\/\/www.andalan.es\/?p=2023","name":"Cambios en las Prensas Universitarias - Andal\u00e1n.es","isPartOf":{"@id":"https:\/\/www.andalan.es\/#website"},"primaryImageOfPage":{"@id":"https:\/\/www.andalan.es\/?p=2023#primaryimage"},"image":{"@id":"https:\/\/www.andalan.es\/?p=2023#primaryimage"},"thumbnailUrl":"https:\/\/www.andalan.es\/wp-content\/uploads\/PUZ_th.jpg","datePublished":"2010-05-21T10:18:25+00:00","dateModified":"2022-03-02T16:02:30+00:00","author":{"@id":"https:\/\/www.andalan.es\/#\/schema\/person\/189570f0a697e984f7a6f3c458cc6ab8"},"breadcrumb":{"@id":"https:\/\/www.andalan.es\/?p=2023#breadcrumb"},"inLanguage":"es","potentialAction":[{"@type":"ReadAction","target":["https:\/\/www.andalan.es\/?p=2023"]}]},{"@type":"ImageObject","inLanguage":"es","@id":"https:\/\/www.andalan.es\/?p=2023#primaryimage","url":"https:\/\/www.andalan.es\/wp-content\/uploads\/PUZ_th.jpg","contentUrl":"https:\/\/www.andalan.es\/wp-content\/uploads\/PUZ_th.jpg","width":150,"height":150},{"@type":"BreadcrumbList","@id":"https:\/\/www.andalan.es\/?p=2023#breadcrumb","itemListElement":[{"@type":"ListItem","position":1,"name":"andal\u00e1n.es","item":"https:\/\/www.andalan.es\/"},{"@type":"ListItem","position":2,"name":"Cambios en las Prensas Universitarias"}]},{"@type":"WebSite","@id":"https:\/\/www.andalan.es\/#website","url":"https:\/\/www.andalan.es\/","name":"Andal\u00e1n.es","description":"Andal\u00e1n.es","potentialAction":[{"@type":"SearchAction","target":{"@type":"EntryPoint","urlTemplate":"https:\/\/www.andalan.es\/?s={search_term_string}"},"query-input":{"@type":"PropertyValueSpecification","valueRequired":true,"valueName":"search_term_string"}}],"inLanguage":"es"},{"@type":"Person","@id":"https:\/\/www.andalan.es\/#\/schema\/person\/189570f0a697e984f7a6f3c458cc6ab8","name":"andalan","url":"https:\/\/www.andalan.es\/?author=179"}]}},"_links":{"self":[{"href":"https:\/\/www.andalan.es\/index.php?rest_route=\/wp\/v2\/posts\/2023","targetHints":{"allow":["GET"]}}],"collection":[{"href":"https:\/\/www.andalan.es\/index.php?rest_route=\/wp\/v2\/posts"}],"about":[{"href":"https:\/\/www.andalan.es\/index.php?rest_route=\/wp\/v2\/types\/post"}],"author":[{"embeddable":true,"href":"https:\/\/www.andalan.es\/index.php?rest_route=\/wp\/v2\/users\/179"}],"replies":[{"embeddable":true,"href":"https:\/\/www.andalan.es\/index.php?rest_route=%2Fwp%2Fv2%2Fcomments&post=2023"}],"version-history":[{"count":4,"href":"https:\/\/www.andalan.es\/index.php?rest_route=\/wp\/v2\/posts\/2023\/revisions"}],"predecessor-version":[{"id":2076,"href":"https:\/\/www.andalan.es\/index.php?rest_route=\/wp\/v2\/posts\/2023\/revisions\/2076"}],"wp:featuredmedia":[{"embeddable":true,"href":"https:\/\/www.andalan.es\/index.php?rest_route=\/wp\/v2\/media\/2028"}],"wp:attachment":[{"href":"https:\/\/www.andalan.es\/index.php?rest_route=%2Fwp%2Fv2%2Fmedia&parent=2023"}],"wp:term":[{"taxonomy":"category","embeddable":true,"href":"https:\/\/www.andalan.es\/index.php?rest_route=%2Fwp%2Fv2%2Fcategories&post=2023"},{"taxonomy":"post_tag","embeddable":true,"href":"https:\/\/www.andalan.es\/index.php?rest_route=%2Fwp%2Fv2%2Ftags&post=2023"},{"taxonomy":"serie","embeddable":true,"href":"https:\/\/www.andalan.es\/index.php?rest_route=%2Fwp%2Fv2%2Fserie&post=2023"}],"curies":[{"name":"wp","href":"https:\/\/api.w.org\/{rel}","templated":true}]}}