{"id":3657,"date":"2011-01-11T20:47:37","date_gmt":"2011-01-11T19:47:37","guid":{"rendered":"http:\/\/www.andalan.es\/?p=3657"},"modified":"2022-03-02T17:03:00","modified_gmt":"2022-03-02T16:03:00","slug":"viaje-al-parnaso-de-pascual-blanco-visita-la-galeria-a-del-arte","status":"publish","type":"post","link":"https:\/\/www.andalan.es\/?p=3657","title":{"rendered":"\u00abViaje al Parnaso\u00bb de Pascual Blanco visita la Galer\u00eda A del Arte"},"content":{"rendered":"<div id=\"_mcePaste\">La exposici\u00f3n \u00abViaje al Parnaso\u00bb de Pascual Blanco visita la Galer\u00eda A del Arte en la calle Fita, 19 de Zaragoza.\u00a0La inauguraci\u00f3n\u00a0tendr\u00e1\u00a0lugar el mi\u00e9rcoles 12 de enero a las 20 horas y la exposici\u00f3n\u00a0permanecer\u00e1\u00a0abierta\u00a0de martes a s\u00e1bado, de 10,30 a 13,30 y de 17,00 a 21,00 horas,\u00a0hasta el\u00a011 de febrero de 2011.<\/div>\n<p>Mas informaci\u00f3n en <a href=\"http:\/\/Fita,%2019\" target=\"_blank\" rel=\"noopener\">www.adelarte.es<\/a><\/p>\n<p><a href=\"http:\/\/www.andalan.es\/wp-content\/uploads\/PASCUAL-BLANCO_web.jpg\"><img decoding=\"async\" class=\"aligncenter size-full wp-image-3658\" title=\"PASCUAL-BLANCO_web\" src=\"http:\/\/www.andalan.es\/wp-content\/uploads\/PASCUAL-BLANCO_web.jpg\" alt=\"\" width=\"750\" height=\"376\" srcset=\"https:\/\/www.andalan.es\/wp-content\/uploads\/PASCUAL-BLANCO_web-150x75.jpg 150w, https:\/\/www.andalan.es\/wp-content\/uploads\/PASCUAL-BLANCO_web-300x150.jpg 300w, https:\/\/www.andalan.es\/wp-content\/uploads\/PASCUAL-BLANCO_web-400x200.jpg 400w, https:\/\/www.andalan.es\/wp-content\/uploads\/PASCUAL-BLANCO_web.jpg 750w\" sizes=\"(max-width: 750px) 100vw, 750px\" \/><\/a><\/p>\n<p>En la p\u00e1gina web de Galer\u00eda A del Arte podemos leer acerca de esta exposici\u00f3n<br \/>\n<a href=\"http:\/\/www.adelarte.es\/20_2011_viaje_al_parnaso.html\" target=\"_blank\" rel=\"noopener\">http:\/\/www.adelarte.es\/20_2011_viaje_al_parnaso.html<\/a><\/p>\n<blockquote style=\"font-family: Verdana, Arial, Helvetica, sans-serif; line-height: normal; color: #342f2c; font-size: 12px;\">\n<p style=\"margin-top: 5px; margin-right: 0px; margin-bottom: 10px; margin-left: 0px; outline-width: 0px; outline-style: initial; outline-color: initial; font-weight: inherit; font-style: inherit; font-size: 1em; font-family: Verdana, Geneva, sans-serif; vertical-align: baseline; text-align: justify; text-indent: 20px; padding: 0px; border: 0px initial initial;\">La trayectoria de Pascual Blanco \u00a0arranca desde sus a\u00f1os de formaci\u00f3n en Zaragoza y Barcelona, pasando luego por su etapa en el Grupo Azuda-40, hasta llegar a su consolidaci\u00f3n como un creador indiscutible de la pl\u00e1stica aragonesa, con hitos tan importantes como la muestra celebrada en la Lonja de Zaragoza (1992) o la antol\u00f3gica del Palacio de S\u00e1stago (2005); y con la obtenci\u00f3n de galardones como, por ejemplo, el Premio Arag\u00f3n-Goya (1998).<\/p>\n<p style=\"margin-top: 5px; margin-right: 0px; margin-bottom: 10px; margin-left: 0px; outline-width: 0px; outline-style: initial; outline-color: initial; font-weight: inherit; font-style: inherit; font-size: 1em; font-family: Verdana, Geneva, sans-serif; vertical-align: baseline; text-align: justify; text-indent: 20px; padding: 0px; border: 0px initial initial;\">Pascual Blanco es ante todo un artista que se define por la b\u00fasqueda constante de la experimentaci\u00f3n pl\u00e1stica, porque para \u00e9l la pintura es una apuesta de vida, o mejor dicho, su apuesta de vida, el objetivo de todos sus desvelos como hacedor de im\u00e1genes. En sus obras todo responde a una justificaci\u00f3n est\u00e9tica, a un resultado pl\u00e1stico, y para ello parte siempre de peque\u00f1os bocetos, donde indaga sobre nuevos aspectos y soluciones visuales, disfrutando al m\u00e1ximo de esta fase inicial, para despu\u00e9s llevarlos a formatos mayores, casi siempre manteniendo las l\u00edneas b\u00e1sicas de la idea primigenia. Si bien, y dada su formaci\u00f3n con modelos del natural, la referencia del cuerpo humano le ha dejado una huella casi imborrable, siendo las figuras las primeras que suelen aparecer sobre la composici\u00f3n, para luego complementarse con otros elementos pl\u00e1sticos como son las formas geom\u00e9tricas o las transparencias con los fondos compositivos. Y todo ello con un colorido que en los \u00faltimos tiempos ha ganado en fuerza y sobriedad, recurriendo incluso a los contrastes con colores neutros que suscitan un fuerte impacto visual.<\/p>\n<p style=\"margin-top: 5px; margin-right: 0px; margin-bottom: 10px; margin-left: 0px; outline-width: 0px; outline-style: initial; outline-color: initial; font-weight: inherit; font-style: inherit; font-size: 1em; font-family: Verdana, Geneva, sans-serif; vertical-align: baseline; text-align: justify; text-indent: 20px; padding: 0px; border: 0px initial initial;\">Se dir\u00eda que la exposici\u00f3n\u00a0<em>Viaje al Parnaso (C\u00e1ntico corporal),<\/em> de Pascual Blanco, es un museo-libro elaborado por un arquitecto -tan visceral como sereno- del aire, del pensamiento, del sentimiento, de la memoria y del deseo; libro-museo pintado por un poeta secreto de la meditaci\u00f3n hacia el asombro.<\/p>\n<p style=\"margin-top: 5px; margin-right: 0px; margin-bottom: 10px; margin-left: 0px; outline-width: 0px; outline-style: initial; outline-color: initial; font-weight: inherit; font-style: inherit; font-size: 1em; font-family: Verdana, Geneva, sans-serif; vertical-align: baseline; text-align: justify; text-indent: 20px; padding: 0px; border: 0px initial initial;\">Lejos de un ejercicio interdisciplinar o de interacci\u00f3n pintura-poes\u00eda, contemplamos la brutalista arquitextura (arquitectura del texto por desleer que es el lienzo habitable) de esta viva complicidad dialogante, t\u00e9cnicamente perfecta, entre vac\u00edo y composici\u00f3n, limpieza de trazo y ausencia de gesto, forma y color, sentidos que se expresan con sentido y evocaci\u00f3n consentida.<\/p>\n<p style=\"margin-top: 5px; margin-right: 0px; margin-bottom: 10px; margin-left: 0px; outline-width: 0px; outline-style: initial; outline-color: initial; font-weight: inherit; font-style: inherit; font-size: 1em; font-family: Verdana, Geneva, sans-serif; vertical-align: baseline; text-align: justify; text-indent: 20px; padding: 0px; border: 0px initial initial;\">En este caso los poemas acompa\u00f1antes (en su mayor\u00eda cl\u00e1sicos, por su lectura en el tiempo: de Bosc\u00e1n, Garcilaso, Quevedo, B\u00e9cquer, Guill\u00e9n, Neruda, M. Hern\u00e1ndez, Otero\u2026) no son el referente inspirador, y en ning\u00fan caso encorsetador, de la muestra. Nuestro pintor da testimonio de ciertas coincidencias entre la fertilidad del poso literario que ha colaborado a la fundaci\u00f3n de su personalidad y algunas constantes argumentales del repertorio de elementos simb\u00f3licos y conceptuales que afianzan su imaginario pl\u00e1stico.<\/p>\n<p style=\"margin-top: 5px; margin-right: 0px; margin-bottom: 10px; margin-left: 0px; outline-width: 0px; outline-style: initial; outline-color: initial; font-weight: inherit; font-style: inherit; font-size: 1em; font-family: Verdana, Geneva, sans-serif; vertical-align: baseline; text-align: justify; text-indent: 20px; padding: 0px; border: 0px initial initial;\">Estas obras son, una a una, esa apasionante aventura, ese di\u00e1logo metapo\u00e9tico y metapl\u00e1stico alma-cuerpo que no repite traje, escena, situaci\u00f3n, momento, clima. Pascual Blanco atrapa todo halo de reposo, emoci\u00f3n, conmoci\u00f3n y dramatismo transcendente como ant\u00eddoto de la banalidad y levadura de conocimiento.<\/p>\n<p style=\"margin-top: 5px; margin-right: 0px; margin-bottom: 10px; margin-left: 0px; outline-width: 0px; outline-style: initial; outline-color: initial; font-weight: inherit; font-style: inherit; font-size: 1em; font-family: Verdana, Geneva, sans-serif; vertical-align: baseline; text-align: justify; text-indent: 20px; padding: 0px; border: 0px initial initial;\">Cada cuadro, as\u00ed, se convierte en un mundo. Y el conjunto de cuadros encierra una cosmovisi\u00f3n: el esp\u00edritu de la materia; la fuerza magn\u00e9tica del amor y del erotismo como constante aparici\u00f3n (sed de fuego, inasible presencia de lo ef\u00edmero, sola fuerza capaz de sostenernos contra la adversidad de la condici\u00f3n humana).<\/p>\n<\/blockquote>\n","protected":false},"excerpt":{"rendered":"<p>La exposici\u00f3n \u00abViaje al Parnaso\u00bb de Pascual Blanco visita la Galer\u00eda A del Arte en la calle Fita, 19 de Zaragoza. La inauguraci\u00f3n tendr\u00e1 lugar el mi\u00e9rcoles 12 de enero a las 20 horas y la exposici\u00f3n permanecer\u00e1 abierta de martes a s\u00e1bado, de 10,30 a 13,30 y de 17,00 a 21,00 horas, hasta el 11 de febrero de 2011.<\/p>\n","protected":false},"author":179,"featured_media":3659,"comment_status":"open","ping_status":"open","sticky":false,"template":"","format":"standard","meta":{"_acf_changed":false,"footnotes":""},"categories":[394],"tags":[398,792],"serie":[],"class_list":["post-3657","post","type-post","status-publish","format-standard","has-post-thumbnail","hentry","category-agenda","tag-galeria-a-del-arte","tag-pascual-blanco"],"acf":[],"yoast_head":"<!-- This site is optimized with the Yoast SEO plugin v26.1.1 - https:\/\/yoast.com\/wordpress\/plugins\/seo\/ -->\n<title>&quot;Viaje al Parnaso&quot; de Pascual Blanco visita la Galer\u00eda A del Arte - Andal\u00e1n.es<\/title>\n<meta name=\"robots\" content=\"index, follow, max-snippet:-1, max-image-preview:large, max-video-preview:-1\" \/>\n<link rel=\"canonical\" href=\"https:\/\/www.andalan.es\/?p=3657\" \/>\n<meta property=\"og:locale\" content=\"es_ES\" \/>\n<meta property=\"og:type\" content=\"article\" \/>\n<meta property=\"og:title\" content=\"&quot;Viaje al Parnaso&quot; de Pascual Blanco visita la Galer\u00eda A del Arte - Andal\u00e1n.es\" \/>\n<meta property=\"og:description\" content=\"La exposici\u00f3n &quot;Viaje al Parnaso&quot; de Pascual Blanco visita la Galer\u00eda A del Arte en la calle Fita, 19 de Zaragoza. La inauguraci\u00f3n tendr\u00e1 lugar el mi\u00e9rcoles 12 de enero a las 20 horas y la exposici\u00f3n permanecer\u00e1 abierta de martes a s\u00e1bado, de 10,30 a 13,30 y de 17,00 a 21,00 horas, hasta el 11 de febrero de 2011.\" \/>\n<meta property=\"og:url\" content=\"https:\/\/www.andalan.es\/?p=3657\" \/>\n<meta property=\"og:site_name\" content=\"Andal\u00e1n.es\" \/>\n<meta property=\"article:published_time\" content=\"2011-01-11T19:47:37+00:00\" \/>\n<meta property=\"article:modified_time\" content=\"2022-03-02T16:03:00+00:00\" \/>\n<meta property=\"og:image\" content=\"https:\/\/www.andalan.es\/wp-content\/uploads\/PASCUAL-BLANCO_th.jpg\" \/>\n\t<meta property=\"og:image:width\" content=\"150\" \/>\n\t<meta property=\"og:image:height\" content=\"150\" \/>\n\t<meta property=\"og:image:type\" content=\"image\/jpeg\" \/>\n<meta name=\"author\" content=\"andalan\" \/>\n<meta name=\"twitter:card\" content=\"summary_large_image\" \/>\n<meta name=\"twitter:label1\" content=\"Escrito por\" \/>\n\t<meta name=\"twitter:data1\" content=\"andalan\" \/>\n\t<meta name=\"twitter:label2\" content=\"Tiempo de lectura\" \/>\n\t<meta name=\"twitter:data2\" content=\"3 minutos\" \/>\n<script type=\"application\/ld+json\" class=\"yoast-schema-graph\">{\"@context\":\"https:\/\/schema.org\",\"@graph\":[{\"@type\":\"WebPage\",\"@id\":\"https:\/\/www.andalan.es\/?p=3657\",\"url\":\"https:\/\/www.andalan.es\/?p=3657\",\"name\":\"\\\"Viaje al Parnaso\\\" de Pascual Blanco visita la Galer\u00eda A del Arte - Andal\u00e1n.es\",\"isPartOf\":{\"@id\":\"https:\/\/www.andalan.es\/#website\"},\"primaryImageOfPage\":{\"@id\":\"https:\/\/www.andalan.es\/?p=3657#primaryimage\"},\"image\":{\"@id\":\"https:\/\/www.andalan.es\/?p=3657#primaryimage\"},\"thumbnailUrl\":\"https:\/\/www.andalan.es\/wp-content\/uploads\/PASCUAL-BLANCO_th.jpg\",\"datePublished\":\"2011-01-11T19:47:37+00:00\",\"dateModified\":\"2022-03-02T16:03:00+00:00\",\"author\":{\"@id\":\"https:\/\/www.andalan.es\/#\/schema\/person\/189570f0a697e984f7a6f3c458cc6ab8\"},\"breadcrumb\":{\"@id\":\"https:\/\/www.andalan.es\/?p=3657#breadcrumb\"},\"inLanguage\":\"es\",\"potentialAction\":[{\"@type\":\"ReadAction\",\"target\":[\"https:\/\/www.andalan.es\/?p=3657\"]}]},{\"@type\":\"ImageObject\",\"inLanguage\":\"es\",\"@id\":\"https:\/\/www.andalan.es\/?p=3657#primaryimage\",\"url\":\"https:\/\/www.andalan.es\/wp-content\/uploads\/PASCUAL-BLANCO_th.jpg\",\"contentUrl\":\"https:\/\/www.andalan.es\/wp-content\/uploads\/PASCUAL-BLANCO_th.jpg\",\"width\":150,\"height\":150},{\"@type\":\"BreadcrumbList\",\"@id\":\"https:\/\/www.andalan.es\/?p=3657#breadcrumb\",\"itemListElement\":[{\"@type\":\"ListItem\",\"position\":1,\"name\":\"andal\u00e1n.es\",\"item\":\"https:\/\/www.andalan.es\/\"},{\"@type\":\"ListItem\",\"position\":2,\"name\":\"\u00abViaje al Parnaso\u00bb de Pascual Blanco visita la Galer\u00eda A del Arte\"}]},{\"@type\":\"WebSite\",\"@id\":\"https:\/\/www.andalan.es\/#website\",\"url\":\"https:\/\/www.andalan.es\/\",\"name\":\"Andal\u00e1n.es\",\"description\":\"Andal\u00e1n.es\",\"potentialAction\":[{\"@type\":\"SearchAction\",\"target\":{\"@type\":\"EntryPoint\",\"urlTemplate\":\"https:\/\/www.andalan.es\/?s={search_term_string}\"},\"query-input\":{\"@type\":\"PropertyValueSpecification\",\"valueRequired\":true,\"valueName\":\"search_term_string\"}}],\"inLanguage\":\"es\"},{\"@type\":\"Person\",\"@id\":\"https:\/\/www.andalan.es\/#\/schema\/person\/189570f0a697e984f7a6f3c458cc6ab8\",\"name\":\"andalan\",\"url\":\"https:\/\/www.andalan.es\/?author=179\"}]}<\/script>\n<!-- \/ Yoast SEO plugin. -->","yoast_head_json":{"title":"\"Viaje al Parnaso\" de Pascual Blanco visita la Galer\u00eda A del Arte - Andal\u00e1n.es","robots":{"index":"index","follow":"follow","max-snippet":"max-snippet:-1","max-image-preview":"max-image-preview:large","max-video-preview":"max-video-preview:-1"},"canonical":"https:\/\/www.andalan.es\/?p=3657","og_locale":"es_ES","og_type":"article","og_title":"\"Viaje al Parnaso\" de Pascual Blanco visita la Galer\u00eda A del Arte - Andal\u00e1n.es","og_description":"La exposici\u00f3n \"Viaje al Parnaso\" de Pascual Blanco visita la Galer\u00eda A del Arte en la calle Fita, 19 de Zaragoza. La inauguraci\u00f3n tendr\u00e1 lugar el mi\u00e9rcoles 12 de enero a las 20 horas y la exposici\u00f3n permanecer\u00e1 abierta de martes a s\u00e1bado, de 10,30 a 13,30 y de 17,00 a 21,00 horas, hasta el 11 de febrero de 2011.","og_url":"https:\/\/www.andalan.es\/?p=3657","og_site_name":"Andal\u00e1n.es","article_published_time":"2011-01-11T19:47:37+00:00","article_modified_time":"2022-03-02T16:03:00+00:00","og_image":[{"width":150,"height":150,"url":"https:\/\/www.andalan.es\/wp-content\/uploads\/PASCUAL-BLANCO_th.jpg","type":"image\/jpeg"}],"author":"andalan","twitter_card":"summary_large_image","twitter_misc":{"Escrito por":"andalan","Tiempo de lectura":"3 minutos"},"schema":{"@context":"https:\/\/schema.org","@graph":[{"@type":"WebPage","@id":"https:\/\/www.andalan.es\/?p=3657","url":"https:\/\/www.andalan.es\/?p=3657","name":"\"Viaje al Parnaso\" de Pascual Blanco visita la Galer\u00eda A del Arte - Andal\u00e1n.es","isPartOf":{"@id":"https:\/\/www.andalan.es\/#website"},"primaryImageOfPage":{"@id":"https:\/\/www.andalan.es\/?p=3657#primaryimage"},"image":{"@id":"https:\/\/www.andalan.es\/?p=3657#primaryimage"},"thumbnailUrl":"https:\/\/www.andalan.es\/wp-content\/uploads\/PASCUAL-BLANCO_th.jpg","datePublished":"2011-01-11T19:47:37+00:00","dateModified":"2022-03-02T16:03:00+00:00","author":{"@id":"https:\/\/www.andalan.es\/#\/schema\/person\/189570f0a697e984f7a6f3c458cc6ab8"},"breadcrumb":{"@id":"https:\/\/www.andalan.es\/?p=3657#breadcrumb"},"inLanguage":"es","potentialAction":[{"@type":"ReadAction","target":["https:\/\/www.andalan.es\/?p=3657"]}]},{"@type":"ImageObject","inLanguage":"es","@id":"https:\/\/www.andalan.es\/?p=3657#primaryimage","url":"https:\/\/www.andalan.es\/wp-content\/uploads\/PASCUAL-BLANCO_th.jpg","contentUrl":"https:\/\/www.andalan.es\/wp-content\/uploads\/PASCUAL-BLANCO_th.jpg","width":150,"height":150},{"@type":"BreadcrumbList","@id":"https:\/\/www.andalan.es\/?p=3657#breadcrumb","itemListElement":[{"@type":"ListItem","position":1,"name":"andal\u00e1n.es","item":"https:\/\/www.andalan.es\/"},{"@type":"ListItem","position":2,"name":"\u00abViaje al Parnaso\u00bb de Pascual Blanco visita la Galer\u00eda A del Arte"}]},{"@type":"WebSite","@id":"https:\/\/www.andalan.es\/#website","url":"https:\/\/www.andalan.es\/","name":"Andal\u00e1n.es","description":"Andal\u00e1n.es","potentialAction":[{"@type":"SearchAction","target":{"@type":"EntryPoint","urlTemplate":"https:\/\/www.andalan.es\/?s={search_term_string}"},"query-input":{"@type":"PropertyValueSpecification","valueRequired":true,"valueName":"search_term_string"}}],"inLanguage":"es"},{"@type":"Person","@id":"https:\/\/www.andalan.es\/#\/schema\/person\/189570f0a697e984f7a6f3c458cc6ab8","name":"andalan","url":"https:\/\/www.andalan.es\/?author=179"}]}},"_links":{"self":[{"href":"https:\/\/www.andalan.es\/index.php?rest_route=\/wp\/v2\/posts\/3657","targetHints":{"allow":["GET"]}}],"collection":[{"href":"https:\/\/www.andalan.es\/index.php?rest_route=\/wp\/v2\/posts"}],"about":[{"href":"https:\/\/www.andalan.es\/index.php?rest_route=\/wp\/v2\/types\/post"}],"author":[{"embeddable":true,"href":"https:\/\/www.andalan.es\/index.php?rest_route=\/wp\/v2\/users\/179"}],"replies":[{"embeddable":true,"href":"https:\/\/www.andalan.es\/index.php?rest_route=%2Fwp%2Fv2%2Fcomments&post=3657"}],"version-history":[{"count":4,"href":"https:\/\/www.andalan.es\/index.php?rest_route=\/wp\/v2\/posts\/3657\/revisions"}],"predecessor-version":[{"id":17136,"href":"https:\/\/www.andalan.es\/index.php?rest_route=\/wp\/v2\/posts\/3657\/revisions\/17136"}],"wp:featuredmedia":[{"embeddable":true,"href":"https:\/\/www.andalan.es\/index.php?rest_route=\/wp\/v2\/media\/3659"}],"wp:attachment":[{"href":"https:\/\/www.andalan.es\/index.php?rest_route=%2Fwp%2Fv2%2Fmedia&parent=3657"}],"wp:term":[{"taxonomy":"category","embeddable":true,"href":"https:\/\/www.andalan.es\/index.php?rest_route=%2Fwp%2Fv2%2Fcategories&post=3657"},{"taxonomy":"post_tag","embeddable":true,"href":"https:\/\/www.andalan.es\/index.php?rest_route=%2Fwp%2Fv2%2Ftags&post=3657"},{"taxonomy":"serie","embeddable":true,"href":"https:\/\/www.andalan.es\/index.php?rest_route=%2Fwp%2Fv2%2Fserie&post=3657"}],"curies":[{"name":"wp","href":"https:\/\/api.w.org\/{rel}","templated":true}]}}