{"id":3943,"date":"2011-02-17T18:39:23","date_gmt":"2011-02-17T17:39:23","guid":{"rendered":"http:\/\/www.andalan.es\/?p=3943"},"modified":"2022-03-02T17:03:03","modified_gmt":"2022-03-02T16:03:03","slug":"estreno-del-documental-alberto-sanchez-la-proyeccion-de-los-suenos","status":"publish","type":"post","link":"https:\/\/www.andalan.es\/?p=3943","title":{"rendered":"Estreno del documental \u201cAlberto S\u00e1nchez. La proyecci\u00f3n de los sue\u00f1os\u201d"},"content":{"rendered":"<p><a href=\"http:\/\/www.andalan.es\/wp-content\/uploads\/00.jpg\"><img decoding=\"async\" class=\"alignright size-medium wp-image-3944\" title=\"00\" src=\"http:\/\/www.andalan.es\/wp-content\/uploads\/00-300x224.jpg\" alt=\"\" width=\"300\" height=\"224\" srcset=\"https:\/\/www.andalan.es\/wp-content\/uploads\/00-150x112.jpg 150w, https:\/\/www.andalan.es\/wp-content\/uploads\/00-200x150.jpg 200w, https:\/\/www.andalan.es\/wp-content\/uploads\/00-300x224.jpg 300w, https:\/\/www.andalan.es\/wp-content\/uploads\/00-400x299.jpg 400w, https:\/\/www.andalan.es\/wp-content\/uploads\/00-600x449.jpg 600w, https:\/\/www.andalan.es\/wp-content\/uploads\/00.jpg 640w\" sizes=\"(max-width: 300px) 100vw, 300px\" \/><\/a>El pr\u00f3ximo viernes, 18 de febrero, a las 20 h., tendr\u00e1 lugar el estreno del documental \u00abAlberto S\u00e1nchez. La proyecci\u00f3n de los sue\u00f1os\u00bb, en el Sal\u00f3n de Actos de la CAI (Paseo Independencia, 10). La entrada es libre.<\/p>\n<p>La presentaci\u00f3n del acto correr\u00e1 a cargo de Antonio Abad, director del Servicio Cultural CAI, Julio S\u00e1nchez Mill\u00e1n, fot\u00f3grafo y cineasta, y Vicky Calavia, realizadora del documental.<\/p>\n<p><a href=\"http:\/\/sanchezmillan.blogspot.com\/\" target=\"_blank\" rel=\"noopener\">http:\/\/sanchezmillan.blogspot.com\/<\/a><\/p>\n","protected":false},"excerpt":{"rendered":"<p>El pr\u00f3ximo viernes, 18 de febrero, a las 20 h., tendr\u00e1 lugar el estreno del documental \u00abAlberto S\u00e1nchez. La proyecci\u00f3n de los sue\u00f1os\u00bb, en el Sal\u00f3n de Actos de la CAI (Paseo Independencia, 10). La entrada es libre.<\/p>\n","protected":false},"author":1,"featured_media":3944,"comment_status":"open","ping_status":"open","sticky":false,"template":"","format":"standard","meta":{"_acf_changed":false,"footnotes":""},"categories":[394,6],"tags":[830],"serie":[],"class_list":["post-3943","post","type-post","status-publish","format-standard","has-post-thumbnail","hentry","category-agenda","category-cultura","tag-alberto-sanchez"],"acf":[],"yoast_head":"<!-- This site is optimized with the Yoast SEO plugin v26.1.1 - https:\/\/yoast.com\/wordpress\/plugins\/seo\/ -->\n<title>Estreno del documental \u201cAlberto S\u00e1nchez. La proyecci\u00f3n de los sue\u00f1os\u201d - Andal\u00e1n.es<\/title>\n<meta name=\"robots\" content=\"index, follow, max-snippet:-1, max-image-preview:large, max-video-preview:-1\" \/>\n<link rel=\"canonical\" href=\"https:\/\/www.andalan.es\/?p=3943\" \/>\n<meta property=\"og:locale\" content=\"es_ES\" \/>\n<meta property=\"og:type\" content=\"article\" \/>\n<meta property=\"og:title\" content=\"Estreno del documental \u201cAlberto S\u00e1nchez. La proyecci\u00f3n de los sue\u00f1os\u201d - Andal\u00e1n.es\" \/>\n<meta property=\"og:description\" content=\"El pr\u00f3ximo viernes, 18 de febrero, a las 20 h., tendr\u00e1 lugar el estreno del documental &quot;Alberto S\u00e1nchez. La proyecci\u00f3n de los sue\u00f1os&quot;, en el Sal\u00f3n de Actos de la CAI (Paseo Independencia, 10). La entrada es libre.\" \/>\n<meta property=\"og:url\" content=\"https:\/\/www.andalan.es\/?p=3943\" \/>\n<meta property=\"og:site_name\" content=\"Andal\u00e1n.es\" \/>\n<meta property=\"article:published_time\" content=\"2011-02-17T17:39:23+00:00\" \/>\n<meta property=\"article:modified_time\" content=\"2022-03-02T16:03:03+00:00\" \/>\n<meta property=\"og:image\" content=\"https:\/\/www.andalan.es\/wp-content\/uploads\/00.jpg\" \/>\n\t<meta property=\"og:image:width\" content=\"640\" \/>\n\t<meta property=\"og:image:height\" content=\"479\" \/>\n\t<meta property=\"og:image:type\" content=\"image\/jpeg\" \/>\n<meta name=\"author\" content=\"Andal\u00e1n\" \/>\n<meta name=\"twitter:card\" content=\"summary_large_image\" \/>\n<meta name=\"twitter:label1\" content=\"Escrito por\" \/>\n\t<meta name=\"twitter:data1\" content=\"Andal\u00e1n\" \/>\n<script type=\"application\/ld+json\" class=\"yoast-schema-graph\">{\"@context\":\"https:\/\/schema.org\",\"@graph\":[{\"@type\":\"WebPage\",\"@id\":\"https:\/\/www.andalan.es\/?p=3943\",\"url\":\"https:\/\/www.andalan.es\/?p=3943\",\"name\":\"Estreno del documental \u201cAlberto S\u00e1nchez. La proyecci\u00f3n de los sue\u00f1os\u201d - Andal\u00e1n.es\",\"isPartOf\":{\"@id\":\"https:\/\/www.andalan.es\/#website\"},\"primaryImageOfPage\":{\"@id\":\"https:\/\/www.andalan.es\/?p=3943#primaryimage\"},\"image\":{\"@id\":\"https:\/\/www.andalan.es\/?p=3943#primaryimage\"},\"thumbnailUrl\":\"https:\/\/www.andalan.es\/wp-content\/uploads\/00.jpg\",\"datePublished\":\"2011-02-17T17:39:23+00:00\",\"dateModified\":\"2022-03-02T16:03:03+00:00\",\"author\":{\"@id\":\"https:\/\/www.andalan.es\/#\/schema\/person\/d91b6ba549757f41431f8d99ed604c79\"},\"breadcrumb\":{\"@id\":\"https:\/\/www.andalan.es\/?p=3943#breadcrumb\"},\"inLanguage\":\"es\",\"potentialAction\":[{\"@type\":\"ReadAction\",\"target\":[\"https:\/\/www.andalan.es\/?p=3943\"]}]},{\"@type\":\"ImageObject\",\"inLanguage\":\"es\",\"@id\":\"https:\/\/www.andalan.es\/?p=3943#primaryimage\",\"url\":\"https:\/\/www.andalan.es\/wp-content\/uploads\/00.jpg\",\"contentUrl\":\"https:\/\/www.andalan.es\/wp-content\/uploads\/00.jpg\",\"width\":640,\"height\":479},{\"@type\":\"BreadcrumbList\",\"@id\":\"https:\/\/www.andalan.es\/?p=3943#breadcrumb\",\"itemListElement\":[{\"@type\":\"ListItem\",\"position\":1,\"name\":\"andal\u00e1n.es\",\"item\":\"https:\/\/www.andalan.es\/\"},{\"@type\":\"ListItem\",\"position\":2,\"name\":\"Estreno del documental \u201cAlberto S\u00e1nchez. La proyecci\u00f3n de los sue\u00f1os\u201d\"}]},{\"@type\":\"WebSite\",\"@id\":\"https:\/\/www.andalan.es\/#website\",\"url\":\"https:\/\/www.andalan.es\/\",\"name\":\"Andal\u00e1n.es\",\"description\":\"Andal\u00e1n.es\",\"potentialAction\":[{\"@type\":\"SearchAction\",\"target\":{\"@type\":\"EntryPoint\",\"urlTemplate\":\"https:\/\/www.andalan.es\/?s={search_term_string}\"},\"query-input\":{\"@type\":\"PropertyValueSpecification\",\"valueRequired\":true,\"valueName\":\"search_term_string\"}}],\"inLanguage\":\"es\"},{\"@type\":\"Person\",\"@id\":\"https:\/\/www.andalan.es\/#\/schema\/person\/d91b6ba549757f41431f8d99ed604c79\",\"name\":\"Andal\u00e1n\",\"url\":\"https:\/\/www.andalan.es\/?author=1\"}]}<\/script>\n<!-- \/ Yoast SEO plugin. -->","yoast_head_json":{"title":"Estreno del documental \u201cAlberto S\u00e1nchez. La proyecci\u00f3n de los sue\u00f1os\u201d - Andal\u00e1n.es","robots":{"index":"index","follow":"follow","max-snippet":"max-snippet:-1","max-image-preview":"max-image-preview:large","max-video-preview":"max-video-preview:-1"},"canonical":"https:\/\/www.andalan.es\/?p=3943","og_locale":"es_ES","og_type":"article","og_title":"Estreno del documental \u201cAlberto S\u00e1nchez. La proyecci\u00f3n de los sue\u00f1os\u201d - Andal\u00e1n.es","og_description":"El pr\u00f3ximo viernes, 18 de febrero, a las 20 h., tendr\u00e1 lugar el estreno del documental \"Alberto S\u00e1nchez. La proyecci\u00f3n de los sue\u00f1os\", en el Sal\u00f3n de Actos de la CAI (Paseo Independencia, 10). La entrada es libre.","og_url":"https:\/\/www.andalan.es\/?p=3943","og_site_name":"Andal\u00e1n.es","article_published_time":"2011-02-17T17:39:23+00:00","article_modified_time":"2022-03-02T16:03:03+00:00","og_image":[{"width":640,"height":479,"url":"https:\/\/www.andalan.es\/wp-content\/uploads\/00.jpg","type":"image\/jpeg"}],"author":"Andal\u00e1n","twitter_card":"summary_large_image","twitter_misc":{"Escrito por":"Andal\u00e1n"},"schema":{"@context":"https:\/\/schema.org","@graph":[{"@type":"WebPage","@id":"https:\/\/www.andalan.es\/?p=3943","url":"https:\/\/www.andalan.es\/?p=3943","name":"Estreno del documental \u201cAlberto S\u00e1nchez. La proyecci\u00f3n de los sue\u00f1os\u201d - Andal\u00e1n.es","isPartOf":{"@id":"https:\/\/www.andalan.es\/#website"},"primaryImageOfPage":{"@id":"https:\/\/www.andalan.es\/?p=3943#primaryimage"},"image":{"@id":"https:\/\/www.andalan.es\/?p=3943#primaryimage"},"thumbnailUrl":"https:\/\/www.andalan.es\/wp-content\/uploads\/00.jpg","datePublished":"2011-02-17T17:39:23+00:00","dateModified":"2022-03-02T16:03:03+00:00","author":{"@id":"https:\/\/www.andalan.es\/#\/schema\/person\/d91b6ba549757f41431f8d99ed604c79"},"breadcrumb":{"@id":"https:\/\/www.andalan.es\/?p=3943#breadcrumb"},"inLanguage":"es","potentialAction":[{"@type":"ReadAction","target":["https:\/\/www.andalan.es\/?p=3943"]}]},{"@type":"ImageObject","inLanguage":"es","@id":"https:\/\/www.andalan.es\/?p=3943#primaryimage","url":"https:\/\/www.andalan.es\/wp-content\/uploads\/00.jpg","contentUrl":"https:\/\/www.andalan.es\/wp-content\/uploads\/00.jpg","width":640,"height":479},{"@type":"BreadcrumbList","@id":"https:\/\/www.andalan.es\/?p=3943#breadcrumb","itemListElement":[{"@type":"ListItem","position":1,"name":"andal\u00e1n.es","item":"https:\/\/www.andalan.es\/"},{"@type":"ListItem","position":2,"name":"Estreno del documental \u201cAlberto S\u00e1nchez. La proyecci\u00f3n de los sue\u00f1os\u201d"}]},{"@type":"WebSite","@id":"https:\/\/www.andalan.es\/#website","url":"https:\/\/www.andalan.es\/","name":"Andal\u00e1n.es","description":"Andal\u00e1n.es","potentialAction":[{"@type":"SearchAction","target":{"@type":"EntryPoint","urlTemplate":"https:\/\/www.andalan.es\/?s={search_term_string}"},"query-input":{"@type":"PropertyValueSpecification","valueRequired":true,"valueName":"search_term_string"}}],"inLanguage":"es"},{"@type":"Person","@id":"https:\/\/www.andalan.es\/#\/schema\/person\/d91b6ba549757f41431f8d99ed604c79","name":"Andal\u00e1n","url":"https:\/\/www.andalan.es\/?author=1"}]}},"_links":{"self":[{"href":"https:\/\/www.andalan.es\/index.php?rest_route=\/wp\/v2\/posts\/3943","targetHints":{"allow":["GET"]}}],"collection":[{"href":"https:\/\/www.andalan.es\/index.php?rest_route=\/wp\/v2\/posts"}],"about":[{"href":"https:\/\/www.andalan.es\/index.php?rest_route=\/wp\/v2\/types\/post"}],"author":[{"embeddable":true,"href":"https:\/\/www.andalan.es\/index.php?rest_route=\/wp\/v2\/users\/1"}],"replies":[{"embeddable":true,"href":"https:\/\/www.andalan.es\/index.php?rest_route=%2Fwp%2Fv2%2Fcomments&post=3943"}],"version-history":[{"count":5,"href":"https:\/\/www.andalan.es\/index.php?rest_route=\/wp\/v2\/posts\/3943\/revisions"}],"predecessor-version":[{"id":17145,"href":"https:\/\/www.andalan.es\/index.php?rest_route=\/wp\/v2\/posts\/3943\/revisions\/17145"}],"wp:featuredmedia":[{"embeddable":true,"href":"https:\/\/www.andalan.es\/index.php?rest_route=\/wp\/v2\/media\/3944"}],"wp:attachment":[{"href":"https:\/\/www.andalan.es\/index.php?rest_route=%2Fwp%2Fv2%2Fmedia&parent=3943"}],"wp:term":[{"taxonomy":"category","embeddable":true,"href":"https:\/\/www.andalan.es\/index.php?rest_route=%2Fwp%2Fv2%2Fcategories&post=3943"},{"taxonomy":"post_tag","embeddable":true,"href":"https:\/\/www.andalan.es\/index.php?rest_route=%2Fwp%2Fv2%2Ftags&post=3943"},{"taxonomy":"serie","embeddable":true,"href":"https:\/\/www.andalan.es\/index.php?rest_route=%2Fwp%2Fv2%2Fserie&post=3943"}],"curies":[{"name":"wp","href":"https:\/\/api.w.org\/{rel}","templated":true}]}}