{"id":7651,"date":"2013-05-09T06:21:32","date_gmt":"2013-05-09T05:21:32","guid":{"rendered":"http:\/\/www.andalan.es\/?p=7651"},"modified":"2022-03-02T17:04:08","modified_gmt":"2022-03-02T16:04:08","slug":"por-las-azules-aguas-del-egeo","status":"publish","type":"post","link":"https:\/\/www.andalan.es\/?p=7651","title":{"rendered":"Por las azules aguas del Egeo"},"content":{"rendered":"<blockquote>\n<p style=\"text-align: left;\" align=\"center\"><b><i>\u201cAl comienzo Eurinom\u00e9. diosa de Todas las Cosas, emergi\u00f3 del caos, pero no encontr\u00f3 nada consistentedonde posar sus pies; por ese motivo separ\u00f3 la mar del cielo y , solitaria, danz\u00f3 sobre las aguas\u201d<\/p>\n<p><\/i><\/b><b><i>R Graves. Los mitos griegos<\/i><\/b><\/p>\n<\/blockquote>\n<p style=\"text-align: left;\" align=\"center\"><b><i>Tras la primera semana por tierras hel\u00e9nicas me voy impregnando de la fuerza oculta de esta adorable tierra. Es como\u00a0 el canto de la tierra de Mahler. Me transmite los efluvios de lejanas y grandiosas creaciones art\u00edsticas, que piden sosiego y reflexi\u00f3n para acercarse a ellas. Y las islas llaman al viajero, por ese mar de la civilizaci\u00f3n y acude a mi mente ese viaje desde Turqu\u00eda a Sicilia que realiz\u00f3 Ulises- el viaje a \u00cdtaca. La odisea es mi compa\u00f1ero de viaje.<\/i><\/b><\/p>\n<p><b><i>\u00a0<\/i><\/b><\/p>\n<div id=\"attachment_7652\" style=\"width: 450px\" class=\"wp-caption alignright\"><img decoding=\"async\" aria-describedby=\"caption-attachment-7652\" class=\" wp-image-7652\" alt=\"Esculapio de Ampurias\" src=\"http:\/\/www.andalan.es\/wp-content\/uploads\/1.Esculapio-de-Ampurias-.jpg\" width=\"440\" height=\"671\" srcset=\"https:\/\/www.andalan.es\/wp-content\/uploads\/1.Esculapio-de-Ampurias--98x150.jpg 98w, https:\/\/www.andalan.es\/wp-content\/uploads\/1.Esculapio-de-Ampurias--196x300.jpg 196w, https:\/\/www.andalan.es\/wp-content\/uploads\/1.Esculapio-de-Ampurias--400x610.jpg 400w, https:\/\/www.andalan.es\/wp-content\/uploads\/1.Esculapio-de-Ampurias-.jpg 550w\" sizes=\"(max-width: 440px) 100vw, 440px\" \/><p id=\"caption-attachment-7652\" class=\"wp-caption-text\">Esculapio de Ampurias<\/p><\/div>\n<p>Ayer volv\u00ed a <b>Micenas<\/b> con su puerta de los leones y una piedra de 120 toneladas, si no recuerdo mal. Coincid\u00ed con un grupo de profesores argentinos muy versados en poes\u00eda buc\u00f3lica griega.<\/p>\n<p>En <b>Epidauro<\/b> volv\u00ed a impresionarme con su anfiteatro y su magn\u00edfica ac\u00fastica por cuyas piedras se han deslizado voces como las de Mar\u00eda Callas, Montserrat Cabelle y Jos\u00e9 Carreras.<\/p>\n<p>El clima de primavera es excepcional\u00a0 recuerda\u00a0 la vibraci\u00f3n de la media monta\u00f1a pirenaica. El dios Esculapio supo elegir bien el lugar para\u00a0 sus pacientes y unas t\u00e9cnicas y remedios que tambi\u00e9n iban dirigidas al coraz\u00f3n.<\/p>\n<p>&nbsp;<\/p>\n<p><b>TEMPLOS DE ESCULAPIO<\/b><\/p>\n<p>Los templos dedicados a Esculapio tenian,ba\u00f1os patios y alamedas.En el centro estaba el templo dedicado a Esculapio adornado con obras de arte y otros tesoros.Al lado el abaton donde los peregrinos se retiraban para ser visitados por el dios en sue\u00f1os.Algunos\u00a0 tenian ba\u00f1os, posadas y gimnasios.La terap\u00e9utica se basaba en la sugesti\u00f3n e interpretaci\u00f3n de los sue\u00f1os, curas f\u00edsicas y clim\u00e1ticas, purificaciones y diet\u00e9tica. Creo que practicaba una buena medicina psicosom\u00e1tica. Quiz\u00e1 nuestros balnearios tienen muchas cosas comunes.<\/p>\n<p>Seg\u00fan las inscripciones Esculapio curaba la par\u00e1lisis,la epilepsia, la ceguera, la calvicie, la hidropes\u00eda, las heridas, las cefaleas, la esterilidad, las lombrices, la tuberculosis, la dispepsia,la gota y proteg\u00eda la salud de la familia.<\/p>\n<p>.<\/p>\n<p>&nbsp;<\/p>\n<p><b>HACIA LAS ISLAS <\/b><\/p>\n<p><b>\u00a0<\/b><\/p>\n<blockquote>\n<p align=\"center\"><b><i>\u00a0\u00a0 \u00a0\u00a0\u00a0\u00a0\u00a0\u00a0\u00a0\u00a0 Dios bendiga las generosas islas<\/i><\/b><\/p>\n<p align=\"center\"><b><i>\u00a0\u00a0\u00a0\u00a0\u00a0\u00a0\u00a0\u00a0\u00a0\u00a0 \u00a0a donde no llegan \u00f3rdenes de captura<\/i><\/b><\/p>\n<p align=\"center\"><b><i>\u00a0\u00a0\u00a0\u00a0\u00a0\u00a0 \u00a0\u00a0\u00a0\u00a0\u00a0\u00a0\u00a0\u00a0\u00a0\u00a0\u00a0\u00a0\u00a0\u00a0\u00a0\u00a0\u00a0\u00a0\u00a0\u00a0\u00a0\u00a0\u00a0\u00a0\u00a0\u00a0\u00a0 Dios bendiga las justas rep\u00fablicas<\/i><\/b><\/p>\n<p align=\"center\"><b><i>\u00a0\u00a0\u00a0\u00a0\u00a0\u00a0\u00a0\u00a0\u00a0\u00a0\u00a0 que dan hogar a un hombre<\/i><\/b><\/p>\n<p><b>\u00a0\u00a0\u00a0\u00a0\u00a0\u00a0\u00a0\u00a0\u00a0\u00a0\u00a0\u00a0\u00a0\u00a0\u00a0\u00a0\u00a0\u00a0\u00a0\u00a0\u00a0\u00a0\u00a0\u00a0\u00a0\u00a0\u00a0\u00a0\u00a0\u00a0\u00a0\u00a0\u00a0\u00a0\u00a0\u00a0\u00a0\u00a0\u00a0\u00a0\u00a0\u00a0\u00a0\u00a0\u00a0\u00a0\u00a0\u00a0\u00a0\u00a0\u00a0\u00a0\u00a0\u00a0\u00a0\u00a0\u00a0\u00a0\u00a0\u00a0\u00a0\u00a0\u00a0\u00a0\u00a0\u00a0\u00a0\u00a0\u00a0\u00a0 Rudyard Kipling<\/b><\/p><\/blockquote>\n<p><b><i>\u00a0<\/i><\/b><\/p>\n<p>Quiero pasar unos d\u00edas porlas\u00a0 islas pr\u00f3ximas. Si me enamoro de alguna me quedar\u00e9 all\u00ed.<\/p>\n<div id=\"attachment_7653\" style=\"width: 413px\" class=\"wp-caption alignright\"><img decoding=\"async\" aria-describedby=\"caption-attachment-7653\" class=\" wp-image-7653 \" alt=\"Hermes o Mercurio de Giambologna\" src=\"http:\/\/www.andalan.es\/wp-content\/uploads\/3-Hermes-o-Mercurio-de-Giambologna--504x1024.jpg\" width=\"403\" height=\"819\" srcset=\"https:\/\/www.andalan.es\/wp-content\/uploads\/3-Hermes-o-Mercurio-de-Giambologna--147x300.jpg 147w, https:\/\/www.andalan.es\/wp-content\/uploads\/3-Hermes-o-Mercurio-de-Giambologna--504x1024.jpg 504w, https:\/\/www.andalan.es\/wp-content\/uploads\/3-Hermes-o-Mercurio-de-Giambologna-.jpg 700w\" sizes=\"(max-width: 403px) 100vw, 403px\" \/><p id=\"caption-attachment-7653\" class=\"wp-caption-text\">Hermes o Mercurio de Giambologna<\/p><\/div>\n<p>El barco se llama Hermes, dios asociado a m\u00faltiples actividades, desde el comercio a la medicina y que tantos escultores han inmortalizado. Tambi\u00e9n Juan Abad\u00eda, maestro de dibujo de Santiago Ram\u00f3n y Cajal, lo tiene representado en el encantador comercio de \u201cLa confianza\u201d en la plaza L\u00f3pez Allu\u00e9 de Huesca.<\/p>\n<p>El barco zarpar\u00e1 a las 12. El mar est\u00e1 acompa\u00f1ado por una ligera bruma. Pronto se despeja y copia el l\u00edmpido color del cielo.<\/p>\n<p>El ambiente del puerto es de mercado: pescados, frutos de tierra, pistachos.Gente sonriente y muy dicharachera.<\/p>\n<p>El golfo sar\u00f3nico es una delicia azul, con puntos blancos en la lejan\u00eda. Me sumerjo en esta atm\u00f3sfera on\u00edrica y voy tomando notas y apuntes.<\/p>\n<p>Una se\u00f1ora uniformada, que parece azafata o relaciones p\u00fablicas del barco, se acerca y con gran delicadeza me pide permiso para sentarse en mi mesa, con su hija-Jara- ya que le ha sorprendido verme escribir y dibujar en mi \u201ccuaderno de bit\u00e1cora\u201d. Me pregunta si viajo solo y pide permiso para hojear \u201cLa Odisea\u201d de editorial C\u00e1tedra, que viaja conmigo y est\u00e1 sobre la mesa.<\/p>\n<p>&#8211;<i>Un gran libro, tiene usted en sus manos. Yo lo he le\u00eddo varias veces. Me diplom\u00e9 en\u00a0 cultura mitol\u00f3gica griega y soy\u00a0 gu\u00eda tur\u00edstica.<\/i><\/p>\n<p>Dos gaviotas se acercan mucho al barco y Nikolai se acerca a la barandilla de popa.<\/p>\n<p>&#8211;<i>Es que quieren leer lo que usted escribe..<\/i>.<\/p>\n<p>Un camarero solicitado por la azafata , me invita a un caf\u00e9 griego, que hay que beberlo \u201ccon mucho ruido\u201d<\/p>\n<p>Jara ha conseguido que su hija se siente con nosotros frente a un gran helado rosa que le ha abierto los ojos desmesuradamente. Se llama Nikolai y tiene 6 a\u00f1os.<\/p>\n<p><i>El mito de <b>Sisifo<\/b> de la Odisea fue rescatado por Freud. Hab\u00eda cometido mil pecados\u00a0\u00a0 como de secuestrar a Tanatos de modo que nadie mor\u00eda en aquellos tiempos sobre la tierra \u00a1vaya drama!. Al final Ares liber\u00f3 a Tanatos y S\u00edsifo fue condenado a elevar una roca a la cima de una enorme roca a la cima de una colina, y al final volv\u00eda siempre a su lugar de origen. Albert Camus se inspir\u00f3 en este mito para su obra literaria.<\/i><\/p>\n<p>Jara habla a Nikolai (en griego) y a mi (en espa\u00f1ol) de <b>Silvano<\/b>, dios nemoroso y campestre. <i>De las <b>sirenas<\/b> que enamoraban a los navegantes de este mar y eran muy peligrosas. Ulises supo resistir la tentaci\u00f3n. De <b>Siringa<\/b> supo resistir el acoso de Pan, y se encomend\u00f3 a las ninfas fluviales que la transformaron en ca\u00f1a de r\u00edo. Pan hizo de su ca\u00f1a una flauta y se llam\u00f3 flauta de Pan.<\/i><\/p>\n<p>El gran helado de Nikolai se ha terminado. No se si ha formado en mitolog\u00eda\u00a0 pero la copa ha quedado limpia, limpia.<\/p>\n<p><i>-Adios . Se\u00f1or.Muchas gracias,Sobre todo por amar tanto La Odisea, que es amar a nuestro pais.<\/i><\/p>\n<p>-Adios Jara. Adios Nikolai.<\/p>\n<p>&nbsp;<\/p>\n<p>He le\u00eddo que un pa\u00eds sin leyendas se morir\u00eda de fr\u00edo y un pueblo sin mitos est\u00e1 muerto. Son los fundamentales historias de la tribu que ofrecen a sus creyentes, una interpretaci\u00f3n del sentido del mundo. El ser humano aspira esperanza y consuelo y el mito lo ofrece. Nos han llegado bellos mitos que tienen la altura de los sue\u00f1os de los humanos: <b>Prometeo, Edipo, Medea, Orfeo.<\/b><\/p>\n<p>&nbsp;<\/p>\n<div id=\"attachment_7654\" style=\"width: 410px\" class=\"wp-caption aligncenter\"><img decoding=\"async\" aria-describedby=\"caption-attachment-7654\" class=\"size-full wp-image-7654\" alt=\"Homero de Philipppe Laurent del Museo del Louvre\" src=\"http:\/\/www.andalan.es\/wp-content\/uploads\/2-.Homero-de-Philipppe-Laurent-del-Museo-del-Louvre-.jpg\" width=\"400\" height=\"598\" srcset=\"https:\/\/www.andalan.es\/wp-content\/uploads\/2-.Homero-de-Philipppe-Laurent-del-Museo-del-Louvre--100x150.jpg 100w, https:\/\/www.andalan.es\/wp-content\/uploads\/2-.Homero-de-Philipppe-Laurent-del-Museo-del-Louvre--200x300.jpg 200w, https:\/\/www.andalan.es\/wp-content\/uploads\/2-.Homero-de-Philipppe-Laurent-del-Museo-del-Louvre-.jpg 400w\" sizes=\"(max-width: 400px) 100vw, 400px\" \/><p id=\"caption-attachment-7654\" class=\"wp-caption-text\">Homero de Philipppe Laurent del Museo del Louvre<\/p><\/div>\n<p><b>\u00a0<\/b><\/p>\n<p>&nbsp;<\/p>\n<p><b>ISLA DE HYDRA:<\/b><\/p>\n<div id=\"attachment_7655\" style=\"width: 310px\" class=\"wp-caption alignright\"><img decoding=\"async\" aria-describedby=\"caption-attachment-7655\" class=\"size-medium wp-image-7655\" alt=\"Isla de Hydra\" src=\"http:\/\/www.andalan.es\/wp-content\/uploads\/4-Isla-de-Hydra-300x225.jpg\" width=\"300\" height=\"225\" srcset=\"https:\/\/www.andalan.es\/wp-content\/uploads\/4-Isla-de-Hydra-150x112.jpg 150w, https:\/\/www.andalan.es\/wp-content\/uploads\/4-Isla-de-Hydra-200x150.jpg 200w, https:\/\/www.andalan.es\/wp-content\/uploads\/4-Isla-de-Hydra-300x225.jpg 300w, https:\/\/www.andalan.es\/wp-content\/uploads\/4-Isla-de-Hydra-400x300.jpg 400w, https:\/\/www.andalan.es\/wp-content\/uploads\/4-Isla-de-Hydra.jpg 500w\" sizes=\"(max-width: 300px) 100vw, 300px\" \/><p id=\"caption-attachment-7655\" class=\"wp-caption-text\">Isla de Hydra<\/p><\/div>\n<p>He parado en varias islas pero Hidra me muerde el coraz\u00f3n. Es la isla culminante de mi recorrido. La alfombra azul, el centelleo vibrante, el dialogo sosegado con las olas que se acercan <i>\u201cdialogando buenas y bellas noticias\u201d<\/i> como dijo un poeta. La bruma de los mitos, el deseo, el sue\u00f1o, el recuerdo, el rito del mar, la magia. Y despu\u00e9s el silencio terso del mar azul.<\/p>\n<p>No hay coches en la isla. Caminan muchos burros. Un gato me visita y se deja acariciar mientras come un buen trozo de pescado que ha salido de mi plato.<\/p>\n<p>La bah\u00eda es hermosa. Recuerdo la de Port Lligat en Cadaqu\u00e9s y aquel rinc\u00f3n\u00a0 mar que se viste muchos d\u00edas con su l\u00e1mina plateada.<\/p>\n<p>Me quedar\u00e9 unos d\u00edas mirando el mar. Quiz\u00e1 sue\u00f1e esta noche con Poseid\u00f3n, dios de las aguas.<\/p>\n<blockquote><p><i>\u00abPronto Poseidon\u00a0 baj\u00f3 del escarpado monte con ligera planta; las altas colinas y las selvas temblaban bajo los pies inmortales, mientras el dios iba andando. Dio 3 pasos y al cuarto lleg\u00f3 a su destino, a Egas; all\u00ed en las profundidades del mar ten\u00eda palacios magn\u00edficos de oro, resplandecientes e indestructibles. Luego que hubo llegado unci\u00f3 al carro un par de corceles de cascos de bronce y aureas crines que volaban ligeros y seguidamente envolvi\u00f3 su cuerpo con dorada t\u00fanica, tom\u00f3 el l\u00e1tigo de oro hecho con arte, subi\u00f3 al carro y lo gui\u00f3 por encima de las olas. Debajo saltaban los cet\u00e1ceos\u00a0 que sal\u00edan de sus\u00a0\u00a0 \u00a0latebras\u00a0 reconociendo al rey; el mar abr\u00eda gozoso sus aguas y los \u00e1giles caballos con apresurado vuelo, sin dejar que el\u00a0 eje\u00a0 se mojara conduc\u00edan a Poseidon hacia\u00a0\u00a0 las naves\u00a0 aqueas\u201d\u00a0\u00a0\u00a0\u00a0\u00a0\u00a0\u00a0\u00a0<\/i><\/p><\/blockquote>\n<p>&nbsp;<\/p>\n<div id=\"attachment_7656\" style=\"width: 480px\" class=\"wp-caption aligncenter\"><img decoding=\"async\" aria-describedby=\"caption-attachment-7656\" class=\"size-full wp-image-7656\" alt=\"Poseidon de Artemision\" src=\"http:\/\/www.andalan.es\/wp-content\/uploads\/5-Posidon-de-Artemision.jpg\" width=\"470\" height=\"595\" srcset=\"https:\/\/www.andalan.es\/wp-content\/uploads\/5-Posidon-de-Artemision-118x150.jpg 118w, https:\/\/www.andalan.es\/wp-content\/uploads\/5-Posidon-de-Artemision-236x300.jpg 236w, https:\/\/www.andalan.es\/wp-content\/uploads\/5-Posidon-de-Artemision-400x506.jpg 400w, https:\/\/www.andalan.es\/wp-content\/uploads\/5-Posidon-de-Artemision.jpg 470w\" sizes=\"(max-width: 470px) 100vw, 470px\" \/><p id=\"caption-attachment-7656\" class=\"wp-caption-text\">Poseidon de Artemision<\/p><\/div>\n<p><i>\u00a0\u00a0\u00a0 <\/i><\/p>\n","protected":false},"excerpt":{"rendered":"<p>Tras la primera semana por tierras hel\u00e9nicas me voy impregnando de la fuerza oculta de esta adorable tierra. Es como  el canto de la tierra de Mahler. Me transmite los efluvios de lejanas y grandiosas creaciones art\u00edsticas, que piden sosiego y reflexi\u00f3n para acercarse a ellas. Y las islas llaman al viajero, por ese mar de la civilizaci\u00f3n y acude a mi mente ese viaje desde Turqu\u00eda a Sicilia que realiz\u00f3 Ulises- el viaje a \u00cdtaca. La odisea es mi compa\u00f1ero de viaje.<\/p>\n","protected":false},"author":1,"featured_media":7655,"comment_status":"open","ping_status":"open","sticky":false,"template":"","format":"standard","meta":{"_acf_changed":false,"footnotes":""},"categories":[1358],"tags":[499],"serie":[7672],"class_list":["post-7651","post","type-post","status-publish","format-standard","has-post-thumbnail","hentry","category-lugares-personas-ideas","tag-grecia","serie-joaquin-callabed"],"acf":[],"yoast_head":"<!-- This site is optimized with the Yoast SEO plugin v26.1.1 - https:\/\/yoast.com\/wordpress\/plugins\/seo\/ -->\n<title>Por las azules aguas del Egeo - Andal\u00e1n.es<\/title>\n<meta name=\"robots\" content=\"index, follow, max-snippet:-1, max-image-preview:large, max-video-preview:-1\" \/>\n<link rel=\"canonical\" href=\"https:\/\/www.andalan.es\/?p=7651\" \/>\n<meta property=\"og:locale\" content=\"es_ES\" \/>\n<meta property=\"og:type\" content=\"article\" \/>\n<meta property=\"og:title\" content=\"Por las azules aguas del Egeo - Andal\u00e1n.es\" \/>\n<meta property=\"og:description\" content=\"Tras la primera semana por tierras hel\u00e9nicas me voy impregnando de la fuerza oculta de esta adorable tierra. Es como el canto de la tierra de Mahler. Me transmite los efluvios de lejanas y grandiosas creaciones art\u00edsticas, que piden sosiego y reflexi\u00f3n para acercarse a ellas. Y las islas llaman al viajero, por ese mar de la civilizaci\u00f3n y acude a mi mente ese viaje desde Turqu\u00eda a Sicilia que realiz\u00f3 Ulises- el viaje a \u00cdtaca. La odisea es mi compa\u00f1ero de viaje.\" \/>\n<meta property=\"og:url\" content=\"https:\/\/www.andalan.es\/?p=7651\" \/>\n<meta property=\"og:site_name\" content=\"Andal\u00e1n.es\" \/>\n<meta property=\"article:published_time\" content=\"2013-05-09T05:21:32+00:00\" \/>\n<meta property=\"article:modified_time\" content=\"2022-03-02T16:04:08+00:00\" \/>\n<meta property=\"og:image\" content=\"https:\/\/www.andalan.es\/wp-content\/uploads\/4-Isla-de-Hydra.jpg\" \/>\n\t<meta property=\"og:image:width\" content=\"500\" \/>\n\t<meta property=\"og:image:height\" content=\"375\" \/>\n\t<meta property=\"og:image:type\" content=\"image\/jpeg\" \/>\n<meta name=\"author\" content=\"Andal\u00e1n\" \/>\n<meta name=\"twitter:card\" content=\"summary_large_image\" \/>\n<meta name=\"twitter:label1\" content=\"Escrito por\" \/>\n\t<meta name=\"twitter:data1\" content=\"Andal\u00e1n\" \/>\n\t<meta name=\"twitter:label2\" content=\"Tiempo de lectura\" \/>\n\t<meta name=\"twitter:data2\" content=\"7 minutos\" \/>\n<script type=\"application\/ld+json\" class=\"yoast-schema-graph\">{\"@context\":\"https:\/\/schema.org\",\"@graph\":[{\"@type\":\"WebPage\",\"@id\":\"https:\/\/www.andalan.es\/?p=7651\",\"url\":\"https:\/\/www.andalan.es\/?p=7651\",\"name\":\"Por las azules aguas del Egeo - Andal\u00e1n.es\",\"isPartOf\":{\"@id\":\"https:\/\/www.andalan.es\/#website\"},\"primaryImageOfPage\":{\"@id\":\"https:\/\/www.andalan.es\/?p=7651#primaryimage\"},\"image\":{\"@id\":\"https:\/\/www.andalan.es\/?p=7651#primaryimage\"},\"thumbnailUrl\":\"https:\/\/www.andalan.es\/wp-content\/uploads\/4-Isla-de-Hydra.jpg\",\"datePublished\":\"2013-05-09T05:21:32+00:00\",\"dateModified\":\"2022-03-02T16:04:08+00:00\",\"author\":{\"@id\":\"https:\/\/www.andalan.es\/#\/schema\/person\/d91b6ba549757f41431f8d99ed604c79\"},\"breadcrumb\":{\"@id\":\"https:\/\/www.andalan.es\/?p=7651#breadcrumb\"},\"inLanguage\":\"es\",\"potentialAction\":[{\"@type\":\"ReadAction\",\"target\":[\"https:\/\/www.andalan.es\/?p=7651\"]}]},{\"@type\":\"ImageObject\",\"inLanguage\":\"es\",\"@id\":\"https:\/\/www.andalan.es\/?p=7651#primaryimage\",\"url\":\"https:\/\/www.andalan.es\/wp-content\/uploads\/4-Isla-de-Hydra.jpg\",\"contentUrl\":\"https:\/\/www.andalan.es\/wp-content\/uploads\/4-Isla-de-Hydra.jpg\",\"width\":500,\"height\":375},{\"@type\":\"BreadcrumbList\",\"@id\":\"https:\/\/www.andalan.es\/?p=7651#breadcrumb\",\"itemListElement\":[{\"@type\":\"ListItem\",\"position\":1,\"name\":\"andal\u00e1n.es\",\"item\":\"https:\/\/www.andalan.es\/\"},{\"@type\":\"ListItem\",\"position\":2,\"name\":\"Por las azules aguas del Egeo\"}]},{\"@type\":\"WebSite\",\"@id\":\"https:\/\/www.andalan.es\/#website\",\"url\":\"https:\/\/www.andalan.es\/\",\"name\":\"Andal\u00e1n.es\",\"description\":\"Andal\u00e1n.es\",\"potentialAction\":[{\"@type\":\"SearchAction\",\"target\":{\"@type\":\"EntryPoint\",\"urlTemplate\":\"https:\/\/www.andalan.es\/?s={search_term_string}\"},\"query-input\":{\"@type\":\"PropertyValueSpecification\",\"valueRequired\":true,\"valueName\":\"search_term_string\"}}],\"inLanguage\":\"es\"},{\"@type\":\"Person\",\"@id\":\"https:\/\/www.andalan.es\/#\/schema\/person\/d91b6ba549757f41431f8d99ed604c79\",\"name\":\"Andal\u00e1n\",\"url\":\"https:\/\/www.andalan.es\/?author=1\"}]}<\/script>\n<!-- \/ Yoast SEO plugin. -->","yoast_head_json":{"title":"Por las azules aguas del Egeo - Andal\u00e1n.es","robots":{"index":"index","follow":"follow","max-snippet":"max-snippet:-1","max-image-preview":"max-image-preview:large","max-video-preview":"max-video-preview:-1"},"canonical":"https:\/\/www.andalan.es\/?p=7651","og_locale":"es_ES","og_type":"article","og_title":"Por las azules aguas del Egeo - Andal\u00e1n.es","og_description":"Tras la primera semana por tierras hel\u00e9nicas me voy impregnando de la fuerza oculta de esta adorable tierra. Es como el canto de la tierra de Mahler. Me transmite los efluvios de lejanas y grandiosas creaciones art\u00edsticas, que piden sosiego y reflexi\u00f3n para acercarse a ellas. Y las islas llaman al viajero, por ese mar de la civilizaci\u00f3n y acude a mi mente ese viaje desde Turqu\u00eda a Sicilia que realiz\u00f3 Ulises- el viaje a \u00cdtaca. La odisea es mi compa\u00f1ero de viaje.","og_url":"https:\/\/www.andalan.es\/?p=7651","og_site_name":"Andal\u00e1n.es","article_published_time":"2013-05-09T05:21:32+00:00","article_modified_time":"2022-03-02T16:04:08+00:00","og_image":[{"width":500,"height":375,"url":"https:\/\/www.andalan.es\/wp-content\/uploads\/4-Isla-de-Hydra.jpg","type":"image\/jpeg"}],"author":"Andal\u00e1n","twitter_card":"summary_large_image","twitter_misc":{"Escrito por":"Andal\u00e1n","Tiempo de lectura":"7 minutos"},"schema":{"@context":"https:\/\/schema.org","@graph":[{"@type":"WebPage","@id":"https:\/\/www.andalan.es\/?p=7651","url":"https:\/\/www.andalan.es\/?p=7651","name":"Por las azules aguas del Egeo - Andal\u00e1n.es","isPartOf":{"@id":"https:\/\/www.andalan.es\/#website"},"primaryImageOfPage":{"@id":"https:\/\/www.andalan.es\/?p=7651#primaryimage"},"image":{"@id":"https:\/\/www.andalan.es\/?p=7651#primaryimage"},"thumbnailUrl":"https:\/\/www.andalan.es\/wp-content\/uploads\/4-Isla-de-Hydra.jpg","datePublished":"2013-05-09T05:21:32+00:00","dateModified":"2022-03-02T16:04:08+00:00","author":{"@id":"https:\/\/www.andalan.es\/#\/schema\/person\/d91b6ba549757f41431f8d99ed604c79"},"breadcrumb":{"@id":"https:\/\/www.andalan.es\/?p=7651#breadcrumb"},"inLanguage":"es","potentialAction":[{"@type":"ReadAction","target":["https:\/\/www.andalan.es\/?p=7651"]}]},{"@type":"ImageObject","inLanguage":"es","@id":"https:\/\/www.andalan.es\/?p=7651#primaryimage","url":"https:\/\/www.andalan.es\/wp-content\/uploads\/4-Isla-de-Hydra.jpg","contentUrl":"https:\/\/www.andalan.es\/wp-content\/uploads\/4-Isla-de-Hydra.jpg","width":500,"height":375},{"@type":"BreadcrumbList","@id":"https:\/\/www.andalan.es\/?p=7651#breadcrumb","itemListElement":[{"@type":"ListItem","position":1,"name":"andal\u00e1n.es","item":"https:\/\/www.andalan.es\/"},{"@type":"ListItem","position":2,"name":"Por las azules aguas del Egeo"}]},{"@type":"WebSite","@id":"https:\/\/www.andalan.es\/#website","url":"https:\/\/www.andalan.es\/","name":"Andal\u00e1n.es","description":"Andal\u00e1n.es","potentialAction":[{"@type":"SearchAction","target":{"@type":"EntryPoint","urlTemplate":"https:\/\/www.andalan.es\/?s={search_term_string}"},"query-input":{"@type":"PropertyValueSpecification","valueRequired":true,"valueName":"search_term_string"}}],"inLanguage":"es"},{"@type":"Person","@id":"https:\/\/www.andalan.es\/#\/schema\/person\/d91b6ba549757f41431f8d99ed604c79","name":"Andal\u00e1n","url":"https:\/\/www.andalan.es\/?author=1"}]}},"_links":{"self":[{"href":"https:\/\/www.andalan.es\/index.php?rest_route=\/wp\/v2\/posts\/7651","targetHints":{"allow":["GET"]}}],"collection":[{"href":"https:\/\/www.andalan.es\/index.php?rest_route=\/wp\/v2\/posts"}],"about":[{"href":"https:\/\/www.andalan.es\/index.php?rest_route=\/wp\/v2\/types\/post"}],"author":[{"embeddable":true,"href":"https:\/\/www.andalan.es\/index.php?rest_route=\/wp\/v2\/users\/1"}],"replies":[{"embeddable":true,"href":"https:\/\/www.andalan.es\/index.php?rest_route=%2Fwp%2Fv2%2Fcomments&post=7651"}],"version-history":[{"count":3,"href":"https:\/\/www.andalan.es\/index.php?rest_route=\/wp\/v2\/posts\/7651\/revisions"}],"predecessor-version":[{"id":17240,"href":"https:\/\/www.andalan.es\/index.php?rest_route=\/wp\/v2\/posts\/7651\/revisions\/17240"}],"wp:featuredmedia":[{"embeddable":true,"href":"https:\/\/www.andalan.es\/index.php?rest_route=\/wp\/v2\/media\/7655"}],"wp:attachment":[{"href":"https:\/\/www.andalan.es\/index.php?rest_route=%2Fwp%2Fv2%2Fmedia&parent=7651"}],"wp:term":[{"taxonomy":"category","embeddable":true,"href":"https:\/\/www.andalan.es\/index.php?rest_route=%2Fwp%2Fv2%2Fcategories&post=7651"},{"taxonomy":"post_tag","embeddable":true,"href":"https:\/\/www.andalan.es\/index.php?rest_route=%2Fwp%2Fv2%2Ftags&post=7651"},{"taxonomy":"serie","embeddable":true,"href":"https:\/\/www.andalan.es\/index.php?rest_route=%2Fwp%2Fv2%2Fserie&post=7651"}],"curies":[{"name":"wp","href":"https:\/\/api.w.org\/{rel}","templated":true}]}}